{"id":23121,"date":"2025-01-04T09:00:46","date_gmt":"2025-01-04T08:00:46","guid":{"rendered":"https:\/\/www.generationsanstabac.org\/?post_type=actualites&#038;p=23121"},"modified":"2025-01-02T11:23:16","modified_gmt":"2025-01-02T10:23:16","slug":"leradication-du-tabagisme-passe-par-lelimination-de-son-industrie","status":"publish","type":"actualites","link":"https:\/\/www.generationsanstabac.org\/en\/actualites\/leradication-du-tabagisme-passe-par-lelimination-de-son-industrie\/","title":{"rendered":"Eradicating smoking requires eliminating the smoking industry"},"content":{"rendered":"<p style=\"text-align: justify\"><em>Un article publi\u00e9 dans la revue Tobacco Control estime que l\u2019\u00e9radication du tabagisme est un objectif urgent et r\u00e9alisable, \u00e0 condition de consid\u00e9rer que celle-ci passe avant tout par l\u2019\u00e9limination de l\u2019industrie du tabac, d\u00e9crit comme le principal agent pathog\u00e8ne de d\u2019\u00e9pid\u00e9mie tabagique responsable de huit millions de d\u00e9c\u00e8s annuels dans le monde<a href=\"#_ftn1\" name=\"_ftnref1\"><strong>[1]<\/strong><\/a>. <\/em><\/p>\n<h2 style=\"text-align: justify\"><strong>Le secteur tabac, principal agent pathog\u00e8ne d\u2019une \u00e9pid\u00e9mie industrielle<\/strong><\/h2>\n<p style=\"text-align: justify\">En termes \u00e9pid\u00e9miologiques, l\u2019\u00e9radication renvoie \u00e0 l\u2019\u00e9limination d\u2019une maladie ou d\u2019une \u00e9pid\u00e9mie jusqu\u2019\u00e0 la disparition de l\u2019agent pathog\u00e8ne. De ce point de vue, le tabac \u00e9tant consid\u00e9r\u00e9 comme une \u00e9pid\u00e9mie industrielle, l\u2019industrie du tabac peut \u00eatre consid\u00e9r\u00e9e comme un agent pathog\u00e8ne d\u2019origine humaine, dont l\u2019\u00e9limination est n\u00e9cessaire pour parvenir \u00e0 une \u00e9radication du tabac. Une autre conception du probl\u00e8me avance que certains produits du tabac seraient les principaux agents pathog\u00e8nes, \u00e0 commencer par les cigarettes. Toutefois, une telle approche centr\u00e9e sur le produit, g\u00e9n\u00e9ralement promue par l\u2019industrie du tabac, permet \u00e0 cette derni\u00e8re de se positionner comme un acteur l\u00e9gitime pouvant proposer des solutions cr\u00e9dibles au probl\u00e8me sanitaire pos\u00e9, \u00e0 travers le d\u00e9veloppement d\u2019alternatives, qu\u2019il s\u2019agisse du filtre des cigarettes, des cigarettes \u00ab\u00a0l\u00e9g\u00e8res\u00a0\u00bb ou encore du tabac \u00e0 chauffer. Au-del\u00e0 du fait que ces nouvelles g\u00e9n\u00e9rations de produits ne se traduisent pas par une r\u00e9duction de leur nocivit\u00e9, positionner le produit du tabac plut\u00f4t que son fabricant comme principal agent pathog\u00e8ne \u00e9lude la responsabilit\u00e9 syst\u00e9mique de l\u2019industrie du tabac dans la diffusion et le maintien de la d\u00e9pendance tabagique, et dans les d\u00e9g\u00e2ts sanitaires, environnementaux, \u00e9conomique et sociaux qui en r\u00e9sultent. Autrement dit, l\u2019interrogation sur les causes du tabagisme doit imp\u00e9rativement chercher \u00e0 en en d\u00e9terminer les facteurs structurels, c\u2019est-\u00e0-dire les d\u00e9terminants sociaux, culturels, mais \u00e9galement commerciaux de la sant\u00e9, davantage que de consid\u00e9rer le tabagisme \u00e0 travers le prisme de la responsabilit\u00e9 individuelle,<\/p>\n<h2 style=\"text-align: justify\"><strong>Industrialisation du tabac et colonisation en Australie\u00a0: des d\u00e9g\u00e2ts sanitaires encore perceptibles<\/strong><\/h2>\n<p style=\"text-align: justify\">En Australie, l\u2019\u00e9radication du tabagisme entre en coh\u00e9rence avec les objectifs d\u2019une reconqu\u00eate de souverainet\u00e9 par les populations autochtones. En effet, la colonisation de l\u2019Australie par les europ\u00e9ens s\u2019est traduite par une industrialisation du tabac, ce dernier passant d\u2019une plante sacr\u00e9e \u00e0 une culture de plantation \u00e0 grande \u00e9chelle, induisant une production de masse d\u2019un produit modifi\u00e9 visant notamment \u00e0 en augmenter l\u2019addictivit\u00e9. Au-del\u00e0 de vider la signification spirituelle et culturelle originelle de la plante de tabac, la colonisation et l\u2019industrialisation ont d\u00e9multipli\u00e9 les d\u00e9g\u00e2ts sanitaires aupr\u00e8s de la population autochtone. Encore aujourd\u2019hui, les populations autochtones se caract\u00e9risent par des niveaux de tabagisme plus \u00e9lev\u00e9s que la moyenne nationale. Pour autant, une r\u00e9cente \u00e9tude montre un soutien appuy\u00e9 de ces derni\u00e8res, en particulier des Maoris, en faveur d\u2019une r\u00e9glementation plus stricte du tabagisme et de l\u2019industrie du tabac.<\/p>\n<h2 style=\"text-align: justify\"><strong>L\u2019\u00e9radication du tabagisme, un objectif r\u00e9alisable<\/strong><\/h2>\n<p style=\"text-align: justify\">En d\u00e9pit d\u2019une opposition virulente de l\u2019industrie du tabac \u00e0 la mise en place de politiques de sant\u00e9 publique, les auteurs estiment que l\u2019\u00e9radication du tabagisme, y compris \u00e0 l\u2019\u00e9chelle internationale, est un objectif r\u00e9alisable. Le r\u00f4le avant-gardiste et de \u00ab\u00a0brise-glace\u00a0\u00bb de certains pays est \u00e0 ce titre essentiel, pour d\u00e9montrer que l\u2019instauration de dispositions protectrices de la sant\u00e9 publique sont r\u00e9alisables, en particulier du point de vue juridique. Ainsi, la promulgation de l\u2019interdiction de la publicit\u00e9 pour les produits du tabac en 1973 par la Norv\u00e8ge s\u2019est traduite, par la suite, par un effet de cha\u00eene dans le monde entier, tout comme, plus r\u00e9cemment, l\u2019adoption du paquet neutre en Australie d\u00e8s 2012 a cr\u00e9\u00e9 un pr\u00e9c\u00e9dent pour de nombreuses juridictions, notamment en France. Plusieurs mesures sont pr\u00e9sent\u00e9es par les auteurs comme pouvant participer \u00e0 l\u2019\u00e9radication du tabagisme\u00a0:<\/p>\n<ul>\n<li style=\"text-align: justify\">Une augmentation forte et continue de la taxation du tabac, et une affectation des recettes fiscales aux politiques de sant\u00e9 publique\u00a0;<\/li>\n<li style=\"text-align: justify\">Une r\u00e9duction du nombre de points de vente au d\u00e9tail pour les produits du tabac et de la nicotine\u00a0;<\/li>\n<li style=\"text-align: justify\">Un renforcement de la r\u00e9glementation des produits du tabac et de la nicotine, notamment une forte diminution de leur teneur en nicotine\u00a0;<\/li>\n<li style=\"text-align: justify\">L\u2019introduction d\u2019une interdiction progressive de la vente de tabac, \u00e0 partir d\u2019une g\u00e9n\u00e9ration\u00a0;<\/li>\n<li style=\"text-align: justify\">Le recours \u00e0 des actions en justice au p\u00e9nal contre l\u2019industrie du tabac, ses dirigeants et membres des conseils d\u2019administration, responsables des d\u00e9g\u00e2ts occasionn\u00e9s par leur activit\u00e9\u00a0;<\/li>\n<li style=\"text-align: justify\">La d\u00e9normalisation l\u2019industrie du tabac aupr\u00e8s des acteurs \u00e9conomiques, pouvant notamment se traduire par un retrait de cotation, et l\u2019exclusion de l\u2019industrie du tabac de certains investissements (\u00e9thiques, environnementaux, etc.)\u00a0;<\/li>\n<li style=\"text-align: justify\">La dissolution et le d\u00e9mant\u00e8lement de l\u2019industrie du tabac peut enfin \u00eatre envisag\u00e9e en fonction de la faisabilit\u00e9 juridique de chaque pays. Les auteurs soulignent \u00e9galement la possibilit\u00e9 de transf\u00e9rer la production, la distribution et la vente de tabac \u00e0 une entit\u00e9 gouvernementale \u00e0 but non lucratif, tout en mettant en place des garde-fous stricts pour contraindre \u00e0 une diminution de la consommation tabagique.<\/li>\n<\/ul>\n<p style=\"text-align: justify\"><strong style=\"text-align: justify\"><a href=\"https:\/\/www.generationsanstabac.org\/\">\u00a9G\u00e9n\u00e9ration Sans Tabac<\/a><\/strong><\/p>\n<p style=\"text-align: right\"><strong><em>FT<\/em><\/strong><\/p>\n<hr \/>\n<p><a href=\"#_ftnref1\" name=\"_ftn1\">[1]<\/a> Maddox\u00a0R,\u00a0Telford\u00a0RM,\u00a0Waa\u00a0A<em>, et al<\/em>, Eradication of commercial tobacco related disease and death <em>Tobacco Control\u00a0<\/em>Published Online First:\u00a027 December 2024.\u00a0doi:\u00a010.1136\/tc-2023-058547<\/p>\n<p><span style=\"color: #999999\"><strong><a style=\"color: #999999\" href=\"http:\/\/www.cnct.fr\/\" target=\"_blank\" rel=\"noopener noreferrer\">Comit\u00e9 national contre le tabagisme |<\/a><\/strong><\/span><\/p>\n","protected":false},"excerpt":{"rendered":"<p>An article published in the journal Tobacco Control considers that the eradication of smoking is an urgent and achievable goal, provided that it is considered that it passes first and foremost by the elimination of the tobacco industry, described as the principal pathogenic agent of the tobacco epidemic responsible for eight million annual deaths in the world.<\/p>","protected":false},"featured_media":23124,"template":"","tags":[],"thematique":[491],"class_list":["post-23121","actualites","type-actualites","status-publish","has-post-thumbnail","hentry","thematique-politiques-publiques"],"acf":[],"_links":{"self":[{"href":"https:\/\/www.generationsanstabac.org\/en\/wp-json\/wp\/v2\/actualites\/23121","targetHints":{"allow":["GET"]}}],"collection":[{"href":"https:\/\/www.generationsanstabac.org\/en\/wp-json\/wp\/v2\/actualites"}],"about":[{"href":"https:\/\/www.generationsanstabac.org\/en\/wp-json\/wp\/v2\/types\/actualites"}],"version-history":[{"count":0,"href":"https:\/\/www.generationsanstabac.org\/en\/wp-json\/wp\/v2\/actualites\/23121\/revisions"}],"wp:featuredmedia":[{"embeddable":true,"href":"https:\/\/www.generationsanstabac.org\/en\/wp-json\/wp\/v2\/media\/23124"}],"wp:attachment":[{"href":"https:\/\/www.generationsanstabac.org\/en\/wp-json\/wp\/v2\/media?parent=23121"}],"wp:term":[{"taxonomy":"post_tag","embeddable":true,"href":"https:\/\/www.generationsanstabac.org\/en\/wp-json\/wp\/v2\/tags?post=23121"},{"taxonomy":"thematique","embeddable":true,"href":"https:\/\/www.generationsanstabac.org\/en\/wp-json\/wp\/v2\/thematique?post=23121"}],"curies":[{"name":"wp","href":"https:\/\/api.w.org\/{rel}","templated":true}]}}