{"id":23084,"date":"2024-12-27T09:00:01","date_gmt":"2024-12-27T08:00:01","guid":{"rendered":"https:\/\/www.generationsanstabac.org\/?post_type=actualites&#038;p=23084"},"modified":"2024-12-23T15:05:59","modified_gmt":"2024-12-23T14:05:59","slug":"allemagne-inquietudes-concernant-la-consommation-des-sachets-de-nicotine-par-les-adolescents","status":"publish","type":"actualites","link":"https:\/\/www.generationsanstabac.org\/en\/actualites\/allemagne-inquietudes-concernant-la-consommation-des-sachets-de-nicotine-par-les-adolescents\/","title":{"rendered":"Germany: Concerns over teenagers&#039; use of nicotine pouches"},"content":{"rendered":"<p style=\"text-align: justify\"><em>Les r\u00e9sultats r\u00e9cents du DAK-Pr\u00e4ventionsradar (Caisse national d\u2019assurance maladie) r\u00e9v\u00e8lent une tendance pr\u00e9occupante chez les adolescents allemands : environ un \u00e9l\u00e8ve sur sept, \u00e2g\u00e9 de 16 \u00e0 17 ans, a d\u00e9j\u00e0 exp\u00e9riment\u00e9 les sachets de nicotine. Cette pratique est plus r\u00e9pandue chez les gar\u00e7ons que chez les filles. <\/em><\/p>\n<p style=\"text-align: justify\">Environ 12 700 enfants et adolescents \u00e2g\u00e9s de 9 \u00e0 17 ans ont \u00e9t\u00e9 interrog\u00e9s sur leurs comportements en mati\u00e8re de sant\u00e9 en 2022 et 2023. L&rsquo;enqu\u00eate a \u00e9t\u00e9 men\u00e9e dans 14 L\u00e4nder par des enseignants au sein de 83 \u00e9coles, repr\u00e9sentant 927 classes et ce, \u00e0 l&rsquo;aide de questionnaires<a href=\"#_ftn1\" name=\"_ftnref1\">[1]<\/a>.<\/p>\n<h2 style=\"text-align: justify\"><strong>Une consommation d\u00e9j\u00e0 tr\u00e8s \u00e9lev\u00e9e chez les \u00e9l\u00e8ves<\/strong><\/h2>\n<p style=\"text-align: justify\">Selon l\u2019enqu\u00eate, 5,4% des enfants et adolescents interrog\u00e9s ont consomm\u00e9 au moins une fois des sachets de nicotine (gar\u00e7ons : 6,3%, filles : 3,5%). Chez les 16-17 ans, pr\u00e8s de 15 % des \u00e9l\u00e8ves interrog\u00e9s ont d\u00e9clar\u00e9 avoir d\u00e9j\u00e0 essay\u00e9 ces produits. Parmi eux, 5 % ont indiqu\u00e9 en consommer r\u00e9guli\u00e8rement.<\/p>\n<p style=\"text-align: justify\">Les autorit\u00e9s sanitaires mettent en garde contre les dangers de ces produits. Le professeur Reiner Hanewinkel de l&rsquo;Institut f\u00fcr Therapie- und Gesundheitsforschung souligne que le potentiel de d\u00e9pendance de la nicotine est extr\u00eamement \u00e9lev\u00e9, surtout \u00e0 un jeune \u00e2ge. Une consommation pr\u00e9coce peut perturber le d\u00e9veloppement du cerveau et les taux tr\u00e8s \u00e9lev\u00e9s de nicotine contenue dans ces produits peuvent entra\u00eener des effets ind\u00e9sirables tels que maux de t\u00eate, \u00e9tourdissements, palpitations cardiaques et naus\u00e9es. \u00a0De plus, la pr\u00e9sence possible de substances canc\u00e9rig\u00e8nes dans ces produits est pr\u00e9occupante.<\/p>\n<p style=\"text-align: justify\">Le <a href=\"https:\/\/www.dak.de\/dak\/gesundheit\/psychische-gesundheit\/sucht\/nikotinbeutel_87164\">rapport<\/a> souligne que les sachets de nicotine sont particuli\u00e8rement attractifs pour les jeunes en raison de leur marketing cibl\u00e9, souvent associ\u00e9 \u00e0 des ar\u00f4mes fruit\u00e9s et \u00e0 un design moderne. Cette strat\u00e9gie commerciale masque les risques sanitaires r\u00e9els et la perception de la nocivit\u00e9 et du caract\u00e8re addictog\u00e8ne de ces produits. Les donn\u00e9es montrent \u00e9galement que 60 % des jeunes interrog\u00e9s ayant essay\u00e9 ces produits d\u00e9clarent les avoir obtenus via des amis ou des connaissances, tandis que 25 % les ont achet\u00e9s en ligne alors que ces produits sont normalement interdits dans le pays.<\/p>\n<h2 style=\"text-align: justify\"><strong>Une co-consommation des produits de la nicotine par les adolescents<\/strong><\/h2>\n<p style=\"text-align: justify\">L&rsquo;\u00e9tude r\u00e9v\u00e8le \u00e9galement que presque tous les enfants et adolescents qui ont d\u00e9j\u00e0 consomm\u00e9 des sachets de nicotine ont aussi exp\u00e9riment\u00e9 d&rsquo;autres produits contenant de la nicotine comme les cigarettes, les cigarettes \u00e9lectroniques ou les narguil\u00e9s. \u00c0 partir de l&rsquo;\u00e2ge de 13 ans, cette co-consommation augmente de mani\u00e8re significative.<\/p>\n<p style=\"text-align: justify\">Les r\u00e9sultats montrent en outre que les \u00e9l\u00e8ves issus de milieux socio-\u00e9conomiques d\u00e9favoris\u00e9s consomment encore davantage de sachets de nicotine. Ainsi, les \u00e9l\u00e8ves scolaris\u00e9s dans des \u00e9tablissements scolaires g\u00e9n\u00e9raux (Gymnasium) consomment moins ces produits que les \u00e9l\u00e8ves ou jeunes dans des fili\u00e8res plus professionnelles (Haupt \u2013 Realschulen).<\/p>\n<h2 style=\"text-align: justify\"><strong>Des produits toxiques interdits \u00e0 la vente en Allemagne<\/strong><\/h2>\n<p style=\"text-align: justify\">Les associations de sant\u00e9 publique appellent \u00e0 une action imm\u00e9diate pour \u00e9tablir des r\u00e8gles strictes concernant la vente et la publicit\u00e9 de ces produits. <em>\u00ab Nous sommes confront\u00e9s \u00e0 une nouvelle \u00e9pid\u00e9mie de d\u00e9pendance \u00e0 la nicotine chez les jeunes, \u00bb<\/em> d\u00e9plore un porte-parole de la DAK. Depuis 2021, les sachets de nicotine rel\u00e8vent en Allemagne de la loi sur les denr\u00e9es alimentaires et ne peuvent plus \u00eatre vendus l\u00e9galement en raison de leur forte teneur en nicotine. N\u00e9anmoins, des sachets de nicotine sont propos\u00e9s \u00e0 la vente dans de nombreux kiosques \u00e0 travers le pays et sur Internet.<\/p>\n<p style=\"text-align: justify\">En 2022, l\u2019Institut f\u00e9d\u00e9ral allemand pour l\u2019\u00e9valuation des risques<a href=\"#_ftn2\" name=\"_ftnref2\">[2]<\/a> avait analys\u00e9 46 marques de sachets de nicotine commercialis\u00e9es par vingt producteurs diff\u00e9rents et les r\u00e9sultats avaient montr\u00e9s des taux de nicotine variant de 1,79 mg \u00e0 47,5 mg\/sachet. Les analyses avaient \u00e9galement montr\u00e9 la pr\u00e9sence de nitrosamines sp\u00e9cifiques du tabac, dont certaines sont canc\u00e9rig\u00e8nes (NNN, NNK), sous forme de traces dans 26 des produits test\u00e9s et quantifiables dans 17 d\u2019entre eux. Une analyse en laboratoire men\u00e9e en France par le Comit\u00e9 national contre le tabagisme et l\u2019INC\/60 millions de consommateurs<a href=\"#_ftn3\" name=\"_ftnref3\">[3]<\/a> sur 7 r\u00e9f\u00e9rences diff\u00e9rentes a montr\u00e9 la pr\u00e9sence de m\u00e9taux lourds comme de l\u2019arsenic et du plomb dans les produits. Les deux organismes ont demand\u00e9 leur interdiction imm\u00e9diate en France \u00e0 l\u2019instar de la Belgique et des Pays-Bas.<\/p>\n<p style=\"text-align: justify\"><strong><a href=\"https:\/\/www.generationsanstabac.org\/\">\u00a9G\u00e9n\u00e9ration Sans Tabac<\/a><\/strong><\/p>\n<p style=\"text-align: right\"><strong><em>AE<\/em><\/strong><\/p>\n<hr \/>\n<p style=\"text-align: justify\"><a href=\"#_ftnref1\" name=\"_ftn1\">[1]<\/a> Communiqu\u00e9, <a href=\"https:\/\/www.dak.de\/presse\/bundesthemen\/kinder-jugendgesundheit\/jeder-siebte-schueler-hat-schon-nikotinbeutel-probiert_87414\">Jeder siebte Sch\u00fcler hat schon Nikotinbeutel probiert<\/a>, DAK, publi\u00e9 le 18 d\u00e9cembre 2024, consult\u00e9 le 20 d\u00e9cembre 2024<\/p>\n<p style=\"text-align: justify\"><a href=\"#_ftnref2\" name=\"_ftn2\">[2]<\/a> G\u00e9n\u00e9ration sans tabac, <a href=\"https:\/\/www.generationsanstabac.org\/fr\/actualites\/traces-de-nitrosamines-et-taux-importants-de-nicotine-dans-les-pouches\/#:~:text=Une%20%C3%A9tude%20allemande%20ind%C3%A9pendante%20de,de%20nitrosamines%20sp%C3%A9cifiques%20du%20tabac.\">Traces de nitrosamines et taux importants de nicotine dans les pouches<\/a>, publi\u00e9 le 16 ao\u00fbt 2022, consult\u00e9 le 20 d\u00e9cembre 2024<\/p>\n<p style=\"text-align: justify\"><a href=\"#_ftnref3\" name=\"_ftn3\">[3]<\/a> Communiqu\u00e9, <a href=\"https:\/\/cnct.fr\/communiques\/le-cnct-et-linc-60-millions-de-consommateurs-devoilent-les-resultats-de-leur-etude-du-plomb-et-de-larsenic-retrouves-dans-les-sachets-de-nicotine\/\">Le CNCT et l\u2019INC\/60 Millions de consommateurs d\u00e9voilent les r\u00e9sultats de leur \u00e9tude : du plomb et de l\u2019arsenic retrouv\u00e9s dans les sachets de nicotine<\/a>, CNCT, publi\u00e9 le 10 d\u00e9cembre 2024, consult\u00e9 le 20 d\u00e9cembre 2024<\/p>\n<p><span style=\"color: #999999\"><strong><a style=\"color: #999999\" href=\"http:\/\/www.cnct.fr\/\" target=\"_blank\" rel=\"noopener noreferrer\">Comit\u00e9 national contre le tabagisme |<\/a><\/strong><\/span><\/p>\n","protected":false},"excerpt":{"rendered":"<p>Recent results from the DAK-Pr\u00e4ventionsradar (National Health Insurance Fund) reveal a worrying trend among German adolescents: around one in seven pupils aged 16 to 17 have already experimented with nicotine pouches. This practice is more widespread among boys than among girls.<\/p>","protected":false},"featured_media":22995,"template":"","tags":[],"thematique":[474],"class_list":["post-23084","actualites","type-actualites","status-publish","has-post-thumbnail","hentry","thematique-sante"],"acf":[],"_links":{"self":[{"href":"https:\/\/www.generationsanstabac.org\/en\/wp-json\/wp\/v2\/actualites\/23084","targetHints":{"allow":["GET"]}}],"collection":[{"href":"https:\/\/www.generationsanstabac.org\/en\/wp-json\/wp\/v2\/actualites"}],"about":[{"href":"https:\/\/www.generationsanstabac.org\/en\/wp-json\/wp\/v2\/types\/actualites"}],"version-history":[{"count":0,"href":"https:\/\/www.generationsanstabac.org\/en\/wp-json\/wp\/v2\/actualites\/23084\/revisions"}],"wp:featuredmedia":[{"embeddable":true,"href":"https:\/\/www.generationsanstabac.org\/en\/wp-json\/wp\/v2\/media\/22995"}],"wp:attachment":[{"href":"https:\/\/www.generationsanstabac.org\/en\/wp-json\/wp\/v2\/media?parent=23084"}],"wp:term":[{"taxonomy":"post_tag","embeddable":true,"href":"https:\/\/www.generationsanstabac.org\/en\/wp-json\/wp\/v2\/tags?post=23084"},{"taxonomy":"thematique","embeddable":true,"href":"https:\/\/www.generationsanstabac.org\/en\/wp-json\/wp\/v2\/thematique?post=23084"}],"curies":[{"name":"wp","href":"https:\/\/api.w.org\/{rel}","templated":true}]}}