{"id":22903,"date":"2024-11-26T09:00:49","date_gmt":"2024-11-26T08:00:49","guid":{"rendered":"https:\/\/www.generationsanstabac.org\/?post_type=actualites&#038;p=22903"},"modified":"2024-11-25T15:39:54","modified_gmt":"2024-11-25T14:39:54","slug":"nouvelle-zelande-tabac-en-baisse-mais-inquietude-face-au-vapotage-des-jeunes","status":"publish","type":"actualites","link":"https:\/\/www.generationsanstabac.org\/en\/actualites\/nouvelle-zelande-tabac-en-baisse-mais-inquietude-face-au-vapotage-des-jeunes\/","title":{"rendered":"New Zealand: Tobacco down, but concerns about youth vaping"},"content":{"rendered":"<p style=\"text-align: justify\"><em>En Nouvelle-Z\u00e9lande, les taux de tabagisme quotidien ont atteint un plancher historique, mais les autorit\u00e9s doivent d\u00e9sormais faire face \u00e0 un d\u00e9fi grandissant : l\u2019augmentation rapide du vapotage, en particulier chez les jeunes. Selon l&rsquo;enqu\u00eate annuelle sur la sant\u00e9, le taux de tabagisme quotidien s&rsquo;est stabilis\u00e9 \u00e0 6,9 % en 2023\/24, contre 16,4 % en 2011\/12. Cependant, la pr\u00e9valence quotidienne du vapotage a grimp\u00e9 \u00e0 11,1 %, contre seulement 0,9 % lors de sa premi\u00e8re mesure en 2015\/16<a href=\"#_ftn1\" name=\"_ftnref1\">[1]<\/a>. Parmi les jeunes \u00e2g\u00e9s de 15 \u00e0 17 ans et de 18 \u00e0 24 ans, le vapotage progresse plus rapidement que la baisse du tabagisme, ce qui alimente les pr\u00e9occupations des autorit\u00e9s. Pour Casey Costello, ministre en charge de la Sant\u00e9, il est urgent de recentrer les efforts pour atteindre l\u2019objectif Smokefree 2025<a href=\"#_ftn2\" name=\"_ftnref2\">[2]<\/a>.<\/em><\/p>\n<h2 style=\"text-align: justify\"><strong>Des progr\u00e8s in\u00e9gaux selon les populations<\/strong><\/h2>\n<p style=\"text-align: justify\">En d\u00e9pit des difficult\u00e9s, des r\u00e9sultats significatifs ont \u00e9t\u00e9 tout particuli\u00e8rement obtenus aupr\u00e8s de certaines cat\u00e9gories de la population. Ainsi le taux de tabagisme chez les M\u0101ori a \u00e9t\u00e9 r\u00e9duit de moiti\u00e9 en cinq ans, un progr\u00e8s remarquable, bien que des efforts cibl\u00e9s soient encore n\u00e9cessaires pour poursuivre la baisse au sein de cette communaut\u00e9 et au sein des populations pacifiques. Le tabagisme quotidien chez les jeunes est extr\u00eamement faible, avec moins de 1 % de consommateurs dans la tranche d\u2019\u00e2ge des 15-17 ans et 4,2 % des 18-24 ans qui fument quotidiennement. Cette baisse traduit un changement g\u00e9n\u00e9rationnel<a href=\"#_ftn3\" name=\"_ftnref3\">[3]<\/a>.<\/p>\n<p style=\"text-align: justify\">Cependant, les disparit\u00e9s persistent. Les communaut\u00e9s vivant dans des quartiers d\u00e9favoris\u00e9s affichent encore des taux de tabagisme plus \u00e9lev\u00e9s (13,9 % contre 2,5 % dans les quartiers les plus riches), et le vapotage y gagne \u00e9galement du terrain.<\/p>\n<h2 style=\"text-align: justify\"><strong>Une r\u00e9glementation en \u00e9volution et la poursuite de mesures efficaces<\/strong><\/h2>\n<p style=\"text-align: justify\">Pour faire face \u00e0 ces \u00e9volutions, le gouvernement n\u00e9o-z\u00e9landais pr\u00e9voit de renforcer le cadre r\u00e9glementaire concernant les produits nicotiniques, incluant une meilleure surveillance de ceux-ci et des mesures contre le march\u00e9 noir.<\/p>\n<p style=\"text-align: justify\">\u00c0 cette \u00e9volution de la r\u00e9glementation concernant les produits du vapotage s\u2019ajoute la poursuite de mesures concernant le tabac stricto sensu. Ainsi, une augmentation des taxes sur le tabac, approuv\u00e9e par le cabinet, entrera en vigueur le 1<sup>er<\/sup> janvier 2025, avec une hausse de 2,23 %.<\/p>\n<p style=\"text-align: justify\">Mme Costello annonce \u00e9galement l\u2019arriv\u00e9e d\u2019un nouveau plan d\u2019action Smokefree, ax\u00e9 sur l\u2019extension des services d\u2019aide \u00e0 l\u2019arr\u00eat du tabac et une mobilisation accrue des professionnels de sant\u00e9 pour orienter les fumeurs vers ces services.<\/p>\n<h2 style=\"text-align: justify\"><strong>L\u2019essor du vapotage : un d\u00e9fi mondial<\/strong><\/h2>\n<p style=\"text-align: justify\">L\u2019essor du vapotage est une r\u00e9alit\u00e9 point\u00e9e par un nombre croissant de pays. L\u2019Organisation mondiale de la sant\u00e9 alerte sur ses effets nocifs, insistant sur la pr\u00e9sence de produits chimiques dangereux et sur le risque de d\u00e9pendance \u00e0 la nicotine. En Nouvelle-Z\u00e9lande, le vapotage est particuli\u00e8rement marqu\u00e9 chez les jeunes, o\u00f9 le vapotage a d\u00e9pass\u00e9 le tabagisme quotidien dans toutes les cat\u00e9gories d\u2019\u00e2ge jusqu\u2019\u00e0 44 ans.<\/p>\n<h2 style=\"text-align: justify\"><strong>Un objectif \u00e0 port\u00e9e de main, mais des efforts \u00e0 intensifier<\/strong><\/h2>\n<p style=\"text-align: justify\">Pour atteindre Smokefree 2025, la Nouvelle-Z\u00e9lande doit encore convaincre 80 000 fumeurs d\u2019arr\u00eater. Bien que l\u2019objectif soit ambitieux, les autorit\u00e9s estiment que les pr\u00e9c\u00e9dentes ann\u00e9es ont montr\u00e9 qu\u2019un tel objectif est atteignable. En concentrant davantage les efforts sur des politiques coh\u00e9rentes et un soutien adapt\u00e9 aux populations les plus concern\u00e9es, le pays aspire \u00e0 devenir une r\u00e9f\u00e9rence mondiale dans la lutte contre le tabagisme.<\/p>\n<p><strong><a href=\"https:\/\/www.generationsanstabac.org\/\">\u00a9G\u00e9n\u00e9ration Sans Tabac<\/a><\/strong><\/p>\n<p style=\"text-align: right\"><strong><em>RK<\/em><\/strong><\/p>\n<hr \/>\n<p style=\"text-align: justify\"><a href=\"#_ftnref1\" name=\"_ftn1\">[1]<\/a> <a href=\"https:\/\/www.health.govt.nz\/statistics-research\/surveys\/new-zealand-health-survey\/publications\/202324-survey-publications\/trends-in-smoking-and-vaping\">https:\/\/www.health.govt.nz\/statistics-research\/surveys\/new-zealand-health-survey\/publications\/202324-survey-publications\/trends-in-smoking-and-vaping<\/a> (consult\u00e9 le 20\/11\/2024)<\/p>\n<p style=\"text-align: justify\"><a href=\"#_ftnref2\" name=\"_ftn2\">[2]<\/a> <a href=\"https:\/\/www.rnz.co.nz\/news\/political\/534219\/daily-smoking-rates-flat-line-youth-vaping-keeps-rising-nz-health-survey\">https:\/\/www.rnz.co.nz\/news\/political\/534219\/daily-smoking-rates-flat-line-youth-vaping-keeps-rising-nz-health-survey<\/a> (consult\u00e9 le 20\/11\/2024)<\/p>\n<p style=\"text-align: justify\"><a href=\"#_ftnref3\" name=\"_ftn3\">[3]<\/a> <a href=\"https:\/\/www.nzdoctor.co.nz\/article\/undoctored\/final-push-needed-get-smokefree-2025\">https:\/\/www.nzdoctor.co.nz\/article\/undoctored\/final-push-needed-get-smokefree-2025<\/a> (consult\u00e9 le 20\/11\/2024)<\/p>\n<p><span style=\"color: #999999\"><strong><a style=\"color: #999999\" href=\"http:\/\/www.cnct.fr\/\" target=\"_blank\" rel=\"noopener noreferrer\">Comit\u00e9 national contre le tabagisme |<\/a><\/strong><\/span><\/p>\n","protected":false},"excerpt":{"rendered":"<p>In New Zealand, daily smoking rates have reached a historic low, but authorities now face a growing challenge: the rapid rise in vaping, particularly among young people.<\/p>","protected":false},"featured_media":22676,"template":"","tags":[],"thematique":[516,474],"class_list":["post-22903","actualites","type-actualites","status-publish","has-post-thumbnail","hentry","thematique-nouveaux-produits","thematique-sante"],"acf":[],"_links":{"self":[{"href":"https:\/\/www.generationsanstabac.org\/en\/wp-json\/wp\/v2\/actualites\/22903","targetHints":{"allow":["GET"]}}],"collection":[{"href":"https:\/\/www.generationsanstabac.org\/en\/wp-json\/wp\/v2\/actualites"}],"about":[{"href":"https:\/\/www.generationsanstabac.org\/en\/wp-json\/wp\/v2\/types\/actualites"}],"version-history":[{"count":0,"href":"https:\/\/www.generationsanstabac.org\/en\/wp-json\/wp\/v2\/actualites\/22903\/revisions"}],"wp:featuredmedia":[{"embeddable":true,"href":"https:\/\/www.generationsanstabac.org\/en\/wp-json\/wp\/v2\/media\/22676"}],"wp:attachment":[{"href":"https:\/\/www.generationsanstabac.org\/en\/wp-json\/wp\/v2\/media?parent=22903"}],"wp:term":[{"taxonomy":"post_tag","embeddable":true,"href":"https:\/\/www.generationsanstabac.org\/en\/wp-json\/wp\/v2\/tags?post=22903"},{"taxonomy":"thematique","embeddable":true,"href":"https:\/\/www.generationsanstabac.org\/en\/wp-json\/wp\/v2\/thematique?post=22903"}],"curies":[{"name":"wp","href":"https:\/\/api.w.org\/{rel}","templated":true}]}}