{"id":22881,"date":"2024-11-20T16:04:40","date_gmt":"2024-11-20T15:04:40","guid":{"rendered":"https:\/\/www.generationsanstabac.org\/?post_type=actualites&#038;p=22881"},"modified":"2024-11-20T16:16:48","modified_gmt":"2024-11-20T15:16:48","slug":"en-france-le-tabagisme-repart-legerement-a-la-baisse","status":"publish","type":"actualites","link":"https:\/\/www.generationsanstabac.org\/en\/actualites\/en-france-le-tabagisme-repart-legerement-a-la-baisse\/","title":{"rendered":"In France, smoking is falling slightly again"},"content":{"rendered":"<p style=\"text-align: justify\"><em>Avec 23,1% de fumeurs quotidiens en 2023, la France obtient sa plus faible pr\u00e9valence tabagique jamais enregistr\u00e9e. Ces r\u00e9sultats apparaissent en coh\u00e9rence avec la diminution des volumes de vente de tabac et la hausse de la vente des produits de substitution nicotinique. Toutefois, les niveaux de consommation demeurent \u00e9lev\u00e9s, y compris en comparaison des autres pays europ\u00e9ens, et particuli\u00e8rement chez les personnes en situation de pr\u00e9carit\u00e9. <\/em><\/p>\n<p style=\"text-align: justify\">L\u2019enqu\u00eate a \u00e9t\u00e9 men\u00e9e par t\u00e9l\u00e9phone entre le mois de mars et juillet 2023 aupr\u00e8s de 15 000 personnes \u00e2g\u00e9es de 18 \u00e0 75 ans<a href=\"#_ftn1\" name=\"_ftnref1\">[1]<\/a>.<\/p>\n<h2 style=\"text-align: justify\"><strong>Le tabagisme en recul apr\u00e8s plusieurs ann\u00e9es de <em>statu quo<\/em><\/strong><\/h2>\n<p style=\"text-align: justify\">La pr\u00e9valence tabagique des 18-75 ans s\u2019\u00e9tablit \u00e0 31,1% pour 2023, dont 23,1% de tabagisme quotidien, soit les plus bas niveaux de consommation quotidienne enregistr\u00e9s par l\u2019indicateur depuis sa mise en place, et un recul de plus de deux points depuis 2021. Toutefois, l\u2019arr\u00eat des politiques fiscales et la p\u00e9riode de pand\u00e9mie de Covid-19 s\u2019\u00e9taient traduits par une reprise de la consommation. De fait, la pr\u00e9valence tabagique a recul\u00e9 de moins d\u2019un point depuis 2019.\u00a0 L\u2019indicateur note par ailleurs des disparit\u00e9s de genre, puisque la pr\u00e9valence du tabagisme quotidien des hommes s\u2019\u00e9tablit \u00e0 25,4%, contre 20,9% pour les femmes. Selon Sant\u00e9 publique France, cette baisse de la consommation quotidienne est coh\u00e9rente avec la diminution des volumes de vente de tabac en France, enregistr\u00e9e entre 2021 et 2023, ainsi qu\u2019avec l\u2019augmentation des ventes de traitements d\u2019aide au sevrage.<\/p>\n<h2 style=\"text-align: justify\"><strong>Le tabagisme demeure un marqueur social en France<\/strong><\/h2>\n<p style=\"text-align: justify\">M\u00eame si la baisse du tabagisme quotidien concerne toutes les cat\u00e9gories sociales, les r\u00e9sultats de l\u2019enqu\u00eate soulignent la persistance des in\u00e9galit\u00e9s sociales face au tabagisme. Chez les personnes sans dipl\u00f4me ou titulaire d\u2019un dipl\u00f4me inf\u00e9rieur au baccalaur\u00e9at, la pr\u00e9valence du tabagisme quotidien est de 28,9%, soit 12 points de plus que parmi les dipl\u00f4m\u00e9s de l\u2019enseignement sup\u00e9rieur. De la m\u00eame mani\u00e8re, les personnes ayant un faible revenu sont davantage susceptibles de fumer quotidiennement (23,9%) que celles d\u00e9clarant un haut niveau de revenus (17,3%). Enfin, chez les 18-64 ans, les personnes sans emploi sont particuli\u00e8rement affect\u00e9es par le tabagisme (35,8%), soit bien davantage que les actifs occup\u00e9s (25,2%) ou les \u00e9tudiants (17,2%).<\/p>\n<h2 style=\"text-align: justify\"><strong>Le vapotage en augmentation constante depuis 2016<\/strong><\/h2>\n<p style=\"text-align: justify\">Selon l\u2019enqu\u00eate, les niveaux de consommation de cigarettes \u00e9lectroniques sont en augmentation constante depuis 2016, et s\u2019\u00e9tablissent \u00e0 8,3% en pr\u00e9valence quotidienne. Les r\u00e9sultats notent par ailleurs que plus de quatre Fran\u00e7ais sur dix ont d\u00e9clar\u00e9 avoir consomm\u00e9 ce produit au moins une fois dans leur vie. Bien que de nombreux acteurs \u00e9conomiques du vapotage avancent l\u2019argument d\u2019un transfert de consommation des produits du tabac vers les cigarettes \u00e9lectroniques, l\u2019enqu\u00eate de Sant\u00e9 publique France ne fournit pas de donn\u00e9es sur la consommation conjointe de tabac de ces deux produits, appel\u00e9e vapofumage. Les <a href=\"https:\/\/www.generationsanstabac.org\/fr\/actualites\/sevrage-de-la-cigarette-electronique-des-informations-sur-internet-insuffisamment-lisibles-pour-tous\/\">donn\u00e9es disponibles<\/a> en la mati\u00e8re indiquent toutefois que plus d\u2019un Fran\u00e7ais sur deux consommateurs de cigarettes \u00e9lectroniques est par ailleurs fumeur de produits du tabac.<\/p>\n<h2 style=\"text-align: justify\"><strong>Un effet diff\u00e9r\u00e9 des politiques de sant\u00e9 publique <\/strong><\/h2>\n<p style=\"text-align: justify\">En revanche, ces r\u00e9sultats pourraient en partie s\u2019expliquer par un effet diff\u00e9r\u00e9 des politiques publiques mises en place jusque 2020. En effet, les donn\u00e9es de Sant\u00e9 publique France, centr\u00e9es sur les 18-75 ans, \u00e9ludent la consommation tabagique des plus jeunes. Or, celle-ci a drastiquement diminu\u00e9 sous l\u2019effet conjoint de diff\u00e9rentes mesures, comme la mise en place d\u2019une trajectoire fiscale ou l\u2019instauration du paquet neutre. En effet, entre 2017 et 2022, la pr\u00e9valence du tabagisme quotidien <a href=\"https:\/\/www.generationsanstabac.org\/fr\/actualites\/les-jeunes-reduisent-leur-usage-de-tabac-et-augmentent-celui-des-cigarettes-electroniques\/\">chez les jeunes de 17 ans<\/a> a recul\u00e9 de pr\u00e8s de 10 points, pour atteindre 15,6%, soit le plus bas niveau de consommation jamais enregistr\u00e9 aupr\u00e8s de cette population. De fait, par effet de cohorte, le net recul de la consommation de tabac chez les adolescents se traduit plusieurs ann\u00e9es apr\u00e8s par une diminution de la consommation tabagique chez les 18-75 ans.<\/p>\n<h2 style=\"text-align: justify\"><strong>Une pr\u00e9valence encore trop haute<\/strong><\/h2>\n<p style=\"text-align: justify\">Malgr\u00e9 une l\u00e9g\u00e8re baisse de la consommation, la situation fran\u00e7aise demeure particuli\u00e8rement mauvaise, en comparaison des autres pays europ\u00e9ens, en particulier en raison de l\u2019absence de politique coh\u00e9rente de lutte contre le tabagisme. Au Royaume-Uni, les pouvoirs publics envisagent d\u2019interdire la vente de produits du tabac et de nicotine \u00e0 toute personne n\u00e9e \u00e0 partir de 2009. Autrement dit, le Royaume-Uni est le premier pays du monde \u00e0 s\u2019engager dans une interdiction progressive du tabac. En parall\u00e8le, le pays poursuit une politique fiscale ambitieuse sur les produits du tabac, avec un paquet de cigarettes vendu environ 18 euros.<\/p>\n<p style=\"text-align: justify\"><strong><a href=\"https:\/\/www.generationsanstabac.org\/\">\u00a9G\u00e9n\u00e9ration Sans Tabac<\/a><\/strong><\/p>\n<p style=\"text-align: right\"><b><i>FT<\/i><\/b><\/p>\n<hr \/>\n<p style=\"text-align: justify\"><a href=\"#_ftnref1\" name=\"_ftn1\">[1]<\/a> Sant\u00e9 publique France &amp; OFDT, Pr\u00e9valence du tabagisme en France hexagonale en 2023 parmi les 18-75 ans, 19\/11\/2023, (consult\u00e9 le jour m\u00eame)<\/p>\n<p><span style=\"color: #999999\"><strong><a style=\"color: #999999\" href=\"http:\/\/www.cnct.fr\/\" target=\"_blank\" rel=\"noopener noreferrer\">Comit\u00e9 national contre le tabagisme |<\/a><\/strong><\/span><\/p>\n","protected":false},"excerpt":{"rendered":"<p>Although the decline in daily smoking affects all social categories, the survey results highlight the persistence of social inequalities in the face of smoking. <\/p>","protected":false},"featured_media":22892,"template":"","tags":[],"thematique":[474],"class_list":["post-22881","actualites","type-actualites","status-publish","has-post-thumbnail","hentry","thematique-sante"],"acf":[],"_links":{"self":[{"href":"https:\/\/www.generationsanstabac.org\/en\/wp-json\/wp\/v2\/actualites\/22881","targetHints":{"allow":["GET"]}}],"collection":[{"href":"https:\/\/www.generationsanstabac.org\/en\/wp-json\/wp\/v2\/actualites"}],"about":[{"href":"https:\/\/www.generationsanstabac.org\/en\/wp-json\/wp\/v2\/types\/actualites"}],"version-history":[{"count":0,"href":"https:\/\/www.generationsanstabac.org\/en\/wp-json\/wp\/v2\/actualites\/22881\/revisions"}],"wp:featuredmedia":[{"embeddable":true,"href":"https:\/\/www.generationsanstabac.org\/en\/wp-json\/wp\/v2\/media\/22892"}],"wp:attachment":[{"href":"https:\/\/www.generationsanstabac.org\/en\/wp-json\/wp\/v2\/media?parent=22881"}],"wp:term":[{"taxonomy":"post_tag","embeddable":true,"href":"https:\/\/www.generationsanstabac.org\/en\/wp-json\/wp\/v2\/tags?post=22881"},{"taxonomy":"thematique","embeddable":true,"href":"https:\/\/www.generationsanstabac.org\/en\/wp-json\/wp\/v2\/thematique?post=22881"}],"curies":[{"name":"wp","href":"https:\/\/api.w.org\/{rel}","templated":true}]}}