{"id":22869,"date":"2024-11-20T09:00:44","date_gmt":"2024-11-20T08:00:44","guid":{"rendered":"https:\/\/www.generationsanstabac.org\/?post_type=actualites&#038;p=22869"},"modified":"2024-11-19T09:48:10","modified_gmt":"2024-11-19T08:48:10","slug":"suisse-le-canton-de-valais-interdit-les-puffs","status":"publish","type":"actualites","link":"https:\/\/www.generationsanstabac.org\/en\/actualites\/suisse-le-canton-de-valais-interdit-les-puffs\/","title":{"rendered":"Switzerland: Valais canton bans puffs"},"content":{"rendered":"<p style=\"text-align: justify\"><em>Ce jeudi 14 novembre, le Grand Conseil valaisan a interdit, par 77 voix contre 46 et 2 abstentions, la vente de dispositifs \u00e9lectroniques jetables (puffs) dans le canton. C\u2019est le deuxi\u00e8me canton apr\u00e8s le Jura \u00e0 interdire ce type de dispositif dans un souci de protection de la jeunesse et de l\u2019environnement. <\/em><\/p>\n<p style=\"text-align: justify\">Lors du processus de modification de la loi sur la sant\u00e9, un amendement concernant l&rsquo;interdiction de ces cigarettes \u00e9lectroniques jetables a \u00e9t\u00e9 ajout\u00e9 au dernier moment. L\u2019interdiction devrait entrer en vigueur en 2025<a href=\"#_ftn1\" name=\"_ftnref1\">[1]<\/a>.<\/p>\n<h2 style=\"text-align: justify\"><strong>Une consommation \u00e9lev\u00e9e de puffs chez les adolescents et jeunes adultes valais<\/strong><\/h2>\n<p style=\"text-align: justify\">Selon une \u00e9tude men\u00e9e en 2022 par Unisant\u00e9 et Promotion sant\u00e9 Valais, plus de la moiti\u00e9 des jeunes valais \u00e2g\u00e9s de 14 \u00e0 25 ans ont d\u00e9clar\u00e9 avoir d\u00e9j\u00e0 consomm\u00e9 ce type de produit au moins une fois au cours de leur vie et 12% ont indiqu\u00e9 en consommer r\u00e9guli\u00e8rement. Ce taux est de 9% chez les 14-17 ans et de 13% chez les 18-25 ans. Plus de 20% des jeunes interrog\u00e9s ont \u00e9galement d\u00e9clar\u00e9 en consommer avec des taux de nicotine d\u00e9passant le maximum l\u00e9gal en Suisse de 20 mg\/mL. Face \u00e0 ces constats, Unisant\u00e9 et Promotion sant\u00e9 Valais avaient demand\u00e9 un renforcement des r\u00e9glementations, parmi lesquelles l\u2019interdiction des puffs, l\u2019interdiction des ar\u00f4mes pour les produits du vapotage ou encore l\u2019interdiction de la publicit\u00e9 pour ces produits dans l\u2019ensemble des lieux fr\u00e9quent\u00e9s par les jeunes et sur Internet.<\/p>\n<h2 style=\"text-align: justify\"><strong>Une r\u00e9glementation plus ou moins stricte selon les cantons<\/strong><\/h2>\n<p style=\"text-align: justify\">La Suisse accuse un retard important au niveau f\u00e9d\u00e9ral en mati\u00e8re de lutte contre le tabagisme. Le pays, qui demeure \u00e0 ce jour l\u2019un des derniers pays \u00e0 ne pas avoir ratifi\u00e9 la Convention-cadre de l\u2019Organisation mondiale de la sant\u00e9 pour la lutte antitabac (CCLAT), est aujourd\u2019hui consid\u00e9r\u00e9 comme\u00a0<a href=\"https:\/\/www.generationsanstabac.org\/actualites\/la-suisse-place-forte-de-linfluence-des-cigarettiers-en-europe\/\">la place forte de l\u2019industrie du tabac<\/a>\u00a0dans le monde. L\u2019industrie du tabac conserve par ailleurs une tr\u00e8s forte influence aupr\u00e8s des d\u00e9cideurs publics, ce qui explique en grande partie le retard pris par le pays dans la mise en place de r\u00e9glementations de sant\u00e9 publique.\u00a0En moyenne, 27% de la population suisse \u00e2g\u00e9e de 15 ans et plus fume (quotidiennement et occasionnellement).\u00a0Dans la tranche d&rsquo;\u00e2ge des 25-34 ans, on d\u00e9nombre 42 % d&rsquo;hommes et 31% de femmes qui fument.<\/p>\n<p style=\"text-align: justify\">Si une nouvelle loi sur les produits du tabac est entr\u00e9e en vigueur le 1<sup>er<\/sup> octobre dernier<a href=\"#_ftn2\" name=\"_ftnref2\">[2]<\/a> en Suisse, elle comporte d\u2019importantes lacunes car elle autorise toujours la publicit\u00e9 pour le tabac et le vapotage sur Internet et dans la presse \u00e9crite. Elle autorise en outre le parrainage d\u2019\u00e9v\u00e9nements par l\u2019industrie du tabac et n\u2019interdit toujours pas l\u2019offre de promotions pour ces produits dans les lieux de vente.<\/p>\n<p style=\"text-align: justify\">Certains cantons adoptent cependant des r\u00e9glementations plus strictes<a href=\"#_ftn3\" name=\"_ftnref3\">[3]<\/a> pour lutter contre le tabagisme ou la consommation de produits du vapotage chez les jeunes. Tel est notamment le cas du Jura qui a approuv\u00e9 l\u2019interdiction des puffs en septembre dernier ou encore du Tessin, canton italophone situ\u00e9 dans le sud de la Suisse, qui a approuv\u00e9 en 2023 une modification de sa l\u00e9gislation et assimile les produits du vapotage aux produits du tabac traditionnels.<\/p>\n<p style=\"text-align: justify\"><strong><a href=\"https:\/\/www.generationsanstabac.org\/\">\u00a9G\u00e9n\u00e9ration Sans Tabac<\/a><\/strong><\/p>\n<p style=\"text-align: right\"><b><i>AE<\/i><\/b><\/p>\n<hr \/>\n<p style=\"text-align: justify\"><a href=\"#_ftnref1\" name=\"_ftn1\">[1]<\/a> <a href=\"https:\/\/www.rts.ch\/info\/regions\/valais\/2024\/article\/le-valais-devient-le-deuxieme-canton-a-interdire-les-cigarettes-electroniques-jetables-28695941.html\">Le Valais devient le deuxi\u00e8me canton \u00e0 interdire les cigarettes \u00e9lectroniques jetables<\/a>, RTS, publi\u00e9 le 15 novembre, consult\u00e9 le jour-m\u00eame<\/p>\n<p style=\"text-align: justify\"><a href=\"#_ftnref2\" name=\"_ftn2\">[2]<\/a> G\u00e9n\u00e9ration sans tabac<a href=\"https:\/\/www.generationsanstabac.org\/fr\/actualites\/la-suisse-releve-lage-de-vente-de-tabac-a-18-ans-dans-tout-le-pays\/\">, La Suisse rel\u00e8ve l\u2019\u00e2ge de vente de tabac \u00e0 18 ans dans tout le pays<\/a>, publi\u00e9 le 8 septembre 2024, consult\u00e9 le 15 novembre 2024<\/p>\n<p style=\"text-align: justify\"><a href=\"#_ftnref3\" name=\"_ftn3\">[3]<\/a> G\u00e9n\u00e9ration sans tabac, <a href=\"https:\/\/www.generationsanstabac.org\/fr\/actualites\/suisse-consommation-importante-de-puffs-chez-les-jeunes-des-cantons-renforcent-leur-reglementation\/\">Suisse : consommation importante de puffs chez les jeunes, des cantons renforcent leur r\u00e9glementation<\/a>, publi\u00e9 le 18 f\u00e9vrier 2023, consult\u00e9 le 15 novembre 2024<\/p>\n<p><span style=\"color: #999999\"><strong><a style=\"color: #999999\" href=\"http:\/\/www.cnct.fr\/\" target=\"_blank\" rel=\"noopener noreferrer\">Comit\u00e9 national contre le tabagisme |<\/a><\/strong><\/span><\/p>\n","protected":false},"excerpt":{"rendered":"<p>This Thursday, November 14, the Valais Grand Council banned, by 77 votes to 46 and 2 abstentions, the sale of disposable electronic devices (puffs) in the canton. It is the second canton after Jura to ban this type of device in the interests of protecting young people and the environment.<\/p>","protected":false},"featured_media":22516,"template":"","tags":[],"thematique":[491,474],"class_list":["post-22869","actualites","type-actualites","status-publish","has-post-thumbnail","hentry","thematique-politiques-publiques","thematique-sante"],"acf":[],"_links":{"self":[{"href":"https:\/\/www.generationsanstabac.org\/en\/wp-json\/wp\/v2\/actualites\/22869","targetHints":{"allow":["GET"]}}],"collection":[{"href":"https:\/\/www.generationsanstabac.org\/en\/wp-json\/wp\/v2\/actualites"}],"about":[{"href":"https:\/\/www.generationsanstabac.org\/en\/wp-json\/wp\/v2\/types\/actualites"}],"version-history":[{"count":0,"href":"https:\/\/www.generationsanstabac.org\/en\/wp-json\/wp\/v2\/actualites\/22869\/revisions"}],"wp:featuredmedia":[{"embeddable":true,"href":"https:\/\/www.generationsanstabac.org\/en\/wp-json\/wp\/v2\/media\/22516"}],"wp:attachment":[{"href":"https:\/\/www.generationsanstabac.org\/en\/wp-json\/wp\/v2\/media?parent=22869"}],"wp:term":[{"taxonomy":"post_tag","embeddable":true,"href":"https:\/\/www.generationsanstabac.org\/en\/wp-json\/wp\/v2\/tags?post=22869"},{"taxonomy":"thematique","embeddable":true,"href":"https:\/\/www.generationsanstabac.org\/en\/wp-json\/wp\/v2\/thematique?post=22869"}],"curies":[{"name":"wp","href":"https:\/\/api.w.org\/{rel}","templated":true}]}}