{"id":22860,"date":"2024-11-18T09:00:06","date_gmt":"2024-11-18T08:00:06","guid":{"rendered":"https:\/\/www.generationsanstabac.org\/?post_type=actualites&#038;p=22860"},"modified":"2025-01-16T15:46:04","modified_gmt":"2025-01-16T14:46:04","slug":"mois-sans-tabac-un-defi-collectif-qui-sauve-des-vies-et-reduit-les-couts","status":"publish","type":"actualites","link":"https:\/\/www.generationsanstabac.org\/en\/actualites\/mois-sans-tabac-un-defi-collectif-qui-sauve-des-vies-et-reduit-les-couts\/","title":{"rendered":"No Tobacco Month: A Collective Challenge That Saves Lives and Reduces Costs"},"content":{"rendered":"<p style=\"text-align: justify\"><em>Chaque ann\u00e9e, le Mois sans tabac mobilise des milliers de fumeurs \u00e0 travers la France pour les encourager \u00e0 arr\u00eater de fumer pendant 30 jours. Inspir\u00e9e de la campagne britannique Stoptober, l\u2019initiative vise \u00e0 r\u00e9duire la pr\u00e9valence du tabagisme, premi\u00e8re cause de mortalit\u00e9 pr\u00e9matur\u00e9e \u00e9vitable dans le pays. En 2015, le tabac \u00e9tait responsable de 13 % des d\u00e9c\u00e8s en France, et son co\u00fbt social atteignait 156 milliards d\u2019euros en 2019<\/em><a href=\"#_ftn1\" name=\"_ftnref1\">[1]<\/a>.<\/p>\n<h2 style=\"text-align: justify\"><strong>Un retour sur investissement largement favorable<\/strong><\/h2>\n<p style=\"text-align: justify\">Selon une \u00e9tude men\u00e9e par Sant\u00e9 publique France en collaboration avec l\u2019OCDE<a href=\"#_ftn2\" name=\"_ftnref2\">[2]<\/a>, le Mois sans tabac est non seulement b\u00e9n\u00e9fique pour la sant\u00e9 publique, mais aussi \u00e9conomiquement avantageux. Entre 2016 et 2020, on estime que 2 millions de tentatives d\u2019arr\u00eat du tabac ont \u00e9t\u00e9 directement li\u00e9es \u00e0 cette campagne, avec un taux de participation des fumeurs quotidiens variant de 2,5 % \u00e0 4,8 % par an.<\/p>\n<p style=\"text-align: justify\">\u00c0 l\u2019horizon 2050, les projections montrent que l\u2019initiative permettrait d\u2019\u00e9viter :<\/p>\n<ul>\n<li style=\"text-align: justify\">241 000 cas d\u2019infections respiratoires basses;<\/li>\n<li style=\"text-align: justify\">28 000 cas de cancers attribuables au tabac;<\/li>\n<li style=\"text-align: justify\">18 000 cas de maladies cardiovasculaires.<\/li>\n<\/ul>\n<p style=\"text-align: justify\">Cette r\u00e9ussite ne se limite pas \u00e0 la sant\u00e9. Sur la p\u00e9riode 2023-2050, le Mois sans tabac pourrait permettre d\u2019\u00e9conomiser 94 millions d\u2019euros par an en d\u00e9penses de sant\u00e9 et d\u2019am\u00e9liorer l\u2019emploi et la productivit\u00e9 \u00e0 hauteur de 85 millions d\u2019euros par an. Avec un co\u00fbt annuel de 12,5 millions d\u2019euros, cette campagne offre un retour sur investissement de 7 euros pour 1 euro investi, voire de 14 euros si l\u2019on inclut les cons\u00e9quences sur le march\u00e9 du travail<a href=\"#_ftn3\" name=\"_ftnref3\">[3]<\/a>.<\/p>\n<h2 style=\"text-align: justify\"><strong>Une d\u00e9marche efficace et structur\u00e9e<\/strong><\/h2>\n<p style=\"text-align: justify\">Le Mois sans tabac repose sur un mod\u00e8le de marketing social. Le seuil des 30 jours d\u2019arr\u00eat est strat\u00e9gique : il correspond \u00e0 une p\u00e9riode \u00e0 l\u2019issue de laquelle les sympt\u00f4mes de sevrage diminuent fortement, multipliant par cinq les chances d\u2019un arr\u00eat d\u00e9finitif. En plus des campagnes de sensibilisation, des outils concrets sont mis \u00e0 disposition des participants : consultations avec des professionnels, kits d\u2019aide au sevrage et accompagnement via des applications comme Tabac Info Service<a href=\"#_ftn4\" name=\"_ftnref4\">[4]<\/a>.<\/p>\n<p style=\"text-align: justify\">Depuis son lancement en 2016, plus de 1,34 million de Fran\u00e7ais se sont inscrits \u00e0 cette op\u00e9ration. \u00c0 titre d\u2019exemple, 20 % des participants \u00e9taient toujours non-fumeurs six mois apr\u00e8s leur arr\u00eat, selon un barom\u00e8tre de Sant\u00e9 publique France<a href=\"#_ftn5\" name=\"_ftnref5\">[5]<\/a>.<\/p>\n<h2 style=\"text-align: justify\"><strong>Des r\u00e9sultats qui appellent \u00e0 une continuit\u00e9 renforc\u00e9e<\/strong><\/h2>\n<p style=\"text-align: justify\">Le tabagisme reste un d\u00e9fi de sant\u00e9 publique majeur, avec un taux de fumeurs quotidiens de 24,5 % parmi les 18-75 ans en 2022. Si les chiffres du Mois sans tabac sont encourageants, les experts soulignent que ses effets pourraient \u00eatre amplifi\u00e9s avec une meilleure inclusion des populations les plus vuln\u00e9rables, notamment les personnes en situation de handicap ou celles en grande pr\u00e9carit\u00e9<a href=\"#_ftn6\" name=\"_ftnref6\">[6]<\/a>.<\/p>\n<p style=\"text-align: justify\">L\u2019OCDE et Sant\u00e9 publique France rappellent que ce type d\u2019op\u00e9ration contribue \u00e0 promouvoir la sant\u00e9 des populations, tout en prot\u00e9geant le syst\u00e8me de soins. Maintenir et renforcer le Mois sans tabac est donc essentiel pour continuer \u00e0 r\u00e9duire les in\u00e9galit\u00e9s de sant\u00e9 et les co\u00fbts associ\u00e9s au tabagisme.<\/p>\n<p style=\"text-align: justify\"><strong><a href=\"https:\/\/www.generationsanstabac.org\/\">\u00a9G\u00e9n\u00e9ration Sans Tabac<\/a><\/strong><\/p>\n<p style=\"text-align: right\"><strong><em>RK<\/em><\/strong><\/p>\n<hr \/>\n<p style=\"text-align: justify\"><a href=\"#_ftnref1\" name=\"_ftn1\">[1]<\/a> <a href=\"https:\/\/www.lequotidiendumedecin.fr\/actu-medicale\/sante-publique\/mois-sans-tabac-les-personnes-en-situation-de-handicap-intellectuel-un-public-peu-sensible-la\">https:\/\/www.lequotidiendumedecin.fr\/actu-medicale\/sante-publique\/mois-sans-tabac-les-personnes-en-situation-de-handicap-intellectuel-un-public-peu-sensible-la<\/a> (consult\u00e9 le 13\/11\/2024)<\/p>\n<p style=\"text-align: justify\"><a href=\"#_ftnref2\" name=\"_ftn2\">[2]<\/a> Devaux, M. et al. (2023), \u00ab \u00c9valuation du programme national de lutte contre le tabagisme en France \u00bb, Documents de travail de l&rsquo;OCDE sur la sant\u00e9, no. 155, \u00c9ditions OCDE, Paris, <a href=\"https:\/\/doi.org\/10.1787\/b656e9ac-fr\">https:\/\/doi.org\/10.1787\/b656e9ac-fr<\/a>. (consult\u00e9 le 13\/11\/2024)<\/p>\n<p style=\"text-align: justify\"><a href=\"#_ftnref3\" name=\"_ftn3\">[3]<\/a> Guignard R, Devaux M, Nguyen-Thanh V, Lerouge A, Dorfmuller Ciampi M, Cecchini M, et al. \u00c9valuation sanitaire et \u00e9conomique de Mois sans tabac\u202f: un retour sur investissement positif. Bull \u00c9pid\u00e9miol Hebd. 2024;(22):492-8. <a href=\"http:\/\/beh.santepubliquefrance.fr\/beh\/2024\/22\/2024_22_1.html\">http:\/\/beh.santepubliquefrance.fr\/beh\/2024\/22\/2024_22_1.html<\/a> (consult\u00e9 le 13\/11\/2024)<\/p>\n<p style=\"text-align: justify\"><a href=\"#_ftnref4\" name=\"_ftn4\">[4]<\/a> <a href=\"https:\/\/www.generationsanstabac.org\/fr\/fiches\/mois-sans-tabac-utilisation-du-marketing-social-dans-la-lutte-antitabac\/\">https:\/\/www.generationsanstabac.org\/fr\/fiches\/mois-sans-tabac-utilisation-du-marketing-social-dans-la-lutte-antitabac\/<\/a> (consult\u00e9 le 13\/11\/2024)<\/p>\n<p style=\"text-align: justify\"><a href=\"#_ftnref5\" name=\"_ftn5\">[5]<\/a> <a href=\"https:\/\/www.santepubliquefrance.fr\/revues\/articles-du-mois\/2019\/de-stoptober-a-mois-sans-tabac-comment-importer-une-campagne-de-marketing-social\">https:\/\/www.santepubliquefrance.fr\/revues\/articles-du-mois\/2019\/de-stoptober-a-mois-sans-tabac-comment-importer-une-campagne-de-marketing-social<\/a> (consult\u00e9 le 13\/11\/2024)<\/p>\n<p style=\"text-align: justify\"><a href=\"#_ftnref6\" name=\"_ftn6\">[6]<\/a> Ben Lakhdar C, Massin S, Ngugen S, pour la d\u00e9l\u00e9gation r\u00e9gionale de Nous Aussi. Consommation de tabac et vapotage chez les personnes en situation de handicap intellectuel\u202f: une enqu\u00eate dans les Hauts-de-France. Bull \u00c9pid\u00e9miol Hebd. 2024;(22):498-505. <a href=\"http:\/\/beh.santepubliquefrance.fr\/beh\/2024\/22\/2024_22_2.html\">http:\/\/beh.santepubliquefrance.fr\/beh\/2024\/22\/2024_22_2.html<\/a> (consult\u00e9 le 13\/11\/2024)<\/p>\n<p><span style=\"color: #999999\"><strong><a style=\"color: #999999\" href=\"http:\/\/www.cnct.fr\/\" target=\"_blank\" rel=\"noopener noreferrer\">Comit\u00e9 national contre le tabagisme |<\/a><\/strong><\/span><\/p>\n","protected":false},"excerpt":{"rendered":"<p>Every year, No Tobacco Month mobilizes thousands of smokers across France to encourage them to quit smoking for 30 days. Inspired by the British Stoptober campaign, the initiative aims to reduce the prevalence of smoking, the leading cause of preventable premature death in the country. In 2015, tobacco was responsible for 13,100,000 deaths in France, and its social cost reached 156 billion euros in 2019<\/p>","protected":false},"featured_media":22754,"template":"","tags":[],"thematique":[474,565],"class_list":["post-22860","actualites","type-actualites","status-publish","has-post-thumbnail","hentry","thematique-sante","thematique-sensibilisation"],"acf":[],"_links":{"self":[{"href":"https:\/\/www.generationsanstabac.org\/en\/wp-json\/wp\/v2\/actualites\/22860","targetHints":{"allow":["GET"]}}],"collection":[{"href":"https:\/\/www.generationsanstabac.org\/en\/wp-json\/wp\/v2\/actualites"}],"about":[{"href":"https:\/\/www.generationsanstabac.org\/en\/wp-json\/wp\/v2\/types\/actualites"}],"version-history":[{"count":0,"href":"https:\/\/www.generationsanstabac.org\/en\/wp-json\/wp\/v2\/actualites\/22860\/revisions"}],"wp:featuredmedia":[{"embeddable":true,"href":"https:\/\/www.generationsanstabac.org\/en\/wp-json\/wp\/v2\/media\/22754"}],"wp:attachment":[{"href":"https:\/\/www.generationsanstabac.org\/en\/wp-json\/wp\/v2\/media?parent=22860"}],"wp:term":[{"taxonomy":"post_tag","embeddable":true,"href":"https:\/\/www.generationsanstabac.org\/en\/wp-json\/wp\/v2\/tags?post=22860"},{"taxonomy":"thematique","embeddable":true,"href":"https:\/\/www.generationsanstabac.org\/en\/wp-json\/wp\/v2\/thematique?post=22860"}],"curies":[{"name":"wp","href":"https:\/\/api.w.org\/{rel}","templated":true}]}}