{"id":22832,"date":"2024-11-12T09:00:59","date_gmt":"2024-11-12T08:00:59","guid":{"rendered":"https:\/\/www.generationsanstabac.org\/?post_type=actualites&#038;p=22832"},"modified":"2024-11-08T15:51:34","modified_gmt":"2024-11-08T14:51:34","slug":"des-ong-appellent-la-commission-a-renforcer-rapidement-les-mesures-antitabac-dans-lue","status":"publish","type":"actualites","link":"https:\/\/www.generationsanstabac.org\/en\/actualites\/des-ong-appellent-la-commission-a-renforcer-rapidement-les-mesures-antitabac-dans-lue\/","title":{"rendered":"NGOs call on Commission to rapidly strengthen anti-smoking measures in the EU"},"content":{"rendered":"<p style=\"text-align: justify\"><em>Neuf organisations europ\u00e9ennes ont lanc\u00e9 un appel commun pour que la mise en \u0153uvre du plan \u00ab Vaincre le cancer en Europe \u00bb soit acc\u00e9l\u00e9r\u00e9e au cours du nouveau mandat de la Commission europ\u00e9enne.<\/em> <em>Les groupes de sant\u00e9 ont exhort\u00e9 la prochaine Commission \u00e0 s&rsquo;attaquer aux nouveaux produits de l&rsquo;industrie du tabac, en particulier les produits du tabac chauff\u00e9<a href=\"#_ftn1\" name=\"_ftnref1\"><strong>[1]<\/strong><\/a>. <\/em><\/p>\n<p style=\"text-align: justify\">Les organisations ont salu\u00e9 les actions r\u00e9centes de la Commission, notamment l&rsquo;extension recommand\u00e9e des environnements sans tabac. Toutefois, elles notent que l&rsquo;action l\u00e9gislative est en retard sur les tactiques d&rsquo;innovation et de marketing de l&rsquo;industrie du tabac.<\/p>\n<p style=\"text-align: justify\">L&rsquo;appel \u00e0 l&rsquo;UE a \u00e9t\u00e9 lanc\u00e9 par l&rsquo;Organisation europ\u00e9enne du cancer, la Fondation europ\u00e9enne du poumon, le R\u00e9seau europ\u00e9en pour le tabagisme et la pr\u00e9vention du tabagisme, la Soci\u00e9t\u00e9 respiratoire europ\u00e9enne, la Soci\u00e9t\u00e9 europ\u00e9enne d&rsquo;oncologie m\u00e9dicale, la Soci\u00e9t\u00e9 europ\u00e9enne de cardiologie, Lung Cancer Europe, Lungs Europe et le Smoke-Free Partnership.<\/p>\n<h2 style=\"text-align: justify\"><strong>R\u00e9vision des directives europ\u00e9ennes et mise en \u0153uvre de la Convention-Cadre<\/strong><\/h2>\n<p style=\"text-align: justify\">Les organisations ont salu\u00e9 les d\u00e9veloppements r\u00e9cents, en particulier la recommandation du Conseil sur les environnements sans tabac, un \u00e9l\u00e9ment essentiel du plan europ\u00e9en \u00ab Vaincre le cancer \u00bb. Toutefois, elles exhortent les \u00c9tats membres \u00e0 interdire \u00e9galement l&rsquo;utilisation des dispositifs de vapotage et de tabac chauff\u00e9 dans les lieux int\u00e9rieurs et ext\u00e9rieurs, y compris les plages publiques pour des consid\u00e9rations environnementales. Les organisations demandent \u00e0 que cette proposition soit approuv\u00e9e par le Conseil d\u00e8s que possible et que la pr\u00e9sidence hongroise veille \u00e0 ce qu&rsquo;elle soit approuv\u00e9e d&rsquo;ici d\u00e9cembre 2024.<\/p>\n<p style=\"text-align: justify\">La mise \u00e0 jour des recommandations du Conseil est l&rsquo;un des \u00e9l\u00e9ments du \u00ab pilier de la pr\u00e9vention \u00bb du plan \u00ab Vaincre le cancer en Europe \u00bb pour lequel les initiatives propos\u00e9es depuis 2021 se font rare. Par cons\u00e9quent, les ONG demandent instamment \u00e0 la Commission europ\u00e9enne et aux \u00c9tats membres de revoir et d&rsquo;actualiser la directive sur la taxation du tabac (DTT) pour laquelle la publication d\u2019une proposition par la commission est attendue depuis maintenant deux ans, avec la n\u00e9cessit\u00e9 \u00e9galement de revoir le cadre juridique concernant les achats transfrontaliers de tabac. A cela s\u2019ajoutent la directive sur les produits du tabac (DPT), et celle sur la publicit\u00e9 pour le tabac (DPT).<\/p>\n<p style=\"text-align: justify\">Les organisations europ\u00e9ennes de sant\u00e9 qui repr\u00e9sentent des coalitions d\u2019organisations nationales de l\u2019ensemble des pays de l\u2019Union Europ\u00e9enne, appellent \u00e9galement au respect et \u00e0 la mise en \u0153uvre par les institutions europ\u00e9ennes et les Etats membres des dispositions du trait\u00e9 de la OMS, la convention cadre pour la lutte antitabac qu\u2019ils ont tous ratifi\u00e9e. Sont notamment point\u00e9es les obligations de transparence et de protection des politiques publiques \u00e0 l\u2019\u00e9gard du lobby tabac pr\u00e9vues \u00e0 l\u2019article 5.3 du texte.<\/p>\n<h2 style=\"text-align: justify\"><strong>Renforcer les mesures actuelles, notamment pour les nouveaux produits<\/strong><\/h2>\n<p style=\"text-align: justify\">Les ONG soulignent le retard de l\u2019action l\u00e9gislative europ\u00e9enne alors que l\u2019industrie du tabac continue \u00e0 d\u00e9ployer de nouveaux produits et tactiques de marketing. Elles appellent \u00e0 la mise en \u0153uvre urgente de mesures pour contrer cette offensive de l\u2019industrie.<\/p>\n<p style=\"text-align: justify\">Les organisations demandent tout particuli\u00e8rement \u00e0 la prochaine Commission europ\u00e9enne 2024-29 de :<\/p>\n<p style=\"text-align: justify\">&#8211; Introduire des droits d&rsquo;accises sur les produits de tabac chauff\u00e9, les e-cigarettes et augmenter les minimas de perception sur les cigarettes et le tabac \u00e0 rouler, et adopter un m\u00e9canisme pour tenir compte de l&rsquo;inflation ;<\/p>\n<p style=\"text-align: justify\">&#8211; Interdire l\u2019ensemble des ar\u00f4mes pour le tabac chauff\u00e9 et les produits de la nicotine et interdire les accessoires et les additifs aromatiques pour tous les produits du tabac et les produits connexes;<\/p>\n<p style=\"text-align: justify\">&#8211; Imposer des emballages neutres pour tous les produits du tabac \u00e0 l\u2019ensemble des \u00c9tats membres ;<\/p>\n<p style=\"text-align: justify\">&#8211; Interdire les e-cigarettes jetables (puffs) dans tous les \u00c9tats membres et la vente des produits du vapotage aux personnes de moins de 18 ans ;<\/p>\n<p style=\"text-align: justify\">&#8211; Introduire un m\u00e9canisme de suivi public annuel des politiques de lutte antitabac pour mesurer la bonne application par les \u00c9tats membres de la l\u00e9gislation. Inclure dans ce suivi des recommandations de l&rsquo;UE afin de garantir l&rsquo;objectif d&rsquo;une g\u00e9n\u00e9ration sans tabac d&rsquo;ici \u00e0 2040.<\/p>\n<p style=\"text-align: justify\">La consommation de tabac reste l&rsquo;une des principales causes de maladies \u00e9vitables et de d\u00e9c\u00e8s pr\u00e9matur\u00e9s dans l&rsquo;UE, contribuant \u00e0 un grand nombre de maladies respiratoires, cardiovasculaires et de cancers. Pr\u00e8s de 700 000 d\u00e9c\u00e8s pr\u00e9matur\u00e9s \u00e9vitables sont, chaque ann\u00e9e, attribuables au tabac dans l&rsquo;UE.<\/p>\n<p style=\"text-align: justify\"><strong><a href=\"https:\/\/www.generationsanstabac.org\/\">\u00a9G\u00e9n\u00e9ration Sans Tabac<\/a><\/strong><\/p>\n<p style=\"text-align: right\"><strong><em>AE<\/em><\/strong><\/p>\n<hr \/>\n<p style=\"text-align: justify\"><a href=\"#_ftnref1\" name=\"_ftn1\">[1]<\/a> Communiqu\u00e9 de presse, <a href=\"https:\/\/www.europeancancer.org\/resources\/news\/press-release-european-societies-call-eu-to-not-lose-momentum-on-tobacco-policy.html\">European Societies call EU to Not Lose Momentum on Tobacco Policy<\/a>, publi\u00e9 le 5 novembre 2024, consult\u00e9 le 8 novembre 2024<\/p>\n<p><span style=\"color: #999999\"><strong><a style=\"color: #999999\" href=\"http:\/\/www.cnct.fr\/\" target=\"_blank\" rel=\"noopener noreferrer\">Comit\u00e9 national contre le tabagisme |<\/a><\/strong><\/span><\/p>\n","protected":false},"excerpt":{"rendered":"<p>Nine European organizations have launched a joint call for the implementation of the &quot;Beating Cancer in Europe&quot; plan to be accelerated during the new European Commission mandate. The health groups urged the next Commission to tackle new tobacco industry products, particularly heated tobacco products. <\/p>","protected":false},"featured_media":18716,"template":"","tags":[],"thematique":[491,474],"class_list":["post-22832","actualites","type-actualites","status-publish","has-post-thumbnail","hentry","thematique-politiques-publiques","thematique-sante"],"acf":[],"_links":{"self":[{"href":"https:\/\/www.generationsanstabac.org\/en\/wp-json\/wp\/v2\/actualites\/22832","targetHints":{"allow":["GET"]}}],"collection":[{"href":"https:\/\/www.generationsanstabac.org\/en\/wp-json\/wp\/v2\/actualites"}],"about":[{"href":"https:\/\/www.generationsanstabac.org\/en\/wp-json\/wp\/v2\/types\/actualites"}],"version-history":[{"count":0,"href":"https:\/\/www.generationsanstabac.org\/en\/wp-json\/wp\/v2\/actualites\/22832\/revisions"}],"wp:featuredmedia":[{"embeddable":true,"href":"https:\/\/www.generationsanstabac.org\/en\/wp-json\/wp\/v2\/media\/18716"}],"wp:attachment":[{"href":"https:\/\/www.generationsanstabac.org\/en\/wp-json\/wp\/v2\/media?parent=22832"}],"wp:term":[{"taxonomy":"post_tag","embeddable":true,"href":"https:\/\/www.generationsanstabac.org\/en\/wp-json\/wp\/v2\/tags?post=22832"},{"taxonomy":"thematique","embeddable":true,"href":"https:\/\/www.generationsanstabac.org\/en\/wp-json\/wp\/v2\/thematique?post=22832"}],"curies":[{"name":"wp","href":"https:\/\/api.w.org\/{rel}","templated":true}]}}