{"id":22710,"date":"2024-10-30T10:57:53","date_gmt":"2024-10-30T09:57:53","guid":{"rendered":"https:\/\/www.generationsanstabac.org\/?post_type=actualites&#038;p=22710"},"modified":"2024-10-30T10:57:53","modified_gmt":"2024-10-30T09:57:53","slug":"france-le-gouvernement-veut-interdire-les-sachets-de-nicotine","status":"publish","type":"actualites","link":"https:\/\/www.generationsanstabac.org\/en\/actualites\/france-le-gouvernement-veut-interdire-les-sachets-de-nicotine\/","title":{"rendered":"France: Government wants to ban nicotine pouches"},"content":{"rendered":"<p style=\"text-align: justify\"><em>Dans une interview donn\u00e9e au Parisien<a href=\"#_ftn1\" name=\"_ftnref1\"><strong>[1]<\/strong><\/a> le 29 octobre, la ministre de la sant\u00e9 Genevi\u00e8ve Darrieussecq a annonc\u00e9 l\u2019interdiction prochaine des sachets de nicotine, tr\u00e8s populaires aupr\u00e8s des jeunes. Les produits similaires comme les perles de nicotine seront aussi concern\u00e9s par l\u2019interdiction. La ministre a d\u00e9clar\u00e9 qu\u2019il s\u2019agit de produits dangereux et toxiques car ils contiennent de fortes doses de nicotine.<\/em><\/p>\n<p style=\"text-align: justify\">Ces sachets en tissu perm\u00e9able ne contiennent pas de tabac mais des fibres de polym\u00e8res impr\u00e9gn\u00e9es de nicotine et d\u2019ar\u00f4mes. Ils sont \u00e0 glisser entre la l\u00e8vre et la gencive pour une diffusion de la substance \u00e0 travers la muqueuse bucco-gingivale. Ces sachets d\u00e9livrent une dose tr\u00e8s importante de nicotine : jusqu\u2019\u00e0 50 mg selon certaines marques. La ministre a pr\u00e9cis\u00e9 qu\u2019un\u00a0texte d\u2019interdiction sera publi\u00e9 dans les prochaines semaines.<\/p>\n<h2 style=\"text-align: justify\"><strong>Des produits dangereux dont le marketing est orient\u00e9 \u00e0 l\u2019encontre des jeunes<\/strong><\/h2>\n<p style=\"text-align: justify\">La ministre a justifi\u00e9 l\u2019interdiction \u00e0 venir dans un souci de protection de la jeunesse. Ces produits, contenant de tr\u00e8s forts taux de nicotine, s\u2019adressent directement aux jeunes \u00e0 travers un marketing cibl\u00e9. Elle se dit \u00ab\u00a0<em>pr\u00e9occup\u00e9e car les centres antipoisons re\u00e7oivent de plus en plus d\u2019appels d\u2019adolescents pour des syndromes nicotiniques aigus parfois s\u00e9v\u00e8res, en lien avec la consommation des pouches. Ils se traduisent par des vomissements, des convulsions, des hypotensions voire des troubles de la conscience\u00a0\u00bb<\/em><\/p>\n<p style=\"text-align: justify\">En novembre 2023,\u00a0l\u2019ANSES avait \u00e9mis une alerte sur les intoxications signal\u00e9es, dues \u00e0 des sachets de nicotine. L\u2019agence demandait un meilleur encadrement de ces produits et rappelle qu\u2019ils n\u2019entrent dans aucune r\u00e9glementation sp\u00e9cifique au sein des pays de l\u2019Union europ\u00e9enne.<\/p>\n<p style=\"text-align: justify\">Les<a href=\"https:\/\/cnct.fr\/wp-content\/uploads\/2024\/05\/Rapport-nouveaux-produits-3.pdf\"> observatoires<\/a> men\u00e9s par le Comit\u00e9 national contre le tabagisme (CNCT) sur les lieux de vente et en ligne avaient montr\u00e9 une publicit\u00e9 massive pour ces produits depuis leur arriv\u00e9e sur le march\u00e9 fran\u00e7ais en 2022. En 2023, sur 360 visites r\u00e9alis\u00e9es par l\u2019association dans 185 lieux de vente diff\u00e9rents\u00a0:\u00a060% des d\u00e9bits vendaient ces produits et 55% en faisaient la publicit\u00e9. Sur les r\u00e9seaux sociaux : 239 publicit\u00e9s pour les sachets de nicotine ont \u00e9t\u00e9 relev\u00e9es sur le seul r\u00e9seau Instagram. Les principaux arguments de vente sont la possibilit\u00e9 de consommer ces produits o\u00f9 il est interdit de fumer\/vapoter et la disponibilit\u00e9 des ar\u00f4mes. Le CNCT avait \u00e9galement point\u00e9 qu\u2019aucune v\u00e9rification rigoureuse de l\u2019\u00e2ge n\u2019\u00e9tait effectu\u00e9e sur les sites internet vendant les sachets de nicotine.<\/p>\n<h2 style=\"text-align: justify\"><strong>Des produits ill\u00e9galement en vente <\/strong><\/h2>\n<p style=\"text-align: justify\">Depuis l\u2019arriv\u00e9e des sachets de nicotine en France en 2022, le CNCT a alert\u00e9 \u00e0 plusieurs reprises les pouvoirs publics et rappel\u00e9 le caract\u00e8re illicite de ces produits en demandant leur interdiction de vente. L\u2019association rappelle que ces produits sont class\u00e9s dans la cat\u00e9gorie des poisons, substances v\u00e9n\u00e9neuses et toxiques. Ils n\u2019appartiennent pas \u00e0 la cat\u00e9gorie des exceptions concernant les produits \u00e0 la nicotine autoris\u00e9s pour le traitement du sevrage tabagique des fumeurs et ne disposent pas d\u2019une autorisation de mise sur le march\u00e9. En mai dernier, le CNCT avait par ailleurs d\u00e9pos\u00e9 une plainte aupr\u00e8s du Procureur de la R\u00e9publique pour trafic de substances v\u00e9n\u00e9neuses class\u00e9es en liste I face \u00e0 la vente ill\u00e9gale de ces sachets<a href=\"#_ftn2\" name=\"_ftnref2\">[2]<\/a>.<\/p>\n<p style=\"text-align: justify\">British American Tobacco (BAT) est le principal fabricant vendant ces produits (de la marque VELO) en France mais des dizaines d\u2019autres marques fabriqu\u00e9es \u00e0 l\u2019\u00e9tranger sont disponibles en ligne.<\/p>\n<p style=\"text-align: justify\">La France serait le troisi\u00e8me pays de l\u2019UE \u00e0 interdire la commercialisation des sachets apr\u00e8s la Belgique et les Pays-Bas.<\/p>\n<p style=\"text-align: justify\"><strong><a href=\"https:\/\/www.generationsanstabac.org\/\">\u00a9G\u00e9n\u00e9ration Sans Tabac<\/a><\/strong><\/p>\n<p style=\"text-align: right\"><strong><em>AE<\/em><\/strong><\/p>\n<hr \/>\n<p style=\"text-align: justify\"><a href=\"#_ftnref1\" name=\"_ftn1\">[1]<\/a> V\u00e9ronique Hunsinger , <a href=\"https:\/\/www.leparisien.fr\/societe\/sante\/cest-de-notre-devoir-de-les-interdire-les-pouches-un-succes-qui-inquiete-la-ministre-de-la-sante-29-10-2024-DLXBSNEURRGUXPVUNKMF3YVLAE.php\">\u00ab C\u2019est de notre devoir de les interdire \u00bb : les pouches, ces sachets de nicotine qui inqui\u00e8tent la ministre<\/a>, Le Parisien, publi\u00e9 le 29 octobre 2024, consult\u00e9 le 30 octobre 2024<\/p>\n<p style=\"text-align: justify\"><a href=\"#_ftnref2\" name=\"_ftn2\">[2]<\/a> Communiqu\u00e9 de presse, <a href=\"https:\/\/cnct.fr\/communiques\/le-cnct-demande-linterdiction-des-sachets-de-nicotine-vendus-illegalement-en-france-et-depose-une-plainte\/\">Le CNCT demande l\u2019interdiction des sachets de nicotine, vendus ill\u00e9galement en France et d\u00e9pose une plainte<\/a>, publi\u00e9 le 29 mai 2024, consult\u00e9 le 30 octobre 2024<\/p>\n<p><span style=\"color: #999999\"><strong><a style=\"color: #999999\" href=\"http:\/\/www.cnct.fr\/\" target=\"_blank\" rel=\"noopener noreferrer\">Comit\u00e9 national contre le tabagisme |<\/a><\/strong><\/span><\/p>\n","protected":false},"excerpt":{"rendered":"<p>In an interview with Le Parisien on October 29, Health Minister Genevi\u00e8ve Darrieussecq announced the upcoming ban on nicotine pouches, which are very popular among young people. Similar products such as nicotine pearls will also be affected by the ban. The minister stated that these products are dangerous and toxic because they contain high doses of nicotine.<\/p>","protected":false},"featured_media":11819,"template":"","tags":[],"thematique":[516,491],"class_list":["post-22710","actualites","type-actualites","status-publish","has-post-thumbnail","hentry","thematique-nouveaux-produits","thematique-politiques-publiques"],"acf":[],"_links":{"self":[{"href":"https:\/\/www.generationsanstabac.org\/en\/wp-json\/wp\/v2\/actualites\/22710","targetHints":{"allow":["GET"]}}],"collection":[{"href":"https:\/\/www.generationsanstabac.org\/en\/wp-json\/wp\/v2\/actualites"}],"about":[{"href":"https:\/\/www.generationsanstabac.org\/en\/wp-json\/wp\/v2\/types\/actualites"}],"version-history":[{"count":0,"href":"https:\/\/www.generationsanstabac.org\/en\/wp-json\/wp\/v2\/actualites\/22710\/revisions"}],"wp:featuredmedia":[{"embeddable":true,"href":"https:\/\/www.generationsanstabac.org\/en\/wp-json\/wp\/v2\/media\/11819"}],"wp:attachment":[{"href":"https:\/\/www.generationsanstabac.org\/en\/wp-json\/wp\/v2\/media?parent=22710"}],"wp:term":[{"taxonomy":"post_tag","embeddable":true,"href":"https:\/\/www.generationsanstabac.org\/en\/wp-json\/wp\/v2\/tags?post=22710"},{"taxonomy":"thematique","embeddable":true,"href":"https:\/\/www.generationsanstabac.org\/en\/wp-json\/wp\/v2\/thematique?post=22710"}],"curies":[{"name":"wp","href":"https:\/\/api.w.org\/{rel}","templated":true}]}}