{"id":22687,"date":"2024-10-24T10:00:49","date_gmt":"2024-10-24T08:00:49","guid":{"rendered":"https:\/\/www.generationsanstabac.org\/?post_type=actualites&#038;p=22687"},"modified":"2024-10-28T17:26:54","modified_gmt":"2024-10-28T16:26:54","slug":"le-cnct-appelle-le-gouvernement-a-augmenter-les-taxes-sur-le-tabac","status":"publish","type":"actualites","link":"https:\/\/www.generationsanstabac.org\/en\/actualites\/le-cnct-appelle-le-gouvernement-a-augmenter-les-taxes-sur-le-tabac\/","title":{"rendered":"CNCT calls on government to increase tobacco taxes"},"content":{"rendered":"<p style=\"text-align: justify\"><em>While several parliamentarians are calling for the implementation of a tax trajectory on all tobacco products, the National Committee against Smoking is urging the government to accede to their request and significantly increase taxes, as well as explicitly ban nicotine pouches. <\/em><\/p>\n<p style=\"text-align: justify\">As part of the debates on the Finance Bill (PLF) and the Social Security Financing Bill (PLFSS), several parliamentarians consider it necessary to implement an ambitious tax policy on all tobacco products, including Yannick Neuder, general rapporteur of the Social Affairs Committee in the National Assembly, Karl Olive, Michel Lauzzana, Philippe Juvin, Nicolas Thierry and Micka\u00ebl Bouloux.<\/p>\n<h2 style=\"text-align: justify\"><strong>The effectiveness of tax increases in reducing tobacco consumption<\/strong><\/h2>\n<p style=\"text-align: justify\">As the CNCT points out in its press release, when they are repeated and significant, tax increases are the most effective tool for reducing tobacco consumption, particularly among young people and disadvantaged populations, who are most sensitive to the price argument. Despite the proven effectiveness of tax increases under the first Cancer Plan and the \u20ac10 packet policy (2017-2020), no tax trajectory has been put in place over the last four years, which have been characterized by a deterioration in the health situation.<\/p>\n<h2 style=\"text-align: justify\"><strong>A set of benefits expected beyond the health field<\/strong><\/h2>\n<p style=\"text-align: justify\">According to the anti-smoking NGO, there is currently no justification for abandoning the tax tool. First, according to figures from the French Observatory for Drugs and Addictive Behaviors, smoking contributes to increasing the public deficit by two billion euros per year, which could in itself constitute a sufficient argument in a context of budgetary tensions. Furthermore, the CNCT disqualifies the argument that tax increases would penalize the tobacconist network. Indeed, since the latter receive remuneration proportional to the retail sale price, an increase in tobacco prices would result in an increase in their income. In this respect, INSEE figures show that tobacconists&#039; turnover from the sale of tobacco products has increased by 100% since 2015. Finally, data from Sant\u00e9 publique France indicate that the share of parallel markets in national consumption has been stable since at least 2014, invalidating the theory of an increase in illicit trade, regularly put forward by the tobacco sector.<\/p>\n<h2 style=\"text-align: justify\"><strong>CNCT calls for explicit ban on nicotine pouches<\/strong><\/h2>\n<p style=\"text-align: justify\">While several amendments have been tabled by parliamentarians to grant the monopoly on the sale of nicotine pouches to the tobacconist network, the CNCT is calling on the government to explicitly ban the marketing of the products. Indeed, since they do not fall into the category of exceptions concerning authorized nicotine products and do not have a marketing authorization, these products are in reality illegal. However, the observatories regularly conducted by the CNCT make it possible to document their mass marketing through the tobacconist network, since 60% of the outlets visited sold nicotine pouches, and 55% advertised them. In May 2024, the CNCT had already called on the public authorities to ban nicotine pouches, and had filed a complaint with the Public Prosecutor for trafficking in poisonous substances classified in list I.<\/p>\n<p style=\"text-align: justify\"><strong><a href=\"https:\/\/www.generationsanstabac.org\/en\/\">\u00a9Generation Without Tobacco<\/a><\/strong><\/p>\n<p style=\"text-align: right\"><strong><em>FT<\/em><\/strong><\/p>\n<hr \/>\n<p><span style=\"color: #999999\"><strong><a style=\"color: #999999\" href=\"http:\/\/www.cnct.fr\/\" target=\"_blank\" rel=\"noopener noreferrer\">National Committee Against Smoking |<\/a><\/strong><\/span><\/p>","protected":false},"excerpt":{"rendered":"<p>Alors que plusieurs parlementaires demandent la mise en place d\u2019une trajectoire fiscale sur l\u2019ensemble des produits du tabac, le Comit\u00e9 national contre le tabagisme enjoint le gouvernement \u00e0 acc\u00e9der \u00e0 leur demande et \u00e0 augmenter significativement les taxes, ainsi qu\u2019\u00e0 interdire explicitement les sachets de nicotine. Dans le cadre des d\u00e9bats relatifs au Projet de [&hellip;]<\/p>\n","protected":false},"featured_media":22691,"template":"","tags":[],"thematique":[491],"class_list":["post-22687","actualites","type-actualites","status-publish","has-post-thumbnail","hentry","thematique-politiques-publiques"],"acf":[],"_links":{"self":[{"href":"https:\/\/www.generationsanstabac.org\/en\/wp-json\/wp\/v2\/actualites\/22687","targetHints":{"allow":["GET"]}}],"collection":[{"href":"https:\/\/www.generationsanstabac.org\/en\/wp-json\/wp\/v2\/actualites"}],"about":[{"href":"https:\/\/www.generationsanstabac.org\/en\/wp-json\/wp\/v2\/types\/actualites"}],"version-history":[{"count":0,"href":"https:\/\/www.generationsanstabac.org\/en\/wp-json\/wp\/v2\/actualites\/22687\/revisions"}],"wp:featuredmedia":[{"embeddable":true,"href":"https:\/\/www.generationsanstabac.org\/en\/wp-json\/wp\/v2\/media\/22691"}],"wp:attachment":[{"href":"https:\/\/www.generationsanstabac.org\/en\/wp-json\/wp\/v2\/media?parent=22687"}],"wp:term":[{"taxonomy":"post_tag","embeddable":true,"href":"https:\/\/www.generationsanstabac.org\/en\/wp-json\/wp\/v2\/tags?post=22687"},{"taxonomy":"thematique","embeddable":true,"href":"https:\/\/www.generationsanstabac.org\/en\/wp-json\/wp\/v2\/thematique?post=22687"}],"curies":[{"name":"wp","href":"https:\/\/api.w.org\/{rel}","templated":true}]}}