{"id":22667,"date":"2024-10-24T09:00:13","date_gmt":"2024-10-24T07:00:13","guid":{"rendered":"https:\/\/www.generationsanstabac.org\/?post_type=actualites&#038;p=22667"},"modified":"2024-10-22T16:26:23","modified_gmt":"2024-10-22T14:26:23","slug":"pays-bas-larrivee-des-smart-vapes-inquiete-les-acteurs-de-sante","status":"publish","type":"actualites","link":"https:\/\/www.generationsanstabac.org\/en\/actualites\/pays-bas-larrivee-des-smart-vapes-inquiete-les-acteurs-de-sante\/","title":{"rendered":"Netherlands: The arrival of \u201csmart vapes\u201d worries health professionals"},"content":{"rendered":"<p style=\"text-align: justify\"><em>Les m\u00e9decins n\u00e9erlandais s&rsquo;inqui\u00e8tent de l&rsquo;arriv\u00e9e d&rsquo;une nouvelle g\u00e9n\u00e9ration de cigarettes \u00e9lectroniques, appel\u00e9es \u00ab smart vapes \u00bb. Il s\u2019agit de dispositifs qui combinent vapotage et fonctionnalit\u00e9s connect\u00e9es comme des \u00e9crans tactiles et des options de communication, ce qui transforme la cigarette \u00e9lectronique en un gadget. Elles sont susceptibles d\u2019attirer un jeune public et de renforcer la d\u00e9pendance \u00e0 la nicotine. Un de ces dispositifs a r\u00e9cemment \u00e9t\u00e9 rep\u00e9r\u00e9 chez un adolescent de 16 ans \u00e0 l\u2019h\u00f4pital Amphia de Breda, aux Pays-Bas<a href=\"#_ftn1\" name=\"_ftnref1\">[1]<\/a>.<\/em><\/p>\n<h2 style=\"text-align: justify\"><strong>Des dispositifs m\u00ealant vapotage et smartphone<\/strong><\/h2>\n<p style=\"text-align: justify\">Les \u00ab smart vapes \u00bb se d\u00e9marquent des cigarettes \u00e9lectroniques classiques par leurs technologies avanc\u00e9es. En plus de permettre le vapotage, elles offrent des options comme le Bluetooth, la r\u00e9ception de messages, et m\u00eame des jeux. Par exemple, le mod\u00e8le WeFume permet de surveiller la consommation de nicotine en temps r\u00e9el via un \u00e9cran, de contr\u00f4ler la musique et de recevoir des notifications.<\/p>\n<p style=\"text-align: justify\">En associant le vapotage \u00e0 des activit\u00e9s num\u00e9riques populaires chez les jeunes, comme les jeux et les r\u00e9seaux sociaux, ces dispositifs cr\u00e9ent une exp\u00e9rience qui rappelle celle du smartphone. Cette association rend les \u00ab\u00a0smart vapes\u00a0\u00bb particuli\u00e8rement attractives pour les adolescents. \u00ab Ils ont combin\u00e9 les deux produits les plus addictifs pour les enfants : le t\u00e9l\u00e9phone et la vape, pour cr\u00e9er un produit encore plus addictif \u00bb, explique Danielle Cohen, pathologiste pulmonaire au centre m\u00e9dical de l\u2019Universit\u00e9 de Leyde (LUMC)<a href=\"#_ftn2\" name=\"_ftnref2\">[2]<\/a>.<\/p>\n<h2 style=\"text-align: justify\"><strong>Des produits attractifs mais accessibles ill\u00e9galement<\/strong><\/h2>\n<p style=\"text-align: justify\">Depuis janvier 2024, les Pays-Bas interdisent les liquides aromatis\u00e9s, \u00e0 l&rsquo;exception de ceux au go\u00fbt de tabac. Pourtant, les \u00ab smart vapes \u00bb restent disponibles en ligne avec de nombreux ar\u00f4mes interdits. C\u2019est principalement la pr\u00e9sence de ces saveurs qui rend leur vente ill\u00e9gale. Toutefois, la l\u00e9gislation est moins claire pour les dispositifs sans ar\u00f4mes, qui pourraient \u00eatre autoris\u00e9s s&rsquo;ils ne contiennent que des liquides conformes \u00e0 la r\u00e9glementation.<\/p>\n<p style=\"text-align: justify\">Il a \u00e9galement \u00e9t\u00e9 signal\u00e9 que ces produits peuvent \u00eatre obtenus \u00ab sous le comptoir \u00bb dans certains magasins. Cette facilit\u00e9 d&rsquo;acc\u00e8s alarme les professionnels de sant\u00e9, car elle contribue \u00e0 la diffusion de ces dispositifs parmi les jeunes. En effet, avec leurs fonctions ludiques et sociales, ces vapes deviennent un compagnon du quotidien pour les jeunes, incitant \u00e0 une consommation plus fr\u00e9quente.<\/p>\n<h2 style=\"text-align: justify\"><strong>La n\u00e9cessit\u00e9 d\u2019une r\u00e9glementation urgente pour prot\u00e9ger les jeunes<\/strong><\/h2>\n<p style=\"text-align: justify\">Face \u00e0 la prolif\u00e9ration de ces nouvelles formes de cigarettes \u00e9lectroniques, les acteurs de sant\u00e9 appellent \u00e0 une r\u00e9glementation plus stricte, semblable \u00e0 celle d\u00e9j\u00e0 appliqu\u00e9e aux produits du tabac. La NVWA, l&rsquo;agence n\u00e9erlandaise de s\u00e9curit\u00e9 des produits et le minist\u00e8re de la Sant\u00e9 travaillent \u00e0 des mesures pour mieux encadrer la vente de ces dispositifs. Les professionnels de sant\u00e9 estiment que des actions comme l\u2019interdiction des vapes jetables et la limitation des fonctionnalit\u00e9s connect\u00e9es contribueraient \u00e0 limiter leur propagation de ces produits chez les jeunes.<\/p>\n<p style=\"text-align: justify\">Les \u00ab smart vapes \u00bb soul\u00e8vent \u00e9galement des pr\u00e9occupations environnementales, en raison de la difficult\u00e9 \u00e0 recycler les composants \u00e9lectroniques comme les \u00e9crans et les batteries. Les organisations de sant\u00e9 publique et environnementales demandent \u00e9galement que ces enjeux soient pris en compte dans les discussions internationales actuellement en cours pour parvenir \u00e0 un trait\u00e9 international consacr\u00e9 \u00e0\u00a0 la r\u00e9duction de la pollution plastique<a href=\"#_ftn3\" name=\"_ftnref3\">[3]<\/a>.<\/p>\n<p style=\"text-align: justify\"><strong><a href=\"https:\/\/www.generationsanstabac.org\/\">\u00a9G\u00e9n\u00e9ration Sans Tabac<\/a><\/strong><\/p>\n<p style=\"text-align: right\"><strong><em>RK<\/em><\/strong><\/p>\n<hr \/>\n<p style=\"text-align: justify\"><a href=\"#_ftnref1\" name=\"_ftn1\">[1]<\/a> <a href=\"https:\/\/nltimes.nl\/2024\/10\/18\/smart-vapes-arrived-netherlands-doctor-concerned\">https:\/\/nltimes.nl\/2024\/10\/18\/smart-vapes-arrived-netherlands-doctor-concerned<\/a> (consult\u00e9 le 21\/10\/2024)<\/p>\n<p style=\"text-align: justify\"><a href=\"#_ftnref2\" name=\"_ftn2\">[2]<\/a> <a href=\"https:\/\/nltimes.nl\/2024\/10\/18\/smart-vapes-arrived-netherlands-doctor-concerned\">https:\/\/nltimes.nl\/2024\/10\/18\/smart-vapes-arrived-netherlands-doctor-concerned<\/a> (consult\u00e9 le 21\/10\/2024)<\/p>\n<p style=\"text-align: justify\"><a href=\"#_ftnref3\" name=\"_ftn3\">[3]<\/a> <a href=\"https:\/\/www.generationsanstabac.org\/fr\/actualites\/des-cigarettes-electroniques-a-ecran-tactile-dotees-de-jeux-video-pour-attirer-les-plus-jeunes\/\">https:\/\/www.generationsanstabac.org\/fr\/actualites\/des-cigarettes-electroniques-a-ecran-tactile-dotees-de-jeux-video-pour-attirer-les-plus-jeunes\/<\/a> (consult\u00e9 le 21\/10\/2024)<\/p>\n<p><span style=\"color: #999999\"><strong><a style=\"color: #999999\" href=\"http:\/\/www.cnct.fr\/\" target=\"_blank\" rel=\"noopener noreferrer\">Comit\u00e9 national contre le tabagisme |<\/a><\/strong><\/span><\/p>\n","protected":false},"excerpt":{"rendered":"<p>Dutch doctors are concerned about the arrival of a new generation of e-cigarettes, called &quot;smart vapes.&quot; These are devices that combine vaping with connected features such as touchscreens and communication options.<\/p>","protected":false},"featured_media":21985,"template":"","tags":[],"thematique":[516,474],"class_list":["post-22667","actualites","type-actualites","status-publish","has-post-thumbnail","hentry","thematique-nouveaux-produits","thematique-sante"],"acf":[],"_links":{"self":[{"href":"https:\/\/www.generationsanstabac.org\/en\/wp-json\/wp\/v2\/actualites\/22667","targetHints":{"allow":["GET"]}}],"collection":[{"href":"https:\/\/www.generationsanstabac.org\/en\/wp-json\/wp\/v2\/actualites"}],"about":[{"href":"https:\/\/www.generationsanstabac.org\/en\/wp-json\/wp\/v2\/types\/actualites"}],"version-history":[{"count":0,"href":"https:\/\/www.generationsanstabac.org\/en\/wp-json\/wp\/v2\/actualites\/22667\/revisions"}],"wp:featuredmedia":[{"embeddable":true,"href":"https:\/\/www.generationsanstabac.org\/en\/wp-json\/wp\/v2\/media\/21985"}],"wp:attachment":[{"href":"https:\/\/www.generationsanstabac.org\/en\/wp-json\/wp\/v2\/media?parent=22667"}],"wp:term":[{"taxonomy":"post_tag","embeddable":true,"href":"https:\/\/www.generationsanstabac.org\/en\/wp-json\/wp\/v2\/tags?post=22667"},{"taxonomy":"thematique","embeddable":true,"href":"https:\/\/www.generationsanstabac.org\/en\/wp-json\/wp\/v2\/thematique?post=22667"}],"curies":[{"name":"wp","href":"https:\/\/api.w.org\/{rel}","templated":true}]}}