{"id":22612,"date":"2024-10-16T09:00:37","date_gmt":"2024-10-16T07:00:37","guid":{"rendered":"https:\/\/www.generationsanstabac.org\/?post_type=actualites&#038;p=22612"},"modified":"2024-10-16T14:23:27","modified_gmt":"2024-10-16T12:23:27","slug":"lautriche-soppose-aux-recommandations-europeennes-sur-lextension-des-espaces-sans-tabac","status":"publish","type":"actualites","link":"https:\/\/www.generationsanstabac.org\/en\/actualites\/lautriche-soppose-aux-recommandations-europeennes-sur-lextension-des-espaces-sans-tabac\/","title":{"rendered":"Austria opposes European recommendations on expanding smoke-free areas"},"content":{"rendered":"<p style=\"text-align: justify\"><em>En septembre 2024, la Commission europ\u00e9enne a propos\u00e9 d&rsquo;\u00e9tendre les lieux sans tabac dans toute l&rsquo;Union europ\u00e9enne<a href=\"#_ftn1\" name=\"_ftnref1\">[1]<\/a>. Bien que cette proposition ne soit pas juridiquement contraignante, elle r\u00e9pond \u00e0 une demande croissante des organismes de sant\u00e9 publique. L&rsquo;objectif est d&rsquo;interdire le tabac dans des espaces ext\u00e9rieurs notamment fr\u00e9quent\u00e9s par des enfants, comme les aires de jeux, les piscines et les terrasses des restaurants, afin de r\u00e9duire l&rsquo;exposition au tabagisme passif, un enjeu de sant\u00e9 publique de premier plan.<\/em><\/p>\n<p style=\"text-align: justify\">La r\u00e9action de l\u2019Autriche \u00e0 cette proposition illustre les difficult\u00e9s du pays \u00e0 d\u00e9finir une strat\u00e9gie compl\u00e8te de lutte contre le tabagisme, malgr\u00e9 une pr\u00e9valence \u00e9lev\u00e9e du tabac. En effet, l\u2019Autriche subit de lourdes cons\u00e9quences sur la sant\u00e9 publique, avec une mortalit\u00e9 li\u00e9e au tabac atteignant 14 000 d\u00e9c\u00e8s<a href=\"#_ftn2\" name=\"_ftnref2\">[2]<\/a> par an ce qui souligne l\u2019urgence d\u2019adopter des mesures plus strictes.<\/p>\n<h2 style=\"text-align: justify\"><strong>Opposition politique en Autriche<\/strong><\/h2>\n<p style=\"text-align: justify\">Contrairement \u00e0 d&rsquo;autres pays, l&rsquo;Autriche a rapidement rejet\u00e9 cette recommandation. Les diff\u00e9rents partis politiques du pays, allant de la droite conservatrice \u00e0 la gauche sociale-d\u00e9mocrate, s&rsquo;opposent unanimement \u00e0 ces nouvelles restrictions. Ils estiment que des mesures suppl\u00e9mentaires ne devraient pas \u00eatre impos\u00e9es par l&rsquo;Union europ\u00e9enne, pr\u00e9f\u00e9rant que ce type de d\u00e9cisions rel\u00e8ve de la souverainet\u00e9 nationale. Pour eux, la sensibilisation et l&rsquo;\u00e9ducation constituent des solutions plus appropri\u00e9es pour r\u00e9duire la consommation de tabac<a href=\"#_ftn3\" name=\"_ftnref3\">[3]<\/a>. Ce discours, tr\u00e8s proche de celui de l\u2019industrie du tabac, met en avant la sensibilisation et l\u2019\u00e9ducation comme solutions plua appropri\u00e9es pour r\u00e9duire la consommation de tabac, alors m\u00eame que les interdictions de fumer sont des mesures reconnues de pr\u00e9vention.<\/p>\n<h2 style=\"text-align: justify\"><strong>Des r\u00e9percussions \u00e9conomiques sur le secteur de la restauration\u00a0?<\/strong><\/h2>\n<p style=\"text-align: justify\">L&rsquo;impact \u00e9conomique est l&rsquo;une des principales pr\u00e9occupations des opposants \u00e0 l&rsquo;extension des espaces sans tabac. Les professionnels de la restauration redoutent que l&rsquo;interdiction de fumer sur les terrasses entra\u00eene une baisse significative du chiffre d&rsquo;affaires<a href=\"#_ftn4\" name=\"_ftnref4\">[4]<\/a>, une position \u00e9galement d\u00e9fendue par l\u2019industrie du tabac. Pourtant, il est d\u00e9montr\u00e9 que ces craintes ne sont pas av\u00e9r\u00e9es\u00a0: les restrictions sur l\u2019usage du tabac n\u2019ont pas d\u2019impact n\u00e9gatif sur l\u2019\u00e9conomie des \u00e9tablissements. Au contraire, elles peuvent m\u00eame avoir des effets positifs \u00e0 long terme, en attirant une client\u00e8le plus large.<\/p>\n<h2 style=\"text-align: justify\"><strong>Des mesures d\u00e9j\u00e0 en place, mais des efforts insuffisants<\/strong><\/h2>\n<p style=\"text-align: justify\">Malgr\u00e9 son opposition \u00e0 une extension des interdictions, l&rsquo;Autriche a d\u00e9j\u00e0 adopt\u00e9 certaines mesures pour prot\u00e9ger les non-fumeurs. Depuis 2019, les terrasses couvertes doivent respecter des r\u00e8gles strictes de ventilation. Fumer dans les \u00e9coles et les cr\u00e8ches est \u00e9galement interdit. Ces mesures sont souvent mises en avant par les responsables politiques autrichiens comme preuve que le pays a pris des mesures suffisantes pour limiter les risques li\u00e9s au tabagisme passif.<\/p>\n<p style=\"text-align: justify\">Toutefois, l&rsquo;association Pro Rauchfrei et d&rsquo;autres d\u00e9fenseurs de la sant\u00e9 publique soutiennent que ces efforts ne suffisent pas\u00a0: En r\u00e9alit\u00e9, la ventilation ne constitue pas une solution efficace au tabagisme passif. D\u2019ailleurs, l\u2019Autriche reste l\u2019un des pays les plus en retard en mati\u00e8re de contr\u00f4le du tabac, comme le montre son classement d\u00e9favorable dans l\u2019\u00e9chelle europ\u00e9enne de lutte contre le tabagisme<a href=\"#_ftn5\" name=\"_ftnref5\">[5]<\/a>. De plus, l\u2019association rappelle que les objections mises en avant par les opposants sont contredites par l\u2019exp\u00e9rience de nombreux pays qui ont adopt\u00e9 les interdictions similaires, comme l\u2019Angleterre, qui n\u2019ont pas eu un impact \u00e9conomique n\u00e9gatif. Les recommandations de l&rsquo;Union europ\u00e9enne permettraient de mieux prot\u00e9ger les enfants et les non-fumeurs dans les lieux publics, et de cr\u00e9er un environnement plus sain pour tous.<\/p>\n<h2 style=\"text-align: justify\"><strong>L&rsquo;avenir de la r\u00e9glementation du tabac en Autriche<\/strong><\/h2>\n<p style=\"text-align: justify\">Alors que l&rsquo;Autriche d\u00e9bat de la l\u00e9gislation sur le tabac, un autre enjeu de sant\u00e9 publique \u00e9merge : les nouveaux produits du tabac, comme les sachets de nicotine et les cigarettes \u00e9lectroniques. Ces produits \u00a0surtout populaires chez les jeunes, ne sont pas encore pleinement r\u00e9glement\u00e9s en Autriche. Le minist\u00e8re de la Sant\u00e9 travaille actuellement sur des amendements \u00e0 la loi pour inclure ces produits dans la r\u00e9glementation.<\/p>\n<p style=\"text-align: justify\"><strong><a href=\"https:\/\/www.generationsanstabac.org\/\">\u00a9G\u00e9n\u00e9ration Sans Tabac<\/a><\/strong><\/p>\n<p style=\"text-align: right\"><b><i>RK<\/i><\/b><\/p>\n<hr \/>\n<p style=\"text-align: justify\"><a href=\"#_ftnref1\" name=\"_ftn1\">[1]<\/a> <a href=\"https:\/\/health.ec.europa.eu\/publications\/proposal-council-recommendation-smoke-and-aerosol-free-environments_en\">https:\/\/health.ec.europa.eu\/publications\/proposal-council-recommendation-smoke-and-aerosol-free-environments_en<\/a> (consult\u00e9 le 10\/10\/2024)<\/p>\n<p style=\"text-align: justify\"><a href=\"#_ftnref2\" name=\"_ftn2\">[2]<\/a> <a href=\"https:\/\/www.meduniwien.ac.at\/web\/ueber-uns\/news\/detailseite\/2018\/news-im-maerz-2018\/medizinerinnen-kontra-rauchen-jaehrlich-6-millionen-todesfaelle-durch-tabakkonsum-14000-in-oesterreich\/\">https:\/\/www.meduniwien.ac.at\/web\/ueber-uns\/news\/detailseite\/2018\/news-im-maerz-2018\/medizinerinnen-kontra-rauchen-jaehrlich-6-millionen-todesfaelle-durch-tabakkonsum-14000-in-oesterreich\/<\/a> (consult\u00e9 le 11\/10\/2024)<\/p>\n<p style=\"text-align: justify\"><a href=\"#_ftnref3\" name=\"_ftn3\">[3]<\/a> <a href=\"https:\/\/www.vienna.at\/osterreich-lehnt-eu-empfehlung-zu-mehr-rauchfreien-zonen-ab\/8995954\">https:\/\/www.vienna.at\/osterreich-lehnt-eu-empfehlung-zu-mehr-rauchfreien-zonen-ab\/8995954<\/a> (consult\u00e9 le 10\/10\/2024)<\/p>\n<p style=\"text-align: justify\"><a href=\"#_ftnref4\" name=\"_ftn4\">[4]<\/a> <a href=\"https:\/\/www.kronehit.at\/news\/rauchfrei-im-schanigarten\/\">https:\/\/www.kronehit.at\/news\/rauchfrei-im-schanigarten\/<\/a> (consult\u00e9 le 10\/10\/2024)<\/p>\n<p style=\"text-align: justify\"><a href=\"#_ftnref5\" name=\"_ftn5\">[5]<\/a> <a href=\"https:\/\/www.tobaccocontrolscale.org\/wp-content\/uploads\/2022\/12\/TCS-Report-2021-Interactive-V4.pdf\">https:\/\/www.tobaccocontrolscale.org\/wp-content\/uploads\/2022\/12\/TCS-Report-2021-Interactive-V4.pdf<\/a> (consult\u00e9 le 11\/10\/2024)<\/p>\n<p style=\"text-align: justify\"><span style=\"color: #999999\"><strong><a style=\"color: #999999\" href=\"http:\/\/www.cnct.fr\/\" target=\"_blank\" rel=\"noopener noreferrer\">Comit\u00e9 national contre le tabagisme |<\/a><\/strong><\/span><\/p>\n","protected":false},"excerpt":{"rendered":"<p>In September 2024, the European Commission proposed expanding smoke-free spaces across the European Union. While this proposal is not legally binding, it responds to a growing demand from public health agencies. The goal is to ban smoking in outdoor spaces frequented by children, such as playgrounds, swimming pools, and restaurant terraces, in order to reduce exposure to secondhand smoke, a major public health issue.<\/p>","protected":false},"featured_media":22615,"template":"","tags":[],"thematique":[491,474],"class_list":["post-22612","actualites","type-actualites","status-publish","has-post-thumbnail","hentry","thematique-politiques-publiques","thematique-sante"],"acf":[],"_links":{"self":[{"href":"https:\/\/www.generationsanstabac.org\/en\/wp-json\/wp\/v2\/actualites\/22612","targetHints":{"allow":["GET"]}}],"collection":[{"href":"https:\/\/www.generationsanstabac.org\/en\/wp-json\/wp\/v2\/actualites"}],"about":[{"href":"https:\/\/www.generationsanstabac.org\/en\/wp-json\/wp\/v2\/types\/actualites"}],"version-history":[{"count":0,"href":"https:\/\/www.generationsanstabac.org\/en\/wp-json\/wp\/v2\/actualites\/22612\/revisions"}],"wp:featuredmedia":[{"embeddable":true,"href":"https:\/\/www.generationsanstabac.org\/en\/wp-json\/wp\/v2\/media\/22615"}],"wp:attachment":[{"href":"https:\/\/www.generationsanstabac.org\/en\/wp-json\/wp\/v2\/media?parent=22612"}],"wp:term":[{"taxonomy":"post_tag","embeddable":true,"href":"https:\/\/www.generationsanstabac.org\/en\/wp-json\/wp\/v2\/tags?post=22612"},{"taxonomy":"thematique","embeddable":true,"href":"https:\/\/www.generationsanstabac.org\/en\/wp-json\/wp\/v2\/thematique?post=22612"}],"curies":[{"name":"wp","href":"https:\/\/api.w.org\/{rel}","templated":true}]}}