{"id":22581,"date":"2024-10-11T09:00:30","date_gmt":"2024-10-11T07:00:30","guid":{"rendered":"https:\/\/www.generationsanstabac.org\/?post_type=actualites&#038;p=22581"},"modified":"2024-10-11T11:04:39","modified_gmt":"2024-10-11T09:04:39","slug":"instagram-permet-de-contourner-linterdiction-des-cigarettes-electroniques-au-bresil","status":"publish","type":"actualites","link":"https:\/\/www.generationsanstabac.org\/en\/actualites\/instagram-permet-de-contourner-linterdiction-des-cigarettes-electroniques-au-bresil\/","title":{"rendered":"Instagram Helps Get Around Brazil&#039;s E-Cigarette Ban"},"content":{"rendered":"<p style=\"text-align: justify\"><em>Les politiques du groupe Meta (Facebook et Instagram) autorisent les magasins \u00e0 acheter, vendre, \u00e9changer, offrir ou demander des e-cigarettes sur ses plateformes, s\u2019opposant ainsi directement \u00e0 l&rsquo;interdiction de commercialisation des e-cigarettes au Br\u00e9sil depuis 2009.<\/em><\/p>\n<p style=\"text-align: justify\">Les politiques de contenu de Meta permettent d&rsquo;acheter, de vendre, d&rsquo;\u00e9changer, d&rsquo;offrir et de demander des produits \u00e0 base de nicotine, dont des cigarettes \u00e9lectroniques, par le biais de profils g\u00e9r\u00e9s par des magasins \u00ab l\u00e9gitimes \u00bb. L&rsquo;utilisation des e-cigarettes a fortement augment\u00e9 dans le pays au cours des derni\u00e8res ann\u00e9es, les ventes \u00e9tant en partie stimul\u00e9es par les plateformes de m\u00e9dias sociaux comme Instagram et WhatsApp, selon un <a href=\"https:\/\/www.gov.br\/mj\/pt-br\/assuntos\/sua-protecao\/politicas-sobre-drogas\/arquivo-manual-de-avaliacao-e-alienacao-de-bens\/pnud_singles_v10.pdf\">rapport du gouvernement<\/a>. Pendant ce temps, l\u2019industrie du tabac fait pression en faveur de leur l\u00e9galisation, mena\u00e7ant de faire reculer des d\u00e9cennies de baisse de la consommation de tabac.<\/p>\n<h2 style=\"text-align: justify\"><strong>Hausse de la consommation de dispositifs de vapotage ill\u00e9gaux<\/strong><\/h2>\n<p style=\"text-align: justify\">Le gouvernement br\u00e9silien a interdit la vente, l&rsquo;importation et la publicit\u00e9 des e-cigarettes en 2009. Pendant un certain temps, il a sembl\u00e9 que l&rsquo;interdiction avait r\u00e9ussi \u00e0 maintenir les taux de vapotage \u00e0 un niveau bas. Selon Covitel, une enqu\u00eate nationale visant \u00e0 surveiller les facteurs de risque des maladies chroniques au Br\u00e9sil, 0,6 % des personnes \u00e2g\u00e9es de 18 \u00e0 24 ans <a href=\"https:\/\/www.gov.br\/inca\/pt-br\/assuntos\/gestor-e-profissional-de-saude\/observatorio-da-politica-nacional-de-controle-do-tabaco\/dados-e-numeros-do-tabagismo\/def-dados-e-numeros\">\u00e9taient des utilisateurs r\u00e9guliers d&rsquo;e-cigarettes<\/a> en 2022. \u00c0 titre de comparaison, aux \u00c9tats-Unis et au Canada, 6,4 % et 7,2 % des personnes \u00e2g\u00e9es de 16 \u00e0 19 ans vapotaient r\u00e9guli\u00e8rement en 2022.<\/p>\n<p style=\"text-align: justify\">Mais l&rsquo;utilisation et le commerce illicite de dispositifs de vapotage ont fortement augment\u00e9 au Br\u00e9sil. Entre 2018 et 2023, le nombre de Br\u00e9siliens ayant admis avoir vapot\u00e9 au cours des 30 jours pr\u00e9c\u00e9dant l&rsquo;enqu\u00eate est pass\u00e9 d&rsquo;un peu plus de 499 000 personnes \u00e0 plus de 2,87 millions, selon une <a href=\"https:\/\/static.poder360.com.br\/2024\/01\/ipec-pesquisa-cigarros-eletronicos-2023.pdf\">\u00e9tude r\u00e9alis\u00e9e par Ipec<\/a>, une soci\u00e9t\u00e9 d&rsquo;\u00e9tudes de march\u00e9 et de sondages d&rsquo;opinion. Le nombre de vapes illicites saisies chez les vendeurs est pass\u00e9 d\u2019un peu plus de 21 000 \u00e0 environ 1,37 million par an au cours de cette p\u00e9riode, selon les autorit\u00e9s fiscales.<\/p>\n<h2 style=\"text-align: justify\"><strong>L\u2019utilisation d\u2019Instagram pour contourner la loi br\u00e9silienne<\/strong><\/h2>\n<p style=\"text-align: justify\">Bien que l\u2019entreprise Meta permette \u00e0 des boutiques comme les magasins de briques et de mortier de vendre des produits du tabac et de la nicotine par l&rsquo;interm\u00e9diaire de ses plateformes, elle interdit aux boutiques d&rsquo;utiliser ses outils publicitaires pour stimuler ce contenu aupr\u00e8s d&rsquo;un public plus large (sponsorisation de contenus). Pour contourner cette restriction, les vendeurs se sont tourn\u00e9s vers la publicit\u00e9 via des influenceurs et la cr\u00e9ation de comptes en masse.<\/p>\n<p style=\"text-align: justify\">Une r\u00e9cente enqu\u00eate du N\u00facleo Jornalismo a r\u00e9v\u00e9l\u00e9 qu&rsquo;une marque de vapotage, Nikbar, a cr\u00e9\u00e9 un r\u00e9seau d&rsquo;au moins 44 comptes ax\u00e9s sur plusieurs villes br\u00e9siliennes pour vendre des e-cigarettes sur Instagram. La marque a fait la promotion de ces comptes en partenariat avec plus de 25 influenceurs num\u00e9riques, dont le chanteur de funk MC Kevinho et le chanteur de country Z\u00e9 Felipe, dont le nombre total de followers sur la plateforme d\u00e9passe les 50 millions.<\/p>\n<p style=\"text-align: justify\">Le m\u00e9dia \u00ab <em>Rest of World<\/em> \u00bb a trouv\u00e9 plus de 100 publicit\u00e9s payantes d&rsquo;une seule marque d&rsquo;e-cigarettes ciblant les Br\u00e9siliens sur Facebook. Interrog\u00e9s, certains vendeurs au Br\u00e9sil affirment qu&rsquo;ils ne violent pas les r\u00e8gles d&rsquo;Instagram<em>. \u00ab Les posts ne sont mis en ligne que si Meta nous autorise ; ce sont eux qui dictent ce que vous pouvez et ne pouvez pas [poster] \u00bb.<\/em><\/p>\n<p style=\"text-align: justify\">Anvisa, l&rsquo;agence de r\u00e9gulation sanitaire du pays, surveille en permanence le contenu des m\u00e9dias sociaux. Entre janvier 2023 et juin 2024, l&rsquo;agence a supprim\u00e9 plus de 16 000 URL li\u00e9es au commerce de l&rsquo;e-cigarette en utilisant Epinet, un outil de surveillance bas\u00e9 sur l&rsquo;intelligence artificielle qui recherche en permanence sur Internet la vente de biens interdits au Br\u00e9sil.<\/p>\n<h2 style=\"text-align: justify\"><strong>Les pressions de l\u2019industrie pour l\u00e9galiser la vente des cigarettes \u00e9lectroniques<\/strong><\/h2>\n<p style=\"text-align: justify\">En octobre 2023, la s\u00e9natrice de droite Soraya Thronicke a pr\u00e9sent\u00e9 <a href=\"https:\/\/apublica.org\/2024\/01\/como-a-bancada-do-fumo-virou-defensora-dos-vapes-no-congresso\/\">une proposition de loi<\/a>, soutenue par l&rsquo;industrie du tabac, visant \u00e0 l\u00e9galiser les e-cigarettes et \u00e0 autoriser leur vente en ligne. Elle fait valoir que l&rsquo;interdiction de ces produits a \u00e9t\u00e9 inefficace et qu&rsquo;elle profite au commerce illicite. La proposition de loi a suscit\u00e9 une <a href=\"https:\/\/oglobo.globo.com\/saude\/noticia\/2024\/08\/19\/vape-80-entidades-medicas-assinam-carta-contra-pl-que-libera-cigarros-eletronicos-que-pode-ser-votado-amanha.ghtml\">lettre ouverte<\/a> sign\u00e9e par 80 soci\u00e9t\u00e9s m\u00e9dicales et scientifiques qui s&rsquo;opposent \u00e0 cette l\u00e9galisation.<\/p>\n<p style=\"text-align: justify\">En 2022, l&rsquo;Anvisa a approuv\u00e9 un rapport technique indiquant la n\u00e9cessit\u00e9 de maintenir l&rsquo;interdiction de ces produits et celle d&rsquo;adopter des mesures suppl\u00e9mentaires pour freiner les ventes irr\u00e9guli\u00e8res d&rsquo;e-cigarettes. Etaient notamment pr\u00e9conis\u00e9es la multiplication des contr\u00f4les et la diffusion de campagnes d&rsquo;information sur les effets du vapotage sur la sant\u00e9. Le sujet de l\u2019interdiction a \u00e9t\u00e9 r\u00e9examin\u00e9 par l&rsquo;agence en avril 2024, \u00e0 l&rsquo;issue d&rsquo;une consultation publique qui a permis d&rsquo;entendre les contributions d&rsquo;experts, de fabricants de produits de vapotage et de consommateurs. L&rsquo;Anvisa a, \u00e0 nouveau, pr\u00e9conis\u00e9 de maintenir l\u2019interdiction de la vente de cigarettes \u00e9lectroniques et accessoires associ\u00e9s<a href=\"#_ftn1\" name=\"_ftnref1\">[1]<\/a>.<\/p>\n<p style=\"text-align: justify\">Le Br\u00e9sil a pris des dispositions l\u00e9gislatives fortes pour prot\u00e9ger la sant\u00e9 de ses citoyens. En juillet 2019, le Br\u00e9sil est devenu le deuxi\u00e8me pays \u00e0 mettre pleinement en \u0153uvre toutes les mesures du trait\u00e9 de l\u2019OMS, la Convention cadre pour la Lutte antitabac, dans le but de r\u00e9duire la consommation de tabac et de nicotine et de prot\u00e9ger la population contre les maladies chroniques non transmissibles.<\/p>\n<p style=\"text-align: justify\"><strong><a href=\"https:\/\/www.generationsanstabac.org\/\">\u00a9G\u00e9n\u00e9ration Sans Tabac<\/a><\/strong><\/p>\n<p style=\"text-align: right\"><b><i>AE<\/i><\/b><\/p>\n<hr \/>\n<p style=\"text-align: justify\"><a href=\"#_ftnref1\" name=\"_ftn1\">[1]<\/a> G\u00e9n\u00e9ration sans tabac, <a href=\"https:\/\/www.generationsanstabac.org\/fr\/actualites\/bresil-maintient-interdiction-vente-tabac-chauffe-produits-vapotage\/\">Le Br\u00e9sil maintient l\u2019interdiction de vente du tabac chauff\u00e9 et des produits du vapotage<\/a>, publi\u00e9 le 29 avril 2024, consult\u00e9 le 8 octobre 2024<\/p>\n<p><span style=\"color: #999999\"><strong><a style=\"color: #999999\" href=\"http:\/\/www.cnct.fr\/\" target=\"_blank\" rel=\"noopener noreferrer\">Comit\u00e9 national contre le tabagisme |<\/a><\/strong><\/span><\/p>\n","protected":false},"excerpt":{"rendered":"<p>The policies of the Meta Group (Facebook and Instagram) allow stores to buy, sell, trade, offer, or request e-cigarettes on its platforms, thus directly opposing the ban on the sale of e-cigarettes in Brazil since 2009.<\/p>","protected":false},"featured_media":22584,"template":"","tags":[],"thematique":[538,516],"class_list":["post-22581","actualites","type-actualites","status-publish","has-post-thumbnail","hentry","thematique-marches-paralleles","thematique-nouveaux-produits"],"acf":[],"_links":{"self":[{"href":"https:\/\/www.generationsanstabac.org\/en\/wp-json\/wp\/v2\/actualites\/22581","targetHints":{"allow":["GET"]}}],"collection":[{"href":"https:\/\/www.generationsanstabac.org\/en\/wp-json\/wp\/v2\/actualites"}],"about":[{"href":"https:\/\/www.generationsanstabac.org\/en\/wp-json\/wp\/v2\/types\/actualites"}],"version-history":[{"count":0,"href":"https:\/\/www.generationsanstabac.org\/en\/wp-json\/wp\/v2\/actualites\/22581\/revisions"}],"wp:featuredmedia":[{"embeddable":true,"href":"https:\/\/www.generationsanstabac.org\/en\/wp-json\/wp\/v2\/media\/22584"}],"wp:attachment":[{"href":"https:\/\/www.generationsanstabac.org\/en\/wp-json\/wp\/v2\/media?parent=22581"}],"wp:term":[{"taxonomy":"post_tag","embeddable":true,"href":"https:\/\/www.generationsanstabac.org\/en\/wp-json\/wp\/v2\/tags?post=22581"},{"taxonomy":"thematique","embeddable":true,"href":"https:\/\/www.generationsanstabac.org\/en\/wp-json\/wp\/v2\/thematique?post=22581"}],"curies":[{"name":"wp","href":"https:\/\/api.w.org\/{rel}","templated":true}]}}