{"id":22575,"date":"2024-10-10T09:00:13","date_gmt":"2024-10-10T07:00:13","guid":{"rendered":"https:\/\/www.generationsanstabac.org\/?post_type=actualites&#038;p=22575"},"modified":"2024-10-08T11:01:16","modified_gmt":"2024-10-08T09:01:16","slug":"les-iles-vierges-des-etats-unis-vers-un-relevement-a-21-ans-de-lage-legal-de-vente-du-tabac","status":"publish","type":"actualites","link":"https:\/\/www.generationsanstabac.org\/en\/actualites\/les-iles-vierges-des-etats-unis-vers-un-relevement-a-21-ans-de-lage-legal-de-vente-du-tabac\/","title":{"rendered":"US Virgin Islands to raise legal tobacco sales age to 21"},"content":{"rendered":"<p style=\"text-align: justify\"><em>Les autorit\u00e9s sanitaires des \u00celes Vierges des \u00c9tats-Unis ont manifest\u00e9 leur soutien \u00e0 une proposition visant \u00e0 relever l&rsquo;\u00e2ge l\u00e9gal pour la vente de tabac de 18 \u00e0 21 ans. Pr\u00e9sent\u00e9e devant le Comit\u00e9 du S\u00e9nat pour la sant\u00e9, les h\u00f4pitaux et les services sociaux, cette mesure a pour but de prot\u00e9ger les jeunes, dont le cerveau est plus sensible \u00e0 la d\u00e9pendance \u00e0 la nicotine<a href=\"#_ftn1\" name=\"_ftnref1\">[1]<\/a>. En relevant l&rsquo;\u00e2ge minimum pour la vente de ces produits, le territoire s&rsquo;alignerait sur la l\u00e9gislation f\u00e9d\u00e9rale adopt\u00e9e en 2019, dans le cadre de la loi \u00ab Tobacco 21 \u00bb, d\u00e9j\u00e0 en vigueur aux \u00c9tats-Unis<a href=\"#_ftn2\" name=\"_ftnref2\">[2]<\/a>. Cette harmonisation permettrait non seulement de renforcer la coh\u00e9rence r\u00e9glementaire, mais contribuerait \u00e9galement \u00e0 r\u00e9duire la pr\u00e9valence tabagique en pr\u00e9venant leur initiation et l\u2019installation rapide d\u2019une consommation.<\/em><\/p>\n<p style=\"text-align: justify\">Selon Justa Encarnacion, commissaire \u00e0 la sant\u00e9, les entreprises ne respectant pas ces r\u00e9glementations risqueraient des sanctions, voire la fermeture. Encarnacion a insist\u00e9 sur l&rsquo;importance de cette initiative pour r\u00e9duire le fardeau des maladies li\u00e9es au tabac et les co\u00fbts de sant\u00e9 publique dans le territoire, tout en \u0153uvrant \u00e0 la cr\u00e9ation d&rsquo;une g\u00e9n\u00e9ration sans tabac. Le s\u00e9nateur Ray Fonsecca, auteur de la proposition de loi, a soulign\u00e9 que l&rsquo;immense majorit\u00e9 des fumeurs adultes ont commenc\u00e9 avant 21 ans, et que ceux qui commencent apr\u00e8s cet \u00e2ge sont moins d\u00e9pendants et susceptibles de consommer quotidiennement.<\/p>\n<h2 style=\"text-align: justify\"><strong>R\u00e9duire l&rsquo;usage de tabac parmi les jeunes et les risques de partage entre pairs<\/strong><\/h2>\n<p style=\"text-align: justify\">Selon les autorit\u00e9s sanitaires, le rel\u00e8vement de l&rsquo;\u00e2ge l\u00e9gal pourrait \u00e9galement limiter l\u2019initiation par l\u2019influence des pairs qui se traduit souvent par le partage de tabac entre adolescents, \u00e9tant donn\u00e9 que les jeunes de moins de 21 ans ont peu de contacts avec des personnes plus \u00e2g\u00e9es. En outre, les autorit\u00e9s sanitaires s\u2019inqui\u00e8tent de la consommation du \u00ab\u00a0fonta\u00a0\u00bb \u2013 du tabac \u00e0 feuilles souvent associ\u00e9 au cannabis, pratique courante chez les jeunes. Cette derni\u00e8re, souvent per\u00e7ue comme un moyen d&rsquo;\u00e9vasion, peut nuire au d\u00e9veloppement cognitif des adolescents, leur cerveau n&rsquo;\u00e9tant compl\u00e8tement form\u00e9 qu&rsquo;\u00e0 l&rsquo;\u00e2ge de 25 ans. L\u2019incidence de la nicotine dans le processus de maturation c\u00e9r\u00e9brale a par ailleurs \u00e9t\u00e9 point\u00e9e par les chercheurs et renforce ce risque.<\/p>\n<h2 style=\"text-align: justify\"><strong>Une crise du diab\u00e8te en expansion<\/strong><\/h2>\n<p style=\"text-align: justify\">Lors de cette m\u00eame audition devant le Comit\u00e9 du S\u00e9nat pour la sant\u00e9, les h\u00f4pitaux et les services sociaux, le probl\u00e8me du diab\u00e8te, consid\u00e9r\u00e9 comme une menace croissante pour la sant\u00e9 publique, a \u00e9galement \u00e9t\u00e9 abord\u00e9. En 2023, environ 16,6 % des r\u00e9sidents des \u00celes Vierges, tous \u00e2ges confondus, \u00e9taient atteints de diab\u00e8te, compar\u00e9 \u00e0 une moyenne de 12 % sur le continent am\u00e9ricain. Julia Sheen, directrice du Virgin Islands Diabetes Center of Excellence, a rappel\u00e9 que la majorit\u00e9 des patients suivis par le centre sont en surpoids, dont la moiti\u00e9 souffre d&rsquo;ob\u00e9sit\u00e9. Les autorit\u00e9s sanitaires recommandent de privil\u00e9gier une alimentation plus \u00e9quilibr\u00e9e, en rempla\u00e7ant les aliments sucr\u00e9s et frits par des l\u00e9gumes non f\u00e9culents et des prot\u00e9ines maigres.<\/p>\n<p style=\"text-align: justify\">Le s\u00e9nateur Kenneth Gittens a mis en garde contre la consommation excessive de boissons sucr\u00e9es, \u00e9voquant certaines boissons populaires, comme le Vitamalt ou le Coca-Cola dont la consommation d\u00e9passe l&rsquo;apport quotidien recommand\u00e9 en sucre. Selon lui, \u00ab il est temps de changer nos habitudes alimentaires si nous voulons \u00e9viter de nous tuer \u00e0 petit feu \u00bb. Lors de l&rsquo;audition, il a \u00e9t\u00e9 conclu que des mesures de pr\u00e9vention et de d\u00e9tection pr\u00e9coce doivent \u00eatre mises en place pour lutter contre cette \u00ab\u00a0\u00e9pid\u00e9mie silencieuse\u00a0\u00bb qui affecte de plus en plus de personnes aux \u00celes Vierges. Il a \u00e9galement \u00e9t\u00e9 d\u00e9montr\u00e9 que le tabagisme constitue un facteur important pour le diab\u00e8te. En effet, selon la American Lung Association, le tabagisme est associ\u00e9 \u00e0 une augmentation de 30 \u00e0 40 % du risque de d\u00e9velopper un diab\u00e8te de type 2 par rapport aux non-fumeurs<a href=\"#_ftn3\" name=\"_ftnref3\">[3]<\/a>. Ainsi, la pr\u00e9vention du tabagisme et l\u2019aide \u00e0 l\u2019arr\u00eat du tabac doivent \u00eatre int\u00e9gr\u00e9es dans les strat\u00e9gies de lutte contre cette \u00ab\u00a0\u00e9pid\u00e9mie silencieuse\u00a0\u00bb de diab\u00e8te.<\/p>\n<p style=\"text-align: justify\"><strong><a href=\"https:\/\/www.generationsanstabac.org\/\">\u00a9G\u00e9n\u00e9ration Sans Tabac<\/a><\/strong><\/p>\n<p style=\"text-align: right\"><b><i>RK<\/i><\/b><\/p>\n<hr \/>\n<p style=\"text-align: justify\"><a href=\"#_ftnref1\" name=\"_ftn1\">[1]<\/a> <a href=\"https:\/\/stthomassource.com\/content\/2024\/10\/02\/raise-tobacco-buying-age-to-21-experts-urge-senate\/\">https:\/\/stthomassource.com\/content\/2024\/10\/02\/raise-tobacco-buying-age-to-21-experts-urge-senate\/<\/a><\/p>\n<p style=\"text-align: justify\"><a href=\"#_ftnref2\" name=\"_ftn2\">[2]<\/a> <a href=\"https:\/\/www.fda.gov\/news-events\/press-announcements\/fda-issues-final-rule-increasing-minimum-age-certain-restrictions-tobacco-sales\">https:\/\/www.fda.gov\/news-events\/press-announcements\/fda-issues-final-rule-increasing-minimum-age-certain-restrictions-tobacco-sales<\/a><\/p>\n<p style=\"text-align: justify\"><a href=\"#_ftnref3\" name=\"_ftn3\">[3]<\/a> <a href=\"https:\/\/www.lung.org\/policy-advocacy\/tobacco\/cessation\/technical-assistance\/hospital-community-benefits\/make-the-case\">https:\/\/www.lung.org\/policy-advocacy\/tobacco\/cessation\/technical-assistance\/hospital-community-benefits\/make-the-case<\/a> American Lung Association. State of Tobacco Control 2017. 10 of the Worst Diseases Smoking Causes.<\/p>\n<p><span style=\"color: #999999\"><strong><a style=\"color: #999999\" href=\"http:\/\/www.cnct.fr\/\" target=\"_blank\" rel=\"noopener noreferrer\">Comit\u00e9 national contre le tabagisme |<\/a><\/strong><\/span><\/p>\n","protected":false},"excerpt":{"rendered":"<p>Health officials in the U.S. Virgin Islands have expressed support for a proposal to raise the legal age for tobacco sales from 18 to 21. Presented before the Senate Committee on Health, Hospitals, and Human Services, the measure aims to protect young people, whose brains are more susceptible to nicotine addiction. By raising the minimum age for the sale of these products, the territory would align with federal legislation passed in 2019, as part of the &quot;Tobacco 21&quot; law, already in effect in the United States. This harmonization would not only strengthen regulatory consistency but also help reduce tobacco use by preventing initiation and rapid onset of use.<\/p>","protected":false},"featured_media":22578,"template":"","tags":[],"thematique":[491],"class_list":["post-22575","actualites","type-actualites","status-publish","has-post-thumbnail","hentry","thematique-politiques-publiques"],"acf":[],"_links":{"self":[{"href":"https:\/\/www.generationsanstabac.org\/en\/wp-json\/wp\/v2\/actualites\/22575","targetHints":{"allow":["GET"]}}],"collection":[{"href":"https:\/\/www.generationsanstabac.org\/en\/wp-json\/wp\/v2\/actualites"}],"about":[{"href":"https:\/\/www.generationsanstabac.org\/en\/wp-json\/wp\/v2\/types\/actualites"}],"version-history":[{"count":0,"href":"https:\/\/www.generationsanstabac.org\/en\/wp-json\/wp\/v2\/actualites\/22575\/revisions"}],"wp:featuredmedia":[{"embeddable":true,"href":"https:\/\/www.generationsanstabac.org\/en\/wp-json\/wp\/v2\/media\/22578"}],"wp:attachment":[{"href":"https:\/\/www.generationsanstabac.org\/en\/wp-json\/wp\/v2\/media?parent=22575"}],"wp:term":[{"taxonomy":"post_tag","embeddable":true,"href":"https:\/\/www.generationsanstabac.org\/en\/wp-json\/wp\/v2\/tags?post=22575"},{"taxonomy":"thematique","embeddable":true,"href":"https:\/\/www.generationsanstabac.org\/en\/wp-json\/wp\/v2\/thematique?post=22575"}],"curies":[{"name":"wp","href":"https:\/\/api.w.org\/{rel}","templated":true}]}}