{"id":22539,"date":"2024-10-03T09:00:28","date_gmt":"2024-10-03T07:00:28","guid":{"rendered":"https:\/\/www.generationsanstabac.org\/?post_type=actualites&#038;p=22539"},"modified":"2024-10-03T09:42:17","modified_gmt":"2024-10-03T07:42:17","slug":"reduction-de-la-consommation-de-tabac-en-inde-un-impact-economique-benefique-malgre-des-defis-a-court-terme","status":"publish","type":"actualites","link":"https:\/\/www.generationsanstabac.org\/en\/actualites\/reduction-de-la-consommation-de-tabac-en-inde-un-impact-economique-benefique-malgre-des-defis-a-court-terme\/","title":{"rendered":"Reducing tobacco consumption in India: Economic benefits despite short-term challenges"},"content":{"rendered":"<p style=\"text-align: justify\"><em>Une \u00e9tude r\u00e9cente publi\u00e9e dans Tobacco Control<a href=\"#_ftn1\" name=\"_ftnref1\">[1]<\/a> examine les cons\u00e9quences \u00e9conomiques d&rsquo;une r\u00e9duction de la consommation de tabac en Inde, en s&rsquo;int\u00e9ressant particuli\u00e8rement aux effets d&rsquo;une augmentation des taxes sur les produits du tabac. Les chercheurs ont \u00e9tudi\u00e9 les cons\u00e9quences potentielles sur le produit int\u00e9rieur brut (PIB), l&#8217;emploi, et la sant\u00e9 publique.<\/em><\/p>\n<h2 style=\"text-align: justify\"><strong>Un plan ambitieux pour r\u00e9duire la consommation de tabac<\/strong><\/h2>\n<p style=\"text-align: justify\">L&rsquo;Inde, l&rsquo;un des pays les plus gros consommateurs de tabac au monde, vise \u00e0 r\u00e9duire de mani\u00e8re significative l&rsquo;usage des produits du tabac d&rsquo;ici 2026, en augmentant les taxes sur les cigarettes, les bidis et le tabac sans fum\u00e9e. L&rsquo;objectif est de diminuer de 10 % la consommation de chaque produit d\u2019ici 2026, ce qui pourrait avoir des effets notables sur la sant\u00e9 publique, tout en g\u00e9n\u00e9rant des cons\u00e9quences \u00e9conomiques significatives.<\/p>\n<h2 style=\"text-align: justify\"><strong>Des effets n\u00e9gatifs \u00e0 court terme, plus que compens\u00e9s par des b\u00e9n\u00e9fices \u00e0 plus long terme<\/strong><\/h2>\n<p style=\"text-align: justify\">Les r\u00e9sultats de l&rsquo;\u00e9tude montrent que, \u00e0 court terme, la r\u00e9duction de la consommation de tabac entra\u00eenerait une baisse de 0,14 % du PIB, ainsi qu&rsquo;une diminution de 0,44 % de l&#8217;emploi total, principalement en raison de la baisse de la production et de la vente de produits du tabac. Le secteur du tabac repr\u00e9sente encore une source de revenus pour de nombreux travailleurs en Inde, et cette baisse est donc per\u00e7ue comme une cons\u00e9quence imm\u00e9diate de l&rsquo;augmentation des taxes.<\/p>\n<p style=\"text-align: justify\">Cependant, \u00e0 plus long terme dans les 5 ans et au-del\u00e0, les chercheurs estiment que les b\u00e9n\u00e9fices li\u00e9s \u00e0 la diminution des d\u00e9c\u00e8s pr\u00e9matur\u00e9s et \u00e0 la r\u00e9duction des maladies attribuables au tabagisme compenseraient largement les pertes initiales. En effet, une diminution de la mortalit\u00e9 entra\u00eenerait une augmentation de la productivit\u00e9, contribuant ainsi \u00e0 une augmentation nette de 0,22 % du PIB. En parall\u00e8le, l&#8217;emploi pourrait conna\u00eetre une hausse globale, avec environ 1,36 million de nouveaux emplois cr\u00e9\u00e9s au cours des cinq ann\u00e9es suivant la mise en \u0153uvre des mesures anti-tabac.<\/p>\n<h2 style=\"text-align: justify\"><strong>Les b\u00e9n\u00e9fices fiscaux <\/strong><\/h2>\n<p style=\"text-align: justify\">L&rsquo;augmentation des taxes sur les produits du tabac pourrait g\u00e9n\u00e9rer des recettes fiscales importantes, estim\u00e9es \u00e0 2,77 milliards de dollars. Ces fonds pourraient \u00eatre r\u00e9investis dans des programmes de sant\u00e9, d&rsquo;\u00e9ducation ou d&rsquo;autres secteurs \u00e9conomiques, contribuant ainsi \u00e0 am\u00e9liorer les infrastructures publiques et les services sociaux.<\/p>\n<p style=\"text-align: justify\">Cette redistribution des revenus serait importante pour aider \u00e0 la reconversion des planteurs et autres travailleurs affect\u00e9s par la baisse d\u2019activit\u00e9 du secteur tabac. Environ 2,06 millions d&#8217;emplois pourraient dispara\u00eetre dans les secteurs li\u00e9s \u00e0 la production et \u00e0 la vente de tabac. Toutefois, l&rsquo;\u00e9tude souligne que les ressources, qu&rsquo;il s&rsquo;agisse de terres agricoles ou de main-d&rsquo;\u0153uvre, pourraient \u00eatre redirig\u00e9es vers des secteurs alternatifs, \u00e9conomiquement viables et renfor\u00e7ant l&rsquo;\u00e9conomie indienne.<\/p>\n<h2 style=\"text-align: justify\"><strong>L&rsquo;am\u00e9lioration de la sant\u00e9 publique <\/strong><\/h2>\n<p style=\"text-align: justify\">Au-del\u00e0 des implications \u00e9conomiques, la r\u00e9duction de la consommation de tabac aurait des effets positifs sur la sant\u00e9 publique en Inde. Les co\u00fbts de sant\u00e9 li\u00e9s aux maladies provoqu\u00e9es par le tabac, tels que les cancers, maladies respiratoires et cardiovasculaires, pourraient diminuer de mani\u00e8re significative, r\u00e9duisant ainsi la pression sur le syst\u00e8me de sant\u00e9. Ces \u00e9conomies indirectes renforceraient encore l&rsquo;impact positif sur le PIB.<\/p>\n<p style=\"text-align: justify\">L&rsquo;\u00e9tude conclut que, bien que les mesures de contr\u00f4le du tabac, telles que l&rsquo;augmentation des taxes, puissent pr\u00e9senter des d\u00e9fis \u00e0 court terme en termes de PIB et d&#8217;emploi pour un pays comme l\u2019Inde qui a un secteur tabac important, les b\u00e9n\u00e9fices dans les 5 ann\u00e9es qui suivent et \u00e0 plus long terme sont nettement sup\u00e9rieurs. Ces mesures am\u00e9lioreraient la sant\u00e9 publique et contribueraient \u00e0 la croissance \u00e9conomique et \u00e0 une meilleure r\u00e9partition des emplois. Selon les auteurs, une politique de contr\u00f4le du tabac peut contribuer \u00e0 une \u00e9conomie plus durable.<\/p>\n<p style=\"text-align: justify\"><strong><a href=\"https:\/\/www.generationsanstabac.org\/\">\u00a9G\u00e9n\u00e9ration Sans Tabac<\/a><\/strong><\/p>\n<p style=\"text-align: right\"><b><i>RK<\/i><\/b><\/p>\n<hr \/>\n<p style=\"text-align: justify\"><a href=\"#_ftnref1\" name=\"_ftn1\">[1]<\/a>John RM, Narayanan B, Chakravarthy S, et al, Economy-wide impact of a reduction in tobacco use in India Tobacco Control, Published Online First: 27 September 2024. doi: 10.1136\/tc-2023-058471 \u00a0<a href=\"https:\/\/tobaccocontrol.bmj.com\/content\/early\/2024\/09\/27\/tc-2023-058471\">https:\/\/tobaccocontrol.bmj.com\/content\/early\/2024\/09\/27\/tc-2023-058471<\/a> (consult\u00e9 le 30\/09\/2024)<\/p>\n<p><span style=\"color: #999999\"><strong><a style=\"color: #999999\" href=\"http:\/\/www.cnct.fr\/\" target=\"_blank\" rel=\"noopener noreferrer\">Comit\u00e9 national contre le tabagisme |<\/a><\/strong><\/span><\/p>\n","protected":false},"excerpt":{"rendered":"<p>A recent study published in Tobacco Control examines the economic consequences of reducing tobacco consumption in India, with a particular focus on the effects of increasing taxes on tobacco products. The researchers examined the potential impacts on gross domestic product (GDP), employment, and public health.<\/p>","protected":false},"featured_media":22542,"template":"","tags":[],"thematique":[491,474],"class_list":["post-22539","actualites","type-actualites","status-publish","has-post-thumbnail","hentry","thematique-politiques-publiques","thematique-sante"],"acf":[],"_links":{"self":[{"href":"https:\/\/www.generationsanstabac.org\/en\/wp-json\/wp\/v2\/actualites\/22539","targetHints":{"allow":["GET"]}}],"collection":[{"href":"https:\/\/www.generationsanstabac.org\/en\/wp-json\/wp\/v2\/actualites"}],"about":[{"href":"https:\/\/www.generationsanstabac.org\/en\/wp-json\/wp\/v2\/types\/actualites"}],"version-history":[{"count":0,"href":"https:\/\/www.generationsanstabac.org\/en\/wp-json\/wp\/v2\/actualites\/22539\/revisions"}],"wp:featuredmedia":[{"embeddable":true,"href":"https:\/\/www.generationsanstabac.org\/en\/wp-json\/wp\/v2\/media\/22542"}],"wp:attachment":[{"href":"https:\/\/www.generationsanstabac.org\/en\/wp-json\/wp\/v2\/media?parent=22539"}],"wp:term":[{"taxonomy":"post_tag","embeddable":true,"href":"https:\/\/www.generationsanstabac.org\/en\/wp-json\/wp\/v2\/tags?post=22539"},{"taxonomy":"thematique","embeddable":true,"href":"https:\/\/www.generationsanstabac.org\/en\/wp-json\/wp\/v2\/thematique?post=22539"}],"curies":[{"name":"wp","href":"https:\/\/api.w.org\/{rel}","templated":true}]}}