{"id":22411,"date":"2024-09-21T09:00:02","date_gmt":"2024-09-21T07:00:02","guid":{"rendered":"https:\/\/www.generationsanstabac.org\/?post_type=actualites&#038;p=22411"},"modified":"2024-09-23T15:19:46","modified_gmt":"2024-09-23T13:19:46","slug":"la-commission-europeenne-recommande-lextension-des-espaces-sans-tabac-et-sans-vapotage-dans-les-etats-membres","status":"publish","type":"actualites","link":"https:\/\/www.generationsanstabac.org\/en\/actualites\/la-commission-europeenne-recommande-lextension-des-espaces-sans-tabac-et-sans-vapotage-dans-les-etats-membres\/","title":{"rendered":"European Commission recommends expansion of smoke-free and vaping-free spaces in Member States"},"content":{"rendered":"<p style=\"text-align: justify\"><em>La Commission europ\u00e9enne recommande aux \u00c9tats membres d\u2019interdire la consommation de cigarettes, produits du vapotage et autres produits du tabac y compris chauff\u00e9 dans les espaces ext\u00e9rieurs, selon de nouvelles lignes directrices publi\u00e9es le 17 septembre. Ces lignes directrices s&rsquo;inscrivent dans le cadre du plan europ\u00e9en \u00ab Vaincre le cancer \u00bb, qui vise \u00e0 cr\u00e9er la premi\u00e8re \u00ab g\u00e9n\u00e9ration sans tabac \u00bb, dans laquelle, en 2040, moins de 5 % de la population consommera du tabac, contre 25 % aujourd&rsquo;hui<a href=\"#_ftn1\" name=\"_ftnref1\"><strong>[1]<\/strong><\/a>.<\/em><\/p>\n<p style=\"text-align: justify\">L&rsquo;ex\u00e9cutif europ\u00e9en a propos\u00e9 ce nouveau texte, non contraignant, pour mettre \u00e0 jour les actuelles recommandations du Conseil adopt\u00e9es en 2009 pour un environnement sans tabac. Celles-ci ne peuvent pas atteindre pleinement leur \u00ab objectif de protection \u00bb en raison d&rsquo;un manque de couverture des \u00ab espaces ext\u00e9rieurs \u00bb et des \u00ab produits \u00e9mergents \u00bb, peut-on lire dans le document.<\/p>\n<p style=\"text-align: justify\">Le tabagisme actif reste la premi\u00e8re cause pr\u00e9matur\u00e9e \u00e9vitable de d\u00e9c\u00e8s dans le monde et en Europe. En outre, l&rsquo;exposition \u00e0 la fum\u00e9e de tabac est responsable d&rsquo;environ 1,2 million de d\u00e9c\u00e8s dans le monde et de 24 000 en Union Europ\u00e9enne<a href=\"#_ftn2\" name=\"_ftnref2\">[2]<\/a>.<\/p>\n<h2 style=\"text-align: justify\"><strong>Etendre les espaces sans tabac aux nouveaux produits du tabac et de la nicotine<\/strong><\/h2>\n<p style=\"text-align: justify\">La Commission demande aux pays membres d\u2019\u00e9tendre le champ d&rsquo;application des espaces antitabac aux principaux espaces ext\u00e9rieurs, y compris les espaces de loisirs pour enfants tels que les terrains de jeux publics, les parcs d&rsquo;attractions, les zoos et les piscines, ainsi que les abords des b\u00e2timents publics et les arr\u00eats et gares de transport. demande \u00e9galement d\u2019\u00e9tendre ces espaces aux produits \u00e9mergents tels que les produits du tabac chauff\u00e9s et les cigarettes \u00e9lectroniques, qui sont de plus en plus consomm\u00e9s par des jeunes. L&rsquo;Organisation mondiale de la sant\u00e9 a r\u00e9cemment mis en \u00e9vidence les effets n\u00e9gatifs de l&rsquo;exposition aux \u00e9missions secondaires de ces produits, notamment des probl\u00e8mes respiratoires et cardiovasculaires<a href=\"#_ftn3\" name=\"_ftnref3\">[3]<\/a>&#8211;<a href=\"#_ftn4\" name=\"_ftnref4\">[4]<\/a>. La Commission pr\u00e9cise \u00e9galement\u00a0: <em>\u00ab Les preuves de l\u2019utilisation des produits \u00e9mergents -tabac chauff\u00e9 et produits du vapotage- comme aides au sevrage tabagique ne sont pas concluantes\u00a0\u00bb. <\/em><\/p>\n<p style=\"text-align: justify\">La Commission pr\u00e9cise que l\u2019extension des espaces publics o\u00f9 il est interdit d\u2019utiliser des produits du tabac et de la nicotine permet de d\u00e9normaliser la consommation de ces produits, surtout aupr\u00e8s des jeunes. Cette politique contribue ainsi \u00e0 parvenir \u00e0 une g\u00e9n\u00e9ration sans tabac. La nouvelle recommandation de la Commission se rattache \u00e9galement aux directives de l\u2019article 8 de la Convention-Cadre pour la lutte antitabac de l\u2019OMS dont l\u2019UE est Partie. Cet article de la Convention concerne sp\u00e9cifiquement la protection contre l\u2019exposition \u00e0 la fum\u00e9e de tabac.<\/p>\n<h2 style=\"text-align: justify\"><strong>Des r\u00e9glementations nationales sur les espaces sans tabac h\u00e9t\u00e9rog\u00e8nes selon les pays membres<\/strong><\/h2>\n<p style=\"text-align: justify\">La coalition europ\u00e9enne SmokeFree Partnership salue cette initiative et pr\u00e9cise que <em>\u00ab\u00a0bien que non contraignante, la recommandation apporte un soutien crucial aux pays de l&rsquo;UE dont la l\u00e9gislation est plus faible et dont le taux de conformit\u00e9 [de l\u2019interdiction de fumer] est peu \u00e9lev\u00e9, comme l&rsquo;Allemagne, la Croatie, la Bulgarie, Chypre et la Slovaquie\u00a0\u00bb.<\/em> En effet, l&rsquo;Eurobarom\u00e8tre 2023 a r\u00e9v\u00e9l\u00e9 d&rsquo;importantes disparit\u00e9s entre les pays de l&rsquo;UE en ce qui concerne les politiques d&rsquo;interdiction de fumer dans les espaces publics. Les habitants de Gr\u00e8ce, de Bulgarie et de Chypre sont beaucoup plus susceptibles d&rsquo;\u00eatre expos\u00e9s \u00e0 la fum\u00e9e secondaire et tertiaire que ceux de Hongrie, de Finlande et de Lettonie.<\/p>\n<p style=\"text-align: justify\">Les donn\u00e9es de l\u2019Eurobarom\u00e8tre<a href=\"#_ftn5\" name=\"_ftnref5\">[5]<\/a> montrent \u00e9galement que les adolescents et jeunes adultes dans l\u2019UE restent expos\u00e9s au tabac. Pr\u00e8s de 80 % des r\u00e9pondants \u00e2g\u00e9s de 15 \u00e0 24 ans ont d\u00e9clar\u00e9 avoir \u00e9t\u00e9 expos\u00e9s au tabac, quel que soit le produit, ou au vapotage en des terrasses ext\u00e9rieures. En outre, pr\u00e8s de 40 % des r\u00e9pondants ont vu des personnes fumer la derni\u00e8re fois qu&rsquo;ils se sont rendus dans des espaces ext\u00e9rieurs destin\u00e9s aux enfants ou aux adolescents (tels que les aires de jeux, les cours de r\u00e9cr\u00e9ation et les cours d&rsquo;\u00e9cole). Cette proportion atteignait m\u00eame 49% pour les e-cigarettes et les produits du tabac chauff\u00e9s.<\/p>\n<p style=\"text-align: justify\">La recommandation actuelle incite les pays de l&rsquo;UE \u00e0 partager les meilleures pratiques et \u00e0 renforcer la coop\u00e9ration internationale afin de maximiser l&rsquo;impact des mesures prises. En France, la l\u00e9gislation et le respect des espaces sans tabac est qualifi\u00e9e de \u00ab bonne \u00bb par Smokefree Partnership<a href=\"#_ftn6\" name=\"_ftnref6\">[6]<\/a>. Des am\u00e9liorations sont possibles en ce qui concerne l\u2019existence \u00e9ventuellement possible de fumoirs et les espaces ext\u00e9rieurs peu concern\u00e9s par les interdits, en dehors des aires de jeux pour les enfants dans les parcs. L\u2019actuelle l\u00e9gislation fran\u00e7aise pr\u00e9voit une interdiction de fumer dans l\u2019ensemble des lieux de travail int\u00e9rieurs y compris dans les bars\/restaurants, ainsi que dans les transports publics et l\u2019ensemble des lieux \u00e0 usage collectif int\u00e9rieurs. En 2016, le l\u00e9gislateur a \u00e9galement \u00e9largi l\u2019interdit aux v\u00e9hicules priv\u00e9s en pr\u00e9sence d\u2019un mineur. Cette interdiction est massivement soutenue par la population et est globalement respect\u00e9e hormis des contournements r\u00e9guli\u00e8rement signal\u00e9s en ce qui concerne les terrasses souvent transform\u00e9es en v\u00e9randa. De plus en plus d\u2019initiatives locales prises par les maires pour \u00e9tendre les lieux sans tabac\u00a0: abords des \u00e9tablissements scolaires, plages, parcs, etc. ont pour partie \u00e9t\u00e9 prises en compte dans le nouveau <a href=\"https:\/\/sante.gouv.fr\/IMG\/pdf\/plan_national_contre_le_tabac.pdf\">plan national de lutte contre le tabagisme<\/a> 2023-2027 (PNLT) et devrait \u00eatre prochainement g\u00e9n\u00e9ralis\u00e9es dans le pays.<\/p>\n<p style=\"text-align: justify\"><strong><a href=\"https:\/\/www.generationsanstabac.org\/\">\u00a9G\u00e9n\u00e9ration Sans Tabac<\/a><\/strong><\/p>\n<p style=\"text-align: right\"><em><strong>AE<\/strong><\/em><\/p>\n<hr \/>\n<p style=\"text-align: justify\"><a href=\"#_ftnref1\" name=\"_ftn1\">[1]<\/a> Communiqu\u00e9, Commission proposes to extend coverage of smoke-free environments, Commission europ\u00e9enne, publi\u00e9 le 17 septembre 2024, consult\u00e9 le 18 septembre 2024<\/p>\n<p style=\"text-align: justify\"><a href=\"#_ftnref2\" name=\"_ftn2\">[2]<\/a> Carreras G, Lachi A, Cortini B, Gallus S, L\u00f3pez MJ, L\u00f3pez-Nicol\u00e1s \u00c1, Soriano JB, Fernandez E, Tigova O, Gorini G; TackSHS Project Investigators. Burden of disease from second-hand tobacco smoke exposure at home among adults from European Union countries in 2017: an analysis using a review of recent meta-analyses. Prev Med. 2021 Apr;145:106412. doi: 10.1016\/j.ypmed.2020.106412. Epub 2020 Dec 31. PMID: 33388324.<\/p>\n<p style=\"text-align: justify\"><a href=\"#_ftnref3\" name=\"_ftn3\">[3]<\/a> Heated tobacco products: summary of research and evidence of health impacts. Geneva: World Health Organization; 2023. Licence: CC BY-NC-SA 3.0 IGO.<\/p>\n<p style=\"text-align: justify\"><a href=\"#_ftnref4\" name=\"_ftn4\">[4]<\/a> <a href=\"https:\/\/cdn.who.int\/media\/docs\/default-source\/tobacco-hq\/regulating-tobacco-products\/ends-call-to-action-background.pdf?sfvrsn=7dd2856e_11&amp;download=true\">TECHNICAL NOTE ON Call to action on electronic cigarettes<\/a>, OMS, publi\u00e9 le 14 d\u00e9cembre 2023 consult\u00e9 le 18 septembre 2024<\/p>\n<p style=\"text-align: justify\"><a href=\"#_ftnref5\" name=\"_ftn5\">[5]<\/a> European Union,\u00a0<a href=\"https:\/\/europa.eu\/eurobarometer\/surveys\/detail\/2995?etrans=fr\">Attitudes of Europeans towards tobacco and related products<\/a>, juin 2024<\/p>\n<p style=\"text-align: justify\"><a href=\"#_ftnref6\" name=\"_ftn6\">[6]<\/a> G\u00e9n\u00e9ration sans tabac, <a href=\"https:\/\/www.generationsanstabac.org\/fr\/actualites\/le-retard-des-pays-europeens-dans-la-mise-en-place-des-espaces-sans-tabac\/\">Le retard des pays europ\u00e9ens dans la mise en place des espaces sans tabac<\/a>, publi\u00e9 le 19 d\u00e9cembre 2022, consult\u00e9 le 18 septembre 2024<\/p>\n<p><span style=\"color: #999999\"><strong><a style=\"color: #999999\" href=\"http:\/\/www.cnct.fr\/\" target=\"_blank\" rel=\"noopener noreferrer\">Comit\u00e9 national contre le tabagisme |<\/a><\/strong><\/span><\/p>\n","protected":false},"excerpt":{"rendered":"<p>The European Commission is recommending that Member States ban the use of cigarettes, vaping products, and other tobacco products, including heated tobacco, in outdoor areas, according to new guidelines published on September 17. These guidelines are part of the European &quot;Beating Cancer&quot; plan, which aims to create the first &quot;tobacco-free generation,&quot; in which, by 2040, fewer than 5% of the population will be using tobacco, compared to 25% today.<\/p>","protected":false},"featured_media":22413,"template":"","tags":[],"thematique":[491,474],"class_list":["post-22411","actualites","type-actualites","status-publish","has-post-thumbnail","hentry","thematique-politiques-publiques","thematique-sante"],"acf":[],"_links":{"self":[{"href":"https:\/\/www.generationsanstabac.org\/en\/wp-json\/wp\/v2\/actualites\/22411","targetHints":{"allow":["GET"]}}],"collection":[{"href":"https:\/\/www.generationsanstabac.org\/en\/wp-json\/wp\/v2\/actualites"}],"about":[{"href":"https:\/\/www.generationsanstabac.org\/en\/wp-json\/wp\/v2\/types\/actualites"}],"version-history":[{"count":0,"href":"https:\/\/www.generationsanstabac.org\/en\/wp-json\/wp\/v2\/actualites\/22411\/revisions"}],"wp:featuredmedia":[{"embeddable":true,"href":"https:\/\/www.generationsanstabac.org\/en\/wp-json\/wp\/v2\/media\/22413"}],"wp:attachment":[{"href":"https:\/\/www.generationsanstabac.org\/en\/wp-json\/wp\/v2\/media?parent=22411"}],"wp:term":[{"taxonomy":"post_tag","embeddable":true,"href":"https:\/\/www.generationsanstabac.org\/en\/wp-json\/wp\/v2\/tags?post=22411"},{"taxonomy":"thematique","embeddable":true,"href":"https:\/\/www.generationsanstabac.org\/en\/wp-json\/wp\/v2\/thematique?post=22411"}],"curies":[{"name":"wp","href":"https:\/\/api.w.org\/{rel}","templated":true}]}}