{"id":22307,"date":"2024-09-08T09:00:42","date_gmt":"2024-09-08T07:00:42","guid":{"rendered":"https:\/\/www.generationsanstabac.org\/?post_type=actualites&#038;p=22307"},"modified":"2024-09-03T10:23:44","modified_gmt":"2024-09-03T08:23:44","slug":"la-suisse-releve-lage-de-vente-de-tabac-a-18-ans-dans-tout-le-pays","status":"publish","type":"actualites","link":"https:\/\/www.generationsanstabac.org\/en\/actualites\/la-suisse-releve-lage-de-vente-de-tabac-a-18-ans-dans-tout-le-pays\/","title":{"rendered":"Switzerland raises tobacco sales age to 18 nationwide"},"content":{"rendered":"<p style=\"text-align: justify\"><em>Actuellement, l\u2019\u00e2ge limite de vente en Suisse pour les produits du tabac est d\u00e9fini au niveau cantonal, soit \u00e0 16 soit \u00e0 18 ans. Les cantons d\u2019Appenzell Rhodes-Int\u00e9rieures et de Schwytz n\u2019imposent m\u00eame aucune limite d\u2019\u00e2ge pour acheter du tabac. Avec la nouvelle loi sur les produits du tabac, qui entrera en vigueur le 1<sup>er<\/sup> octobre 2024, l\u2019\u00e2ge limite de vente sera 18 ans dans toute la Suisse.<\/em><\/p>\n<p style=\"text-align: justify\">Le Conseil f\u00e9d\u00e9ral a adopt\u00e9, lors de sa s\u00e9ance du 28 ao\u00fbt 2024, l\u2019ordonnance sur les produits du tabac et les cigarettes \u00e9lectroniques ; elle entrera en vigueur le 1er octobre 2024, en m\u00eame temps que la loi sur les produits du tabac.<strong>\u00a0<\/strong><\/p>\n<p style=\"text-align: justify\">Dans les cantons o\u00f9 il \u00e9tait d\u00e9j\u00e0 interdit de vendre du tabac aux mineurs de moins de 18 ans, des contr\u00f4les avaient montr\u00e9 que la loi n\u2019\u00e9tait pas toujours bien respect\u00e9e<a href=\"#_ftn1\" name=\"_ftnref1\">[1]<\/a>.<\/p>\n<h2 style=\"text-align: justify\"><strong>Une s\u00e9rie de mesures visant \u00e0 prot\u00e9ger les jeunes <\/strong><\/h2>\n<p style=\"text-align: justify\">D\u00e9sormais, il sera interdit de vendre des produits du tabac et des cigarettes \u00e9lectroniques ainsi que des produits connexes (par exemple des sachets de nicotine) \u00e0 des mineurs de moins 18 ans dans l\u2019ensemble des cantons suisses. La nouvelle loi imposera \u00e9galement des restrictions sur la publicit\u00e9 en faveur du tabac\u00a0: la publicit\u00e9 par affichage, dans les cin\u00e9mas, les transports publics et les b\u00e2timents publics, ainsi que sur les terrains de sport et lors de manifestations sportives sera d\u00e9sormais uniform\u00e9ment interdite dans tous les cantons. Par ailleurs l\u2019interdiction de publicit\u00e9 \u00e0 la radio et \u00e0 la t\u00e9l\u00e9vision s\u2019appliquera \u00e9galement aux produits du vapotage et sachets de nicotine.<\/p>\n<p style=\"text-align: justify\">Les avertissements sanitaires sur les produits du tabac seront mis \u00e0 jour pour la premi\u00e8re fois depuis 14 ans et un QR code sera ajout\u00e9 sur les conditionnements pour l\u2019arr\u00eat du tabac. Les interdictions de fumer dans les lieux publics incluront la consommation de produits du tabac chauff\u00e9 et seront \u00e9largies aux produits du vapotage. Enfin, les cigarettes \u00e9lectroniques jetables (puffs) et les e-liquides avec nicotine seront soumis \u00e0 une faible taxe.<\/p>\n<h2 style=\"text-align: justify\"><strong>Une loi qui pr\u00e9sente de fortes lacunes<\/strong><\/h2>\n<p style=\"text-align: justify\">L\u2019adoption de cette loi, qui a pris des ann\u00e9es en raison de la forte ing\u00e9rence de l\u2019industrie du tabac dans les discussions, pr\u00e9sente encore d\u2019importantes carences<a href=\"#_ftn2\" name=\"_ftnref2\">[2]<\/a>. Si des restrictions sur la publicit\u00e9 pour les produits du tabac et de la nicotine seront mises en place, celle-ci reste autoris\u00e9e sur Internet et dans la presse \u00e9crite. Le parrainage d\u2019\u00e9v\u00e8nements par l\u2019industrie du tabac reste possible \u00e0 l\u2019\u00e9chelle locale et nationale. Les offres promotionnelles pour les produits du tabac et de la nicotine sur les lieux de vente et en ligne restent \u00e9galement autoris\u00e9es.<\/p>\n<p style=\"text-align: justify\">Si des contr\u00f4les sont pr\u00e9vus pour contr\u00f4ler l\u2019effectivit\u00e9 de l\u2019interdiction de vente aux mineurs \u00e0 travers des achats-tests, rien n\u2019est pr\u00e9vu pour contr\u00f4ler la vente en ligne.<\/p>\n<p style=\"text-align: justify\">Pour l\u2019Association suisse pour la pr\u00e9vention du tabagisme (AT), cette loi demeure insuffisante pour prot\u00e9ger efficacement les jeunes et demande au <em>\u00ab\u00a0Parlement qu\u2019il proc\u00e8de \u00e0 la mise en \u0153uvre de l&rsquo;initiative populaire Enfants sans tabac conform\u00e9ment \u00e0 la volont\u00e9 du peuple. Il s&rsquo;agit d&rsquo;une protection de la jeunesse \u00e0 la fois efficace et cr\u00e9dible.\u00a0\u00bb<\/em><\/p>\n<p style=\"text-align: justify\">Concernant l\u2019initiative Enfants sans tabac, le Parlement est en train d\u2019\u00e9dulcorer le texte de l\u2019initiative alerte Luciano Ruggia, directeur de l\u2019AT\u00a0: <em>\u00ab Il -le Parlement- trahit la volont\u00e9 populaire pour arranger les int\u00e9r\u00eats de l\u2019\u00e9conomie\u00bb<a href=\"#_ftn3\" name=\"_ftnref3\"><strong>[3]<\/strong><\/a>. <\/em>\u00a0La Suisse reste tr\u00e8s perm\u00e9able au lobby de l\u2019industrie du tabac. Les trois principaux fabricants (Philip Morris, British American Tobacco et Japan Tobacco) ont des usines ou des centres op\u00e9rationnels dans le pays. Le pays demeure \u00e9galement l\u2019un des seuls au monde \u00e0 ne pas avoir ratifi\u00e9 la Convention-Cadre pour la lutte antitabac de l\u2019OMS.<\/p>\n<h2 style=\"text-align: justify\"><strong>Une consommation de produits de la nicotine \u00e0 la hausse chez les adolescents suisses<\/strong><\/h2>\n<p style=\"text-align: justify\">Si les adolescents sont moins nombreux \u00e0 consommer des produits du tabac en Suisse, la consommation de produits \u00e0 la nicotine (vapotage et sachets de nicotine) est \u00e0 la hausse. Selon l\u2019enqu\u00eate\u00a0nationale suisse de 2022<a href=\"#_ftn4\" name=\"_ftnref4\">[4]<\/a>, environ un tiers des jeunes de quinze ans avaient indiqu\u00e9 avoir consomm\u00e9 au moins un produit du tabac et de la nicotine au cours des trente jours pr\u00e9c\u00e9dant l\u2019enqu\u00eate, contre 30% en 2018. Cette hausse s\u2019explique notamment par l\u2019apparition des\u00a0<em>puffs<\/em>\u00a0sur le march\u00e9 suisse.<\/p>\n<p style=\"text-align: justify\"><strong><a href=\"https:\/\/www.generationsanstabac.org\/\">\u00a9G\u00e9n\u00e9ration Sans Tabac<\/a><\/strong><\/p>\n<p style=\"text-align: right\"><em><strong>AE<\/strong><\/em><\/p>\n<hr \/>\n<p style=\"text-align: justify\"><a href=\"#_ftnref1\" name=\"_ftn1\">[1]<\/a> G\u00e9n\u00e9ration sans tabac<a href=\"https:\/\/www.generationsanstabac.org\/fr\/actualites\/suisse-des-achats-tests-pour-controler-leffectivite-de-linterdiction-de-vente-de-tabac-aux-mineurs\/\">, Suisse : des \u00ab achats-tests \u00bb pour contr\u00f4ler l\u2019effectivit\u00e9 de l\u2019interdiction de vente de tabac aux mineurs<\/a>, publi\u00e9 le 14 mars 2024, consult\u00e9 le 30 ao\u00fbt 2024<\/p>\n<p style=\"text-align: justify\"><a href=\"#_ftnref2\" name=\"_ftn2\">[2]<\/a> Luciano Ruggia, <a href=\"https:\/\/www.presseportal.ch\/fr\/pm\/100058010\/100922430\">La nouvelle loi sur les produits du tabac et de la nicotine pr\u00e9sente des lacunes<\/a>, Presse Portal, publi\u00e9 le 28 ao\u00fbt 2024, consult\u00e9 le 30 ao\u00fbt 2024<\/p>\n<p style=\"text-align: justify\"><a href=\"#_ftnref3\" name=\"_ftn3\">[3]<\/a> Paul Ronga, <a href=\"https:\/\/www.24heures.ch\/lutte-anti-tabac-la-suisse-derniere-de-la-classe-796490536420?preview_key=1e37f7c312742a6d03ace2ea9ab0e8c1\">Les raisons du retard suisse dans la lutte anti-tabac<\/a>, 24 heures, publi\u00e9 le 29 ao\u00fbt 2024, consult\u00e9 le 30 ao\u00fbt 2024<\/p>\n<p style=\"text-align: justify\"><a href=\"#_ftnref4\" name=\"_ftn4\">[4]<\/a> Addiction Suisse,\u00a0<a href=\"https:\/\/www.addictionsuisse.ch\/wp-content\/uploads\/2024\/03\/2024PanoramaSuisseAddictions.pdf\">Panorama suisse des addictions 2024, Les jeunes\u2009: plus vuln\u00e9rables et pas assez prot\u00e9g\u00e9s \u2013 il faut agir maintenant\u2009!<\/a>, publi\u00e9 en mars 2024, consult\u00e9 le 30 ao\u00fbt 2024<\/p>\n<p><span style=\"color: #999999\"><strong><a style=\"color: #999999\" href=\"http:\/\/www.cnct.fr\/\" target=\"_blank\" rel=\"noopener noreferrer\">Comit\u00e9 national contre le tabagisme |<\/a><\/strong><\/span><\/p>\n","protected":false},"excerpt":{"rendered":"<p>Currently, the age limit for the sale of tobacco products in Switzerland is set at the cantonal level, either 16 or 18 years. The cantons of Appenzell Innerrhoden and Schwyz do not even impose an age limit for purchasing tobacco. With the new Tobacco Products Act, which will come into force on October 1, 2024, the age limit for the sale of tobacco products will be 18 throughout Switzerland.<\/p>","protected":false},"featured_media":22310,"template":"","tags":[],"thematique":[491],"class_list":["post-22307","actualites","type-actualites","status-publish","has-post-thumbnail","hentry","thematique-politiques-publiques"],"acf":[],"_links":{"self":[{"href":"https:\/\/www.generationsanstabac.org\/en\/wp-json\/wp\/v2\/actualites\/22307","targetHints":{"allow":["GET"]}}],"collection":[{"href":"https:\/\/www.generationsanstabac.org\/en\/wp-json\/wp\/v2\/actualites"}],"about":[{"href":"https:\/\/www.generationsanstabac.org\/en\/wp-json\/wp\/v2\/types\/actualites"}],"version-history":[{"count":0,"href":"https:\/\/www.generationsanstabac.org\/en\/wp-json\/wp\/v2\/actualites\/22307\/revisions"}],"wp:featuredmedia":[{"embeddable":true,"href":"https:\/\/www.generationsanstabac.org\/en\/wp-json\/wp\/v2\/media\/22310"}],"wp:attachment":[{"href":"https:\/\/www.generationsanstabac.org\/en\/wp-json\/wp\/v2\/media?parent=22307"}],"wp:term":[{"taxonomy":"post_tag","embeddable":true,"href":"https:\/\/www.generationsanstabac.org\/en\/wp-json\/wp\/v2\/tags?post=22307"},{"taxonomy":"thematique","embeddable":true,"href":"https:\/\/www.generationsanstabac.org\/en\/wp-json\/wp\/v2\/thematique?post=22307"}],"curies":[{"name":"wp","href":"https:\/\/api.w.org\/{rel}","templated":true}]}}