{"id":22197,"date":"2024-08-24T09:00:43","date_gmt":"2024-08-24T07:00:43","guid":{"rendered":"https:\/\/www.generationsanstabac.org\/?post_type=actualites&#038;p=22197"},"modified":"2024-08-27T09:32:19","modified_gmt":"2024-08-27T07:32:19","slug":"la-republique-tcheque-souhaite-interdire-les-aromes-pour-les-produits-du-vapotage","status":"publish","type":"actualites","link":"https:\/\/www.generationsanstabac.org\/en\/actualites\/la-republique-tcheque-souhaite-interdire-les-aromes-pour-les-produits-du-vapotage\/","title":{"rendered":"Czech Republic wants to ban flavourings for vaping products"},"content":{"rendered":"<p style=\"text-align: justify\"><em>Le minist\u00e8re de la sant\u00e9 tch\u00e8que pr\u00e9pare un d\u00e9cret visant \u00e0 interdire l\u2019ensemble des ar\u00f4mes, \u00e0 l\u2019exception de l\u2019ar\u00f4me tabac, pour les dispositifs de vapotage. Le d\u00e9cret devrait entrer en vigueur l&rsquo;ann\u00e9e prochaine. En outre, une nouvelle taxe d&rsquo;accise sur les cigarettes \u00e9lectroniques devrait entrer en vigueur en septembre, sachant que d&rsquo;autres augmentations sont envisag\u00e9es dans les ann\u00e9es \u00e0 venir<a href=\"#_ftn1\" name=\"_ftnref1\"><strong>[1]<\/strong><\/a>.<\/em><\/p>\n<p style=\"text-align: justify\">Bien que la loi interdise de les vendre \u00e0 des personnes de moins de 18 ans, de nombreux vendeurs ne respectent pas cette interdiction et les cigarettes \u00e9lectroniques aromatis\u00e9es deviennent de plus en plus populaires aupr\u00e8s des adolescents tch\u00e8ques.<\/p>\n<p style=\"text-align: justify\">Selon Matthias Foshum, directeur du D\u00e9partement de la protection de la sant\u00e9 publique du Minist\u00e8re de la sant\u00e9, la vente de cigarettes \u00e9lectroniques rel\u00e8verait actuellement moins de l\u2019incitation des fumeurs traditionnels \u00e0 passer \u00e0 celles-ci, que, en raison principalement des saveurs sucr\u00e9es, du recrutement de non-fumeurs, y compris les enfants<a href=\"#_ftn2\" name=\"_ftnref2\"><sup>[2]<\/sup><\/a>. La position du minist\u00e8re s&rsquo;appuie sur les <a href=\"https:\/\/www.who.int\/publications\/m\/item\/electronic-cigarettes---call-to-action\">recommandations<\/a> de l&rsquo;Organisation mondiale de la sant\u00e9. Le minist\u00e8re de la sant\u00e9 a d\u00e9clar\u00e9 qu&rsquo;il ne s&rsquo;agissait actuellement que d&rsquo;une version de travail du d\u00e9cret et que sa forme finale devait encore \u00eatre d\u00e9battue.<\/p>\n<h2 style=\"text-align: justify\"><strong>Une liste limit\u00e9e d\u2019ingr\u00e9dients autoris\u00e9s et des emballages neutres <\/strong><\/h2>\n<p style=\"text-align: justify\">Il est pr\u00e9vu que le minist\u00e8re\u00a0\u00e9tablisse une liste de 16 ingr\u00e9dients sp\u00e9cifiques pouvant \u00eatre utilis\u00e9s pour cr\u00e9er les ar\u00f4mes de tabac. Fin 2023, les Pays-Bas ont adopt\u00e9 un amendement gouvernemental interdisant tous les ar\u00f4mes pour les cigarettes \u00e9lectroniques, \u00e0 l&rsquo;exception de l\u2019ar\u00f4me tabac. Pour ce faire, l&rsquo;Institut national n\u00e9erlandais pour la sant\u00e9 publique et l&rsquo;environnement (RIVM) avait propos\u00e9 une liste restrictive de 16 ingr\u00e9dients aromatiques autoris\u00e9s permettant la production exclusive d&rsquo;e-liquides aux ar\u00f4mes de tabac.<\/p>\n<p style=\"text-align: justify\">Le d\u00e9cret Tch\u00e8que imposera \u00e9galement un emballage neutre pour les produits du vapotage, \u00e9liminant ainsi les couleurs et autres caract\u00e9ristiques telles que surfaces brillantes ou autocollants color\u00e9s. Le minist\u00e8re a fait remarquer que les dispositifs de vapotage actuels sont vendus dans des emballages attrayants qui ne font pas penser \u00e0 une cigarette \u00e9lectronique mais ressemblent plut\u00f4t \u00e0 des rouges \u00e0 l\u00e8vres, des surligneurs, des crayons, des chewing-gums, etc.<\/p>\n<p style=\"text-align: justify\">Ces nouvelles dispositions visent \u00e0 limiter l\u2019initiation des plus jeunes \u00e0 ces produits et \u00e0 en r\u00e9duire la consommation. Les r\u00e9sultats de l&rsquo;enqu\u00eate mondiale 2022 sur le tabagisme montrent que la fr\u00e9quence d\u2019utilisation de la cigarette \u00e9lectronique par les jeunes \u00e2g\u00e9s de 13 \u00e0 15 ans en R\u00e9publique tch\u00e8que<a href=\"#_ftn3\" name=\"_ftnref3\">[3]<\/a> \u00a0est pass\u00e9e de 11,2 % en 2016 \u00e0 21,4 % en 2022.<\/p>\n<h2 style=\"text-align: justify\"><strong>Des interdictions des ar\u00f4mes qui s\u2019\u00e9tendent<\/strong><\/h2>\n<p style=\"text-align: justify\">Dans l\u2019Union Europ\u00e9enne, les ar\u00f4mes caract\u00e9risant sont interdits depuis mai 2016 pour les cigarettes traditionnelles et le tabac \u00e0 rouler, et les produits du menthol le sont depuis mai 2020. \u00a0En novembre 2022, la Commission europ\u00e9enne a publi\u00e9 la\u00a0<a href=\"https:\/\/health.ec.europa.eu\/publications\/commission-delegated-directive-eu-20222100-withdrawal-certain-exemptions-respect-heated-tobacco_en\">directive 2022\/2100<\/a>, \u00e9tendant l\u2019interdiction des ar\u00f4mes caract\u00e9risant aux produits du tabac chauff\u00e9s.\u00a0Plusieurs pays ont d\u00e9cid\u00e9 d\u2019aller plus loin et d\u2019interdire pour les dispositifs de vapotage l\u2019ensemble des ar\u00f4mes (\u00e0 l\u2019exception du tabac et\/ou du menthol selon les pays) comme la Slov\u00e9nie, la Finlande, la Hongrie, l\u2019Estonie, les Pays-Bas ou encore le Danemark. Aux \u00c9tats-Unis, l\u2019interdiction des ar\u00f4mes dans les produits du vapotage est effective dans plusieurs Etats et plus de 375 localit\u00e9s.<\/p>\n<p style=\"text-align: justify\">En France, le Comit\u00e9 national contre le tabagisme (CNCT) a <a href=\"https:\/\/cnct.fr\/communiques\/le-cnct-alerte-developpement-anarchique-nouveaux-produits-demande-interdiction-des-aromes\/\">propos\u00e9<\/a> d\u00e9but 2023, l\u2019interdiction des ar\u00f4mes \u00e0 l\u2019exception de l\u2019ar\u00f4me tabac pour l\u2019ensemble des produits non-pharmaceutiques contenant de la nicotine. Cette mesure est \u00e9voqu\u00e9e dans le nouveau Programme national de lutte contre le tabac (PNLT) 2023-2027 qui comprend \u00e9galement la mise en place du paquet neutre pour l\u2019ensemble de ces produits.<\/p>\n<p style=\"text-align: justify\"><strong><a href=\"https:\/\/www.generationsanstabac.org\/\">\u00a9G\u00e9n\u00e9ration Sans Tabac<\/a><\/strong><\/p>\n<p style=\"text-align: right\"><em><strong>AE<\/strong><\/em><\/p>\n<hr \/>\n<p style=\"text-align: justify\"><a href=\"#_ftnref1\" name=\"_ftn1\">[1]<\/a> <a href=\"https:\/\/praguemorning.cz\/czech-health-ministry-wants-to-ban-sweet-flavoured-electronic-cigarettes\/\">Czech Health Ministry moves to ban flavored e-cigarettes, cites youth appeal<\/a>, Prague Morning, publi\u00e9 le 19 ao\u00fbt 2024, consult\u00e9 le 20 ao\u00fbt 2024<\/p>\n<p style=\"text-align: justify\"><a href=\"#_ftnref2\" name=\"_ftn2\">[2]<\/a>[2] Jan Mare\u0161, <a href=\"https:\/\/tn.nova.cz\/zpravodajstvi\/clanek\/567914-ministerstvo-zdravotnictvi-chce-zakazat-ochucene-vaporizery-lakaji-pry-deti\">Ministerstvo zdravotnictv\u00ed chce zak\u00e1zat ochucen\u00e9 vaporiz\u00e9ry. L\u00e1kaj\u00ed pr\u00fd d\u011bti<\/a>, TN Nova, publi\u00e9 le 4 ao\u00fbt 2024, consult\u00e9 le 20 ao\u00fbt 20<\/p>\n<p style=\"text-align: justify\"><a href=\"#_ftnref3\" name=\"_ftn3\">[3]<\/a> Fiche R\u00e9publique Tch\u00e8que \u2013 <a href=\"https:\/\/cdn.who.int\/media\/docs\/default-source\/ncds\/ncd-surveillance\/data-reporting\/czechia\/czechia-gyts-2022-factsheet-ages-13-15-final-508.pdf?sfvrsn=c2076d11_4#:~:text=In%20Czechia%2C%20GYTS%20was%20conducted,overall%20response%20rate%20was%2062.0%25.\">Enqu\u00eate mondiale sur le tabagisme chez les jeunes en 2022<\/a><\/p>\n<p><span style=\"color: #999999\"><strong><a style=\"color: #999999\" href=\"http:\/\/www.cnct.fr\/\" target=\"_blank\" rel=\"noopener noreferrer\">Comit\u00e9 national contre le tabagisme |<\/a><\/strong><\/span><\/p>\n","protected":false},"excerpt":{"rendered":"<p>The Czech Ministry of Health is preparing a decree to ban all flavors, except tobacco, for vaping devices. The decree is expected to come into effect next year. In addition, a new excise tax on e-cigarettes is expected to take effect in September, with further increases planned in the coming years.<\/p>","protected":false},"featured_media":22200,"template":"","tags":[],"thematique":[516,491],"class_list":["post-22197","actualites","type-actualites","status-publish","has-post-thumbnail","hentry","thematique-nouveaux-produits","thematique-politiques-publiques"],"acf":[],"_links":{"self":[{"href":"https:\/\/www.generationsanstabac.org\/en\/wp-json\/wp\/v2\/actualites\/22197","targetHints":{"allow":["GET"]}}],"collection":[{"href":"https:\/\/www.generationsanstabac.org\/en\/wp-json\/wp\/v2\/actualites"}],"about":[{"href":"https:\/\/www.generationsanstabac.org\/en\/wp-json\/wp\/v2\/types\/actualites"}],"version-history":[{"count":0,"href":"https:\/\/www.generationsanstabac.org\/en\/wp-json\/wp\/v2\/actualites\/22197\/revisions"}],"wp:featuredmedia":[{"embeddable":true,"href":"https:\/\/www.generationsanstabac.org\/en\/wp-json\/wp\/v2\/media\/22200"}],"wp:attachment":[{"href":"https:\/\/www.generationsanstabac.org\/en\/wp-json\/wp\/v2\/media?parent=22197"}],"wp:term":[{"taxonomy":"post_tag","embeddable":true,"href":"https:\/\/www.generationsanstabac.org\/en\/wp-json\/wp\/v2\/tags?post=22197"},{"taxonomy":"thematique","embeddable":true,"href":"https:\/\/www.generationsanstabac.org\/en\/wp-json\/wp\/v2\/thematique?post=22197"}],"curies":[{"name":"wp","href":"https:\/\/api.w.org\/{rel}","templated":true}]}}