{"id":22092,"date":"2024-08-13T09:00:03","date_gmt":"2024-08-13T07:00:03","guid":{"rendered":"https:\/\/www.generationsanstabac.org\/?post_type=actualites&#038;p=22092"},"modified":"2025-01-16T15:11:09","modified_gmt":"2025-01-16T14:11:09","slug":"loms-publie-une-synthese-des-connaissances-sur-les-relations-entre-tabagisme-et-maladie-asthmatique","status":"publish","type":"actualites","link":"https:\/\/www.generationsanstabac.org\/en\/actualites\/loms-publie-une-synthese-des-connaissances-sur-les-relations-entre-tabagisme-et-maladie-asthmatique\/","title":{"rendered":"WHO publishes synthesis on the links between smoking and asthma"},"content":{"rendered":"<p style=\"text-align: justify\"><em>L&rsquo;Organisation mondiale de la sant\u00e9 (OMS) a publi\u00e9 une nouvelle synth\u00e8se de l\u2019\u00e9tat des connaissances<a href=\"#_ftn1\" name=\"_ftnref1\"><strong>[1]<\/strong><\/a> sur les relations entre le tabagisme et la maladie asthmatique. Celle-ci met en exergue les effets d\u00e9l\u00e9t\u00e8res du tabagisme sur la survenue de l\u2019asthme et sa s\u00e9v\u00e9rit\u00e9. L\u2019OMS rappelle la n\u00e9cessit\u00e9 d&rsquo;adopter des mesures globales de lutte contre les tabagismes actif et passif, avec un soutien aux personnes qui cherchent \u00e0 arr\u00eater de fumer.<\/em><\/p>\n<p style=\"text-align: justify\">L&rsquo;asthme est un probl\u00e8me de sant\u00e9 publique mondial majeur, qui touche environ 262 millions de personnes et provoque 455 000 d\u00e9c\u00e8s par an. L&rsquo;asthme est la maladie chronique la plus courante chez les enfants et les adolescents, puisqu&rsquo;elle touche environ un enfant\/adolescent sur dix dans le monde. Il s&rsquo;agit d&rsquo;une inflammation des voies respiratoires qui provoque une r\u00e9duction du calibre des bronches par contraction de leurs muscles, ce qui rend la respiration plus difficile, en particulier lors des crises.<\/p>\n<p style=\"text-align: justify\">Ce document permet l\u2019information et la sensibilisation des professionnels de sant\u00e9 directement concern\u00e9s par la probl\u00e9matique de l\u2019asthme, en particulier les pneumologues, allergologues et p\u00e9diatres, ainsi que ceux impliqu\u00e9s dans la lutte contre le tabagisme et la pr\u00e9vention de ses effets nocifs sur la sant\u00e9.<\/p>\n<h2 style=\"text-align: justify\"><strong>Le tabagisme actif favorise la survenue de l\u2019asthme et aggrave sa s\u00e9v\u00e9rit\u00e9<\/strong><\/h2>\n<p style=\"text-align: justify\">Fumer est un facteur de risque de survenue d\u2019un asthme, et, \u00e0 tabagisme identique, ce risque est plus important chez la femme que chez l\u2019homme.<\/p>\n<p style=\"text-align: justify\">Chez les asthmatiques, le fait de fumer aggrave leur maladie de diff\u00e9rentes fa\u00e7ons\u00a0: les crises sont plus fr\u00e9quentes et plus s\u00e9v\u00e8res, et leur sensibilit\u00e9 aux traitements inhal\u00e9s, en particulier les cortico\u00efdes, est alt\u00e9r\u00e9e\u00a0; \u00e0 terme l\u2019\u00e9volution vers la bronchite chronique, avec d\u00e9gradation de la fonction respiratoire et insuffisance respiratoire, voire d\u00e9c\u00e8s possible, est plus rapide.<\/p>\n<p style=\"text-align: justify\">Enfin, fumer expose \u00e0 moyen terme au risque de d\u00e9velopper une broncho-pneumopathie chronique obstructive (BPCO) et\/ou un cancer du poumon.<\/p>\n<h2 style=\"text-align: justify\"><strong>L\u2019exposition au tabagisme passif environnemental favorise la survenue de l\u2019asthme chez l\u2019enfant, et aggrave sa s\u00e9v\u00e9rit\u00e9 chez l\u2019enfant et l\u2019adulte<\/strong><\/h2>\n<p style=\"text-align: justify\">L\u2019exposition aux tabagismes passifs secondaire et tertiaire favorise la fr\u00e9quence de la survenue de l\u2019asthme chez l\u2019enfant et aggrave sa s\u00e9v\u00e9rit\u00e9 chez l\u2019enfant et l\u2019adulte avec des crises plus fr\u00e9quentes et plus s\u00e9v\u00e8res, et une r\u00e9duction de l\u2019efficacit\u00e9 des traitements inhal\u00e9s. Cette toxicit\u00e9 des tabagismes passifs environnementaux est d\u2019autant plus importante que l\u2019exposition \u00e0 lieu en milieu confin\u00e9 tel que v\u00e9hicule ou appartement.<\/p>\n<h2 style=\"text-align: justify\"><strong>L\u2019exposition au tabagisme passif f\u0153tal augmente le risque d\u2019asthme chez l\u2019enfant \u00e0 naitre<\/strong><\/h2>\n<p style=\"text-align: justify\">Le fait de fumer pendant la grossesse est associ\u00e9 \u00e0 des poumons plus petits, et \u00e0 une fr\u00e9quence plus \u00e9lev\u00e9e de survenue de l\u2019asthme chez les enfants et les adolescents ayant \u00e9t\u00e9 expos\u00e9s in utero. De m\u00eame, l\u2019exposition d\u2019une femme non fumeuse au tabagisme passif environnemental pendant sa grossesse expose son enfant \u00e0 naitre \u00e0 un risque plus \u00e9lev\u00e9 pr\u00e9senter un asthme.<\/p>\n<h2 style=\"text-align: justify\"><strong>Liens entre asthme et utilisation de la cigarette \u00e9lectronique<\/strong><\/h2>\n<p style=\"text-align: justify\">Plusieurs \u00e9tudes transversales et longitudinales<a href=\"#_ftn2\" name=\"_ftnref2\">[2]<\/a>&#8211;<a href=\"#_ftn3\" name=\"_ftnref3\">[3]<\/a> ont fait \u00e9tat de sympt\u00f4mes respiratoires, tels que toux chronique, respiration sifflante, essoufflement et asthme chez les adolescents et jeunes adultes qui utilisent la cigarette \u00e9lectronique. Elles montrent que la consommation de la cigarette \u00e9lectronique est li\u00e9e \u00e0 une pr\u00e9valence accrue des sympt\u00f4mes d&rsquo;asthme et que celle-ci est encore plus \u00e9lev\u00e9e chez les vapoteurs qui fument du tabac en m\u00eame temps<a href=\"#_ftn4\" name=\"_ftnref4\">[4]<\/a>.<\/p>\n<h2 style=\"text-align: justify\"><strong>Un soutien pr\u00e9ventif cibl\u00e9 vers les femmes enceintes et les parents<\/strong><\/h2>\n<p style=\"text-align: justify\">L\u2019exposition in utero au tabagisme passif \u00e9tant particuli\u00e8rement d\u00e9l\u00e9t\u00e8re pour l\u2019appareil respiratoire des enfants \u00e0 naitre, et les jeunes enfants asthmatiques \u00e9tant particuli\u00e8rement vuln\u00e9rables \u00e0 la fum\u00e9e environnementale secondaire et tertiaire, il est imp\u00e9ratif pour l\u2019OMS de cibler les parents fumeurs et de les accompagner dans l\u2019aide \u00e0 l\u2019arr\u00eat du tabac.<\/p>\n<h2 style=\"text-align: justify\"><strong>L\u2019importance de l\u2019arr\u00eat du tabac sur l\u2019asthme<\/strong><\/h2>\n<p style=\"text-align: justify\">Pour l&rsquo;OMS, il est essentiel que toutes les personnes asthmatiques qui fument re\u00e7oivent des conseils personnalis\u00e9s et un soutien pour arr\u00eater de fumer, en mettant l&rsquo;accent sur les avantages \u00e0 court et \u00e0 long terme de l\u2019arr\u00eat qui conduit \u00e0 une am\u00e9lioration de la fonction respiratoire avec r\u00e9duction de l\u2019inflammation et de l\u2019hyperr\u00e9activit\u00e9 des voies respiratoires, se traduisant par un meilleur contr\u00f4le de l\u2019asthme, et une meilleure qualit\u00e9 et esp\u00e9rance de vie.<\/p>\n<h2 style=\"text-align: justify\"><strong>Recommandation par l\u2019OMS d\u2019environnements sains sans exposition au tabagisme passif<\/strong><\/h2>\n<p style=\"text-align: justify\">L\u2019OMS recommande, en mati\u00e8re de politiques publiques, l&rsquo;application des mesures d\u2019interdiction de fumer avec extension des espaces sans tabac, \u00e0 la fois dans les lieux publics int\u00e9rieurs, les lieux de travail et les transports publics, car l\u2019application de telles mesures est associ\u00e9e \u00e0 une baisse presque imm\u00e9diate des niveaux de pollution due \u00e0 la fum\u00e9e secondaire et \u00e0 une am\u00e9lioration marqu\u00e9e de la sant\u00e9 respiratoire des populations.<\/p>\n<p style=\"text-align: justify\"><strong><a href=\"https:\/\/www.generationsanstabac.org\/\">\u00a9G\u00e9n\u00e9ration Sans Tabac<\/a><\/strong><\/p>\n<p style=\"text-align: right\"><em><strong>AE<\/strong><\/em><\/p>\n<hr \/>\n<p style=\"text-align: justify\"><a href=\"#_ftnref1\" name=\"_ftn1\">[1]<\/a> <a href=\"https:\/\/iris.who.int\/bitstream\/handle\/10665\/378266\/9789240097537-eng.pdf?sequence=1\">WHO tobacco knowledge summaries: Tobacco and asthma<\/a>, OMS, publi\u00e9 le 30 juillet 2024, consult\u00e9 le 31 juillet 2024<\/p>\n<p style=\"text-align: justify\"><a href=\"#_ftnref2\" name=\"_ftn2\">[2]<\/a> National Academies of Sciences, Engineering, and Medicine; Health and Medicine Division; Board on Population Health and Public Health Practice; Committee on the Review of the Health Effects of Electronic Nicotine Delivery Systems. Eaton DL, Kwan LY, Stratton K, editors. Public health consequences of e-cigarettes. Washington (DC): National Academies Press; 2018. (https:\/\/doi. org\/10.17226\/24952).<\/p>\n<p style=\"text-align: justify\"><a href=\"#_ftnref3\" name=\"_ftn3\">[3]<\/a> Schweitzer RJ, Wills TA, Tam E, Pagano I, Choi K. E-cigarette use and asthma in a multiethnic sample of adolescents. Prev Med. 2017;105:226-31. (https:\/\/doi.org\/10.1016\/j.ypmed.2017.09.023).<\/p>\n<p style=\"text-align: justify\"><a href=\"#_ftnref4\" name=\"_ftn4\">[4]<\/a> Asfar T, Jebai R, Li W, Oluwole OJ, Ferdous T, Gautam P et al. Risk and safety profile of electronic nicotine delivery systems (ENDS): an umbrella review to inform ENDS health communication strategies. Tob Control. 2024;33:373-82. (http:\/\/orcid.org\/0000-0003-0472- 3807)<\/p>\n<p><span style=\"color: #999999\"><strong><a style=\"color: #999999\" href=\"http:\/\/www.cnct.fr\/\" target=\"_blank\" rel=\"noopener noreferrer\">Comit\u00e9 national contre le tabagisme |<\/a><\/strong><\/span><\/p>\n","protected":false},"excerpt":{"rendered":"<p>The World Health Organization (WHO) has published a new overview of the current state of knowledge on the relationship between smoking and asthma. It highlights the detrimental effects of smoking on the onset and severity of asthma. The WHO reiterates the need for comprehensive measures to combat active and passive smoking, including support for people seeking to quit. <\/p>","protected":false},"featured_media":22095,"template":"","tags":[],"thematique":[474,565],"class_list":["post-22092","actualites","type-actualites","status-publish","has-post-thumbnail","hentry","thematique-sante","thematique-sensibilisation"],"acf":[],"_links":{"self":[{"href":"https:\/\/www.generationsanstabac.org\/en\/wp-json\/wp\/v2\/actualites\/22092","targetHints":{"allow":["GET"]}}],"collection":[{"href":"https:\/\/www.generationsanstabac.org\/en\/wp-json\/wp\/v2\/actualites"}],"about":[{"href":"https:\/\/www.generationsanstabac.org\/en\/wp-json\/wp\/v2\/types\/actualites"}],"version-history":[{"count":0,"href":"https:\/\/www.generationsanstabac.org\/en\/wp-json\/wp\/v2\/actualites\/22092\/revisions"}],"wp:featuredmedia":[{"embeddable":true,"href":"https:\/\/www.generationsanstabac.org\/en\/wp-json\/wp\/v2\/media\/22095"}],"wp:attachment":[{"href":"https:\/\/www.generationsanstabac.org\/en\/wp-json\/wp\/v2\/media?parent=22092"}],"wp:term":[{"taxonomy":"post_tag","embeddable":true,"href":"https:\/\/www.generationsanstabac.org\/en\/wp-json\/wp\/v2\/tags?post=22092"},{"taxonomy":"thematique","embeddable":true,"href":"https:\/\/www.generationsanstabac.org\/en\/wp-json\/wp\/v2\/thematique?post=22092"}],"curies":[{"name":"wp","href":"https:\/\/api.w.org\/{rel}","templated":true}]}}