{"id":22084,"date":"2024-08-12T09:00:02","date_gmt":"2024-08-12T07:00:02","guid":{"rendered":"https:\/\/www.generationsanstabac.org\/?post_type=actualites&#038;p=22084"},"modified":"2024-08-09T11:56:14","modified_gmt":"2024-08-09T09:56:14","slug":"luxembourg-de-nombreux-produits-du-vapotage-non-conformes-en-vente","status":"publish","type":"actualites","link":"https:\/\/www.generationsanstabac.org\/en\/actualites\/luxembourg-de-nombreux-produits-du-vapotage-non-conformes-en-vente\/","title":{"rendered":"Luxembourg: Many non-compliant vaping products on sale"},"content":{"rendered":"<p style=\"text-align: justify\"><em>Des contr\u00f4les, men\u00e9s par l&rsquo;Administration de l&rsquo;Environnement (AEV) du Luxembourg, ont r\u00e9v\u00e9l\u00e9 de nombreuses non-conformit\u00e9s sur des produits du vapotage vendu par les enseignes sp\u00e9cialis\u00e9es, les bureaux de tabac et les stations-services. Trente-neuf des quarante-cinq \u00e9chantillons contr\u00f4l\u00e9s concernaient des produits qui n&rsquo;avaient pas \u00e9t\u00e9 notifi\u00e9s aux autorit\u00e9s Luxembourgeoises, et, au regard de la loi sur le tabac, ne peuvent donc pas \u00eatre vendus sur le march\u00e9 luxembourgeois. <\/em><\/p>\n<p style=\"text-align: justify\">Quarante-cinq \u00e9chantillons de cigarettes \u00e9lectroniques \u00e0 usage unique et d\u2019e-liquides ont \u00e9t\u00e9 achet\u00e9s dans onze points de vente, principalement dans les enseignes sp\u00e9cialis\u00e9es de vapotage mais aussi des stations-services et des bureaux de tabac<a href=\"#_ftn1\" name=\"_ftnref1\">[1]<\/a>.<\/p>\n<h2 style=\"text-align: justify\"><strong>Des \u00e9tiquettes non-conformes sur les produits du vapotage analys\u00e9s<\/strong><\/h2>\n<p style=\"text-align: justify\">L\u2019AEV indique avoir contr\u00f4l\u00e9 majoritairement l&rsquo;\u00e9tiquetage et l&#8217;emballage des produits, en particulier \u00e0 savoir si l&#8217;emballage pr\u00e9sentait la s\u00e9curit\u00e9 d&rsquo;enfants n\u00e9cessaire ainsi que l&rsquo;avertissement sanitaire obligatoire, ce qui \u00e9tait le cas pour l\u2019ensemble des produits.<\/p>\n<p style=\"text-align: justify\">Par contre, l\u2019agence indique que l&rsquo;\u00e9tiquetage a \u00e9t\u00e9 insuffisant pour vingt-sept produits analys\u00e9s. Sur ces produits, vingt pr\u00e9sentaient des non-conformit\u00e9s par rapport \u00e0 la l\u00e9gislation, comme des absences de pictogrammes, de mentions d&rsquo;avertissement, de mentions de danger ou alors les avertissements sanitaires n&rsquo;\u00e9taient pas r\u00e9dig\u00e9s en langue nationale (fran\u00e7ais ou allemand). Ces produits ont \u00e9t\u00e9 interdits \u00e0 la vente.<\/p>\n<p style=\"text-align: justify\">Pour les sept autres produits, le marquage des emballages n&rsquo;\u00e9tait pas satisfaisant et l\u2019agence a indiqu\u00e9 qu\u2019une lettre d&rsquo;information sera envoy\u00e9e aux d\u00e9taillants afin d&rsquo;inciter des mesures correctives volontaires.<\/p>\n<p style=\"text-align: justify\">Avec l\u2019arriv\u00e9e en masse des dispositifs jetables (puffs) dans l\u2019Union Europ\u00e9enne, de nombreux produits non-destin\u00e9s aux march\u00e9s europ\u00e9ens sont en vente. Ainsi, dans le cadre de ses observatoires sur les lieux de vente<a href=\"#_ftn2\" name=\"_ftnref2\">[2]<\/a>, le Comit\u00e9 national contre le tabagisme (CNCT) a relev\u00e9 des produits du vapotage en vente en France dont les emballages n\u2019\u00e9taient pas conformes, comprenant des avertissements sanitaires en anglais ou en espagnol. Selon le CNCT, ces produits qui ne sont pas d\u00e9clar\u00e9s \u00e0 l\u2019ANSES ne devraient pas \u00eatre en vente.<\/p>\n<h2 style=\"text-align: justify\"><strong>La majorit\u00e9 des produits analys\u00e9s ne sont pas vendus l\u00e9galement au Luxembourg<\/strong><\/h2>\n<p style=\"text-align: justify\">L&rsquo;Administration de l&rsquo;environnement a \u00e9galement v\u00e9rifi\u00e9 si les produits ont \u00e9t\u00e9 notifi\u00e9s aux autorit\u00e9s Luxembourgeoises en accord avec\u00a0<a href=\"http:\/\/legilux.public.lu\/eli\/etat\/leg\/loi\/2017\/06\/13\/a560\/jo\">la loi tabac<\/a>. En effet, selon l\u2019<a href=\"https:\/\/legilux.public.lu\/eli\/etat\/leg\/loi\/2017\/06\/13\/a560\/jo\">article 4.8<\/a> de cette loi, <em>\u00ab\u00a0les fabricants et les importateurs de cigarettes \u00e9lectroniques et de flacons de recharge sont tenus de soumettre une notification \u00e0 la direction concernant tout produit de ce type qu\u2019ils ont l\u2019intention de mettre sur le march\u00e9 (\u2026) et ce, six mois avant la date pr\u00e9vue de mise sur le march\u00e9\u00a0\u00bb. <\/em>Sur les quarante-cinq \u00e9chantillons, trente-neuf n&rsquo;avaient pas \u00e9t\u00e9 notifi\u00e9s et ont \u00e9t\u00e9 retir\u00e9s de la vente.<\/p>\n<p style=\"text-align: justify\">Des analyses en laboratoire ont \u00e9galement \u00e9t\u00e9 effectu\u00e9es pour v\u00e9rifier la composition chimique de\u00a0treize cigarettes \u00e9lectroniques \u00e0 usage unique achet\u00e9es par l\u2019AEV. \u00a0Pour ces produits les r\u00e9sultats des analyses ont \u00e9t\u00e9 conformes \u00e0 ce qui \u00e9tait indiqu\u00e9 sur les emballages.<\/p>\n<p style=\"text-align: justify\">Contrairement \u00e0 ses voisins belges et fran\u00e7ais, le Luxembourg ne pr\u00e9voit pas d\u2019interdire prochainement les dispositifs \u00e9lectroniques jetables. Entre 2022 et 2023, l\u2019incidence du vapotage y est pass\u00e9e de 21 \u00e0 36% chez les jeunes de moins de 25 ans<a href=\"#_ftn3\" name=\"_ftnref3\">[3]<\/a>.<\/p>\n<p style=\"text-align: justify\"><strong><a href=\"https:\/\/www.generationsanstabac.org\/\">\u00a9G\u00e9n\u00e9ration Sans Tabac<\/a><\/strong><\/p>\n<p style=\"text-align: right\"><em><strong>AE<\/strong><\/em><\/p>\n<hr \/>\n<p style=\"text-align: justify\"><a href=\"#_ftnref1\" name=\"_ftn1\">[1]<\/a> Communiqu\u00e9, <a href=\"https:\/\/aev.gouvernement.lu\/fr\/actualites.gouvernement%2Bfr%2Bactualites%2Btoutes_actualites%2Bcommuniques%2B2024%2B07-juillet%2B31-ecigarettes-controles.html\">E-cigarettes: des contr\u00f4les devoilent des non-conformit\u00e9s au niveau de l&rsquo;\u00e9tiquetage et de la notification<\/a>, Gouvernement du Luxembourg, publi\u00e9 le 31 juillet 2024, consult\u00e9 le 5 ao\u00fbt 2024<\/p>\n<p style=\"text-align: justify\"><a href=\"#_ftnref2\" name=\"_ftn2\">[2]<\/a> <a href=\"https:\/\/cnct.fr\/actualites\/barometres-de-la-publicite-des-produits-du-tabac-et-de-la-nicotine-sur-les-lieux-de-vente\/\">Barom\u00e8tres de la publicit\u00e9 des nouveaux produits du tabac et de la nicotine sur les lieux de vente<\/a>, CNCT<\/p>\n<p style=\"text-align: justify\"><a href=\"#_ftnref3\" name=\"_ftn3\">[3]<\/a> G\u00e9n\u00e9ration sans tabac, <a href=\"https:\/\/www.generationsanstabac.org\/actualites\/luxembourg-stagnation-consommation-tabac-niveau-eleve\/\">Luxembourg : Stagnation de la consommation de tabac \u00e0 un niveau \u00e9lev\u00e9<\/a>, publi\u00e9 le 28 mai 2024, consult\u00e9 le 5 ao\u00fbt 2024<\/p>\n<p><span style=\"color: #999999\"><strong><a style=\"color: #999999\" href=\"http:\/\/www.cnct.fr\/\" target=\"_blank\" rel=\"noopener noreferrer\">Comit\u00e9 national contre le tabagisme |<\/a><\/strong><\/span><\/p>\n","protected":false},"excerpt":{"rendered":"<p>Inspections conducted by the Luxembourg Environment Agency (AEV) have revealed numerous non-conformities in vaping products sold by specialist retailers, tobacconists, and gas stations. Thirty-nine of the forty-five samples inspected involved products that had not been notified to the Luxembourg authorities and, under tobacco law, cannot be sold on the Luxembourg market.<\/p>","protected":false},"featured_media":22090,"template":"","tags":[],"thematique":[516,491],"class_list":["post-22084","actualites","type-actualites","status-publish","has-post-thumbnail","hentry","thematique-nouveaux-produits","thematique-politiques-publiques"],"acf":[],"_links":{"self":[{"href":"https:\/\/www.generationsanstabac.org\/en\/wp-json\/wp\/v2\/actualites\/22084","targetHints":{"allow":["GET"]}}],"collection":[{"href":"https:\/\/www.generationsanstabac.org\/en\/wp-json\/wp\/v2\/actualites"}],"about":[{"href":"https:\/\/www.generationsanstabac.org\/en\/wp-json\/wp\/v2\/types\/actualites"}],"version-history":[{"count":0,"href":"https:\/\/www.generationsanstabac.org\/en\/wp-json\/wp\/v2\/actualites\/22084\/revisions"}],"wp:featuredmedia":[{"embeddable":true,"href":"https:\/\/www.generationsanstabac.org\/en\/wp-json\/wp\/v2\/media\/22090"}],"wp:attachment":[{"href":"https:\/\/www.generationsanstabac.org\/en\/wp-json\/wp\/v2\/media?parent=22084"}],"wp:term":[{"taxonomy":"post_tag","embeddable":true,"href":"https:\/\/www.generationsanstabac.org\/en\/wp-json\/wp\/v2\/tags?post=22084"},{"taxonomy":"thematique","embeddable":true,"href":"https:\/\/www.generationsanstabac.org\/en\/wp-json\/wp\/v2\/thematique?post=22084"}],"curies":[{"name":"wp","href":"https:\/\/api.w.org\/{rel}","templated":true}]}}