{"id":21941,"date":"2024-08-01T10:00:16","date_gmt":"2024-08-01T08:00:16","guid":{"rendered":"https:\/\/www.generationsanstabac.org\/?post_type=actualites&#038;p=21941"},"modified":"2025-01-16T15:21:15","modified_gmt":"2025-01-16T14:21:15","slug":"act-denonce-les-records-de-la-honte-de-lindustrie-du-tabac-a-loccasion-des-jo-2024","status":"publish","type":"actualites","link":"https:\/\/www.generationsanstabac.org\/en\/actualites\/act-denonce-les-records-de-la-honte-de-lindustrie-du-tabac-a-loccasion-des-jo-2024\/","title":{"rendered":"Alliance Against Tobacco Denounces Tobacco Industry&#039;s &#039;Shameful Records&#039; for 2024 Olympics"},"content":{"rendered":"<p style=\"text-align: justify\"><em>\u00c0 l\u2019occasion des Jeux olympiques et paralympiques, l\u2019ACT-Alliance contre le tabac lance ce mercredi 31 juillet une vaste <\/em><a href=\"https:\/\/alliancecontreletabac.org\/2024\/07\/30\/les-records-de-la-honte\/#documents\"><em>campagne<\/em><\/a><em> de sensibilisation sur les m\u00e9faits sanitaires, sociaux et environnementaux des activit\u00e9s de l\u2019industrie du tabac. \u00c0 travers un personnage fictif \u00ab Nick\u2019O\u2019tine \u00bb, qui repr\u00e9sentera les int\u00e9r\u00eats des cigarettiers sur les r\u00e9seaux sociaux, les m\u00e9dias et dans l\u2019espace public, l\u2019association entend faire conna\u00eetre les tristes records de cette industrie mortif\u00e8re. <\/em><\/p>\n<p style=\"text-align: justify\">La campagne a \u00e9t\u00e9 r\u00e9v\u00e9l\u00e9e lors d&rsquo;un live exclusif sur la cha\u00eene Twitch du journaliste Samuel Etienne le 30 juillet et sera d\u00e9ploy\u00e9e et amplifi\u00e9e \u00e0 l\u2019\u00e9chelle nationale jusqu\u2019au d\u00e9but des Jeux paralympiques 2024.<\/p>\n<p><img fetchpriority=\"high\" decoding=\"async\" class=\"aligncenter size-full wp-image-7517\" src=\"https:\/\/www.generationsanstabac.org\/wp-content\/uploads\/2024\/07\/act-jo2024.png\" alt=\"act-jo2024\" width=\"581\" height=\"384\" \/><\/p>\n<p>&nbsp;<\/p>\n<p style=\"text-align: justify\">La campagne de l\u2019ACT se d\u00e9clinera sous forme d\u2019affiches dans le m\u00e9tro ou les abribus dans dix grandes villes fran\u00e7aise dont la capitale, mais aussi sur les r\u00e9seaux sociaux (X, TikTok, Instagram) o\u00f9 le personnage fictif de Nick O\u2019Tine tentera ironiquement de prendre la d\u00e9fense des principaux cigarettiers (Philip Morris, British American Tobacco, Japan Tobacco International et Seita-Imperial Brands) en s\u2019ins\u00e9rant dans le d\u00e9bat public autour des JO.<\/p>\n<h2 style=\"text-align: justify\"><strong>Les tristes records d\u00e9tenus par l\u2019industrie du tabac<\/strong><\/h2>\n<p style=\"text-align: justify\">L\u2019ACT rappelle que la consommation de tabac est la premi\u00e8re cause de mortalit\u00e9 pr\u00e9matur\u00e9e \u00e9vitable en provoquant plus de 8 millions de d\u00e9c\u00e8s annuels dans le monde dont 75 000 en France. Dans le monde, il est estim\u00e9 que pr\u00e8s d\u20191,25 milliard de personnes sont d\u00e9pendantes du tabac. Pour l\u2019ACT et ses membres, le tabagisme doit \u00eatre consid\u00e9r\u00e9 comme une \u00e9pid\u00e9mie p\u00e9diatrique. En effet, 15,6% des jeunes de 17 ans sont fumeurs quotidiens en France et l\u2019usage des cigarettes \u00e9lectroniques est en nette progression chez les adolescents. Son usage quotidien a tripl\u00e9 entre 2017 et 2022, passant de 1,9 % \u00e0 6,2 %, tandis que l\u2019exp\u00e9rimentation est pass\u00e9e de 52,4 % \u00e0 56,9 %, d\u00e9passant celle du tabac. Le ciblage de l\u2019industrie du tabac qui concentre ses activit\u00e9s marketing \u00e0 l\u2019\u00e9gard des jeunes pour assurer le renouvellement de ses consommateurs explique dans une large mesure ces donn\u00e9es.<\/p>\n<p style=\"text-align: justify\">Les d\u00e9g\u00e2ts du tabac ne sont pas seulement sanitaires. Le tabac est en effet principalement cultiv\u00e9 dans les pays \u00e0 revenu faible et interm\u00e9diaire et le travail des enfants est end\u00e9mique dans ce secteur d\u2019activit\u00e9. Un rapport publi\u00e9 en 2011 estimait \u00e0 1,3 million le nombre d\u2019enfants travailleurs dans les champs de tabac de moins de 14 ans dans le monde<a href=\"#_ftn1\" name=\"_ftnref1\">[1]<\/a>.<\/p>\n<p style=\"text-align: justify\">En outre, les activit\u00e9s de l\u2019industrie du tabac nuisent \u00e9galement massivement \u00e0 l\u2019environnement. Les filtres de cigarettes sont la premi\u00e8re forme de d\u00e9chets plastique dans le monde \u2013 4 500 milliards sont jet\u00e9s dans la nature chaque ann\u00e9e. Ces filtres, qui sont des d\u00e9chets toxiques et dangereux polluent les sols et les cours d\u2019eau. La production de tabac est gourmande en eau et les pratiques actuelles de la culture du tabac ne sont pas durables. La surexploitation des sols pour la culture du tabac conduit \u00e0 une d\u00e9forestation permanente.<\/p>\n<p style=\"text-align: justify\">De m\u00eame, les nouveaux produits de la nicotine, \u00e0 l\u2019instar des cigarettes \u00e9lectroniques contiennent \u00e9galement des batteries, m\u00e9taux lourds et d\u2019autres mati\u00e8res dangereuses, non biod\u00e9gradables et nocives pour l\u2019environnement.<\/p>\n<p style=\"text-align: justify\">Enfin, l\u2019ACT rappelle que le tabac a un co\u00fbt majeur pour les finances publiques. Il co\u00fbte \u00e0 l\u2019\u00c9tat fran\u00e7ais plus de 1,6 milliard d\u2019euros et repr\u00e9sente un co\u00fbt social annuel de 156 milliards d\u2019euros<a href=\"#_ftn2\" name=\"_ftnref2\">[2]<\/a>.<\/p>\n<h2 style=\"text-align: justify\"><strong>Un appel \u00e0 d\u00e9commercialiser les produits du tabac et de la nicotine<\/strong><\/h2>\n<p style=\"text-align: justify\">Pour parvenir \u00e0 l\u2019objectif d\u2019une g\u00e9n\u00e9ration sans tabac d\u2019ici 2032, l\u2019ACT et ses membres, en particulier le Comit\u00e9 national contre le tabagisme (CNCT), plaident pour une d\u00e9commercialisation progressive des produits du tabac et de la nicotine en interdisant la vente aux personnes n\u00e9es \u00e0 partir de 2014. Cette mesure a \u00e9t\u00e9 r\u00e9introduite par le nouveau gouvernement britannique qui pr\u00e9voit d&rsquo;interdire la vente de produits du tabac \u00e0 toute personne n\u00e9e apr\u00e8s janvier 2009.<\/p>\n<p style=\"text-align: justify\">Pour le CNCT qui a publi\u00e9 un livre blanc en 2023 pour parvenir \u00e0 une g\u00e9n\u00e9ration sans tabac, cette d\u00e9commercialisation passe \u00e9galement par une r\u00e9vision du statut et de la r\u00e9mun\u00e9ration des buralistes et par un contr\u00f4le beaucoup plus important des activit\u00e9s de cette industrie<a href=\"#_ftn3\" name=\"_ftnref3\">[3]<\/a>.<\/p>\n<p style=\"text-align: justify\"><strong><a href=\"https:\/\/www.generationsanstabac.org\/\">\u00a9G\u00e9n\u00e9ration Sans Tabac<\/a><\/strong><\/p>\n<p style=\"text-align: right\"><em><strong>AE<\/strong><\/em><\/p>\n<hr \/>\n<p style=\"text-align: justify\"><a href=\"#_ftnref1\" name=\"_ftn1\">[1]<\/a> G\u00e9n\u00e9ration sans tabac, <a href=\"https:\/\/www.generationsanstabac.org\/actualites\/journee-mondiale-sans-tabac-industrie-du-tabac-violent-droits-enfants\/\">Journ\u00e9e mondiale sans tabac : L\u2019industrie du tabac viole les droits des enfants<\/a>, publi\u00e9 le 24 mai 2024, consult\u00e9 le 31 juillet 2024<\/p>\n<p style=\"text-align: justify\"><a href=\"#_ftnref2\" name=\"_ftn2\">[2]<\/a> Communiqu\u00e9, <a href=\"https:\/\/cnct.fr\/communiques\/le-tabac-un-cout-majeur-pour-les-finances-publiques\/\">Le tabac : un co\u00fbt majeur pour les finances publiques<\/a>, CNCT, publi\u00e9 le 2 ao\u00fbt 2023<\/p>\n<p style=\"text-align: justify\"><a href=\"#_ftnref3\" name=\"_ftn3\">[3]<\/a> Communiqu\u00e9 de presse, <a href=\"https:\/\/cnct.fr\/communiques\/le-comite-national-contre-le-tabagisme-propose-des-mesures-fortes-pour-parvenir-a-une-generation-sans-tabac-dici-2032\/\">Le Comit\u00e9 national contre le tabagisme (CNCT) propose des mesures fortes pour parvenir \u00e0 une g\u00e9n\u00e9ration sans tabac d\u2019ici 2032<\/a>, publi\u00e9 le 2 mai 2023, consult\u00e9 le 31 juillet 2024<\/p>\n<p><span style=\"color: #999999\"><strong><a style=\"color: #999999\" href=\"http:\/\/www.cnct.fr\/\" target=\"_blank\" rel=\"noopener noreferrer\">Comit\u00e9 national contre le tabagisme |<\/a><\/strong><\/span><\/p>\n","protected":false},"excerpt":{"rendered":"<p>To mark the Olympic and Paralympic Games, the ACT Alliance Against Tobacco is launching a major awareness campaign this Wednesday, July 31, on the health, social, and environmental harms of the tobacco industry&#039;s activities. Through a fictional character, &quot;Nick&#039;O&#039;tine,&quot; who will represent the interests of cigarette companies on social media, in the media, and in public spaces, the association intends to raise awareness of the sad record of this deadly industry.<\/p>","protected":false},"featured_media":21994,"template":"","tags":[],"thematique":[491,565],"class_list":["post-21941","actualites","type-actualites","status-publish","has-post-thumbnail","hentry","thematique-politiques-publiques","thematique-sensibilisation"],"acf":[],"_links":{"self":[{"href":"https:\/\/www.generationsanstabac.org\/en\/wp-json\/wp\/v2\/actualites\/21941","targetHints":{"allow":["GET"]}}],"collection":[{"href":"https:\/\/www.generationsanstabac.org\/en\/wp-json\/wp\/v2\/actualites"}],"about":[{"href":"https:\/\/www.generationsanstabac.org\/en\/wp-json\/wp\/v2\/types\/actualites"}],"version-history":[{"count":0,"href":"https:\/\/www.generationsanstabac.org\/en\/wp-json\/wp\/v2\/actualites\/21941\/revisions"}],"wp:featuredmedia":[{"embeddable":true,"href":"https:\/\/www.generationsanstabac.org\/en\/wp-json\/wp\/v2\/media\/21994"}],"wp:attachment":[{"href":"https:\/\/www.generationsanstabac.org\/en\/wp-json\/wp\/v2\/media?parent=21941"}],"wp:term":[{"taxonomy":"post_tag","embeddable":true,"href":"https:\/\/www.generationsanstabac.org\/en\/wp-json\/wp\/v2\/tags?post=21941"},{"taxonomy":"thematique","embeddable":true,"href":"https:\/\/www.generationsanstabac.org\/en\/wp-json\/wp\/v2\/thematique?post=21941"}],"curies":[{"name":"wp","href":"https:\/\/api.w.org\/{rel}","templated":true}]}}