{"id":21931,"date":"2024-07-31T10:00:45","date_gmt":"2024-07-31T08:00:45","guid":{"rendered":"https:\/\/www.generationsanstabac.org\/?post_type=actualites&#038;p=21931"},"modified":"2024-08-06T22:59:29","modified_gmt":"2024-08-06T20:59:29","slug":"nouvelle-zelande-la-ministre-de-la-sante-accusee-de-plier-devant-lindustrie-du-tabac","status":"publish","type":"actualites","link":"https:\/\/www.generationsanstabac.org\/en\/actualites\/nouvelle-zelande-la-ministre-de-la-sante-accusee-de-plier-devant-lindustrie-du-tabac\/","title":{"rendered":"New Zealand: Health Minister accused of bowing to tobacco industry"},"content":{"rendered":"<p style=\"text-align: justify;\"><em>La ministre d\u00e9l\u00e9gu\u00e9e \u00e0 la Sant\u00e9, Casey Costello, en charge de la politique de lutte contre le tabagisme en Nouvelle-Z\u00e9lande, a r\u00e9cemment r\u00e9duit de 50 % les droits d\u2019accise sur les produits du tabac \u00e0 chauffer, une mesure discr\u00e8tement annonc\u00e9e sur le site web des Douanes.<\/em><\/p>\n<p style=\"text-align: justify;\">Une telle mesure semble acc\u00e9der aux demandes pressantes de l\u2019industrie du tabac, \u00e0 l\u2019instar de Philip Morris, leader du march\u00e9 du tabac \u00e0 chauffer, qui r\u00e9clame des abattements fiscaux pour ces produits depuis 2018.<\/p>\n<h2 style=\"text-align: justify;\">Une d\u00e9cision controvers\u00e9e per\u00e7ue comme un soutien \u00e0 l&rsquo;industrie du tabac<\/h2>\n<p style=\"text-align: justify;\">La d\u00e9cision d\u2019accorder un abattement fiscal aux produits du tabac \u00e0 chauffer a suscit\u00e9 l\u2019indignation des acteurs de sant\u00e9 publique, accusant la ministre en charge de la lutte contre le tabagisme de favoriser les int\u00e9r\u00eats financiers de l\u2019industrie du tabac. Comme le souligne Janet Hoek, professeure de sant\u00e9 publique, cette mesure semble favoriser l\u2019industrie du tabac. Face \u00e0 ces critiques, la ministre d\u00e9l\u00e9gu\u00e9e a justifi\u00e9 la mesure comme \u00e9tant un essai, mis en place pour une dur\u00e9e d\u00e9termin\u00e9e. <a href=\"#_ftn1\" name=\"_ftnref1\">[1]<\/a><\/p>\n<h2 style=\"text-align: justify;\">Une d\u00e9cision allant \u00e0 l\u2019encontre des recommandations m\u00eames du minist\u00e8re de la Sant\u00e9<\/h2>\n<p style=\"text-align: justify;\">Dans son argumentaire, Casey Costello a pr\u00e9sent\u00e9 le tabac \u00e0 chauffer comme \u00e9tant une alternative moins nocive \u00e0 la sant\u00e9 que la consommation de cigarettes classiques, et \u00e9galement comme \u00e9tant un outil de sevrage potentiel, notamment pour les gros fumeurs. Selon la ministre charg\u00e9e de la lutte contre le tabagisme, les produits du tabac \u00e0 chauffer pr\u00e9senteraient un risque sanitaire similaire \u00e0 celui des cigarettes \u00e9lectroniques et seraient moins nocifs que les cigarettes classiques. Une telle affirmation va \u00e0 l\u2019encontre de la litt\u00e9rature scientifique, puisqu\u2019aucune \u00e9tude ind\u00e9pendante ne permet d\u2019affirmer que la consommation de tabac \u00e0 chauffer pr\u00e9sente un risque r\u00e9duit en comparaison des cigarettes traditionnelles. De la m\u00eame mani\u00e8re, la litt\u00e9rature scientifique souligne que le tabac \u00e0 chauffer est incontestablement plus nocif que les cigarettes \u00e9lectroniques. L\u2019argumentaire de la ministre est en totale opposition \u00e0 celui de son propre minist\u00e8re, qui rappelle la nocivit\u00e9 de ces produits et leur inefficacit\u00e9 en tant qu\u2019outil de sevrage. Le discours de la ministre d\u00e9l\u00e9gu\u00e9e \u00e0 la Sant\u00e9 reprend en fait l\u2019argumentaire de l\u2019industrie du tabac sur le tabac chauff\u00e9, qui cherche \u00e0 d\u00e9velopper ce produit en instrumentalisant la notion de r\u00e9duction des risques. Ces affirmations, qui ne s\u2019appuient sur aucune donn\u00e9e scientifique ind\u00e9pendante, visent en premier lieu \u00e0 obtenir des pouvoirs publics une fiscalit\u00e9 avantageuse.<\/p>\n<p style=\"text-align: justify;\">Consid\u00e9rant qu\u2019une telle mesure pourrait contribuer \u00e0 atteindre l\u2019objectif \u00ab sans fum\u00e9e \u00bb d\u2019ici 2025, Costello envisage \u00e9galement la possibilit\u00e9 d\u2019autoriser la commercialisation du snus et des sachets de nicotine. De la m\u00eame mani\u00e8re, cette proposition ne fait pas l\u2019unanimit\u00e9 aupr\u00e8s de son minist\u00e8re, qui a au contraire exprim\u00e9 des r\u00e9serves, soulignant l&rsquo;inefficacit\u00e9 potentielle du snus et des sachets de nicotine comme outils de sevrage tabagique. Le minist\u00e8re a par ailleurs avanc\u00e9 que le snus pouvait entra\u00eener un risque de d\u00e9pendance plus \u00e9lev\u00e9 que celui associ\u00e9 au tabac fum\u00e9 aupr\u00e8s des jeunes, et que sa consommation pouvait accro\u00eetre le risque de certains cancers.<\/p>\n<h2 style=\"text-align: justify;\">L\u2019influence de l\u2019industrie du tabac dans l\u2019actuel gouvernement en Nouvelle-Z\u00e9lande<\/h2>\n<p style=\"text-align: justify;\">Ce n&rsquo;est pas la premi\u00e8re fois que Casey Costello se retrouve au centre d&rsquo;une controverse en raison de l&rsquo;alignement de ses propositions sur les int\u00e9r\u00eats de l&rsquo;industrie du tabac. D\u00e9but 2024, elle a propos\u00e9 de d\u00e9sindexer la fiscalit\u00e9 des produits du tabac de l\u2019inflation pour les trois prochaines ann\u00e9es, justifiant cette mesure par l&rsquo;argument, souvent utilis\u00e9 par l&rsquo;industrie, selon lequel une augmentation des prix p\u00e9naliserait les populations les plus pr\u00e9caires. Toutefois, la litt\u00e9rature scientifique montre que l&rsquo;augmentation des taxes sur le tabac est l&rsquo;une des m\u00e9thodes les plus efficaces pour r\u00e9duire la consommation, en particulier parmi les populations vuln\u00e9rables, contribuant ainsi \u00e0 diminuer les in\u00e9galit\u00e9s sociales li\u00e9es au tabagisme. Parall\u00e8lement, depuis sa d\u00e9signation fin 2023,<a href=\"#_ftn1\" name=\"_ftnref1\">[2]<\/a> le nouveau gouvernement n\u00e9o-z\u00e9landais a d\u00e9cid\u00e9 de revenir sur plusieurs engagements de la majorit\u00e9 pr\u00e9c\u00e9dente en mati\u00e8re de lutte contre le tabagisme, abandonnant des mesures cruciales telles que l\u2019interdiction de vendre du tabac aux jeunes n\u00e9s apr\u00e8s 2009, la restriction du nombre de points de vente et la r\u00e9duction de la teneur en nicotine dans les produits. Les propositions r\u00e9centes de Costello semblent perp\u00e9tuer cette tendance, ce qui remet en question la capacit\u00e9 de la Nouvelle-Z\u00e9lande \u00e0 atteindre ses objectifs de sant\u00e9 publique.<\/p>\n<p style=\"text-align: justify;\">Par ailleurs, cette nouvelle mesure d\u2019une fiscalit\u00e9 plus favorable pour le tabac \u00e0 chauffer va \u00e0 l\u2019encontre des engagements internationaux de la Nouvelle-Z\u00e9lande, laquelle a ratifi\u00e9 le trait\u00e9 de la Convention-cadre de l&rsquo;Organisation mondiale de la sant\u00e9 pour la lutte antitabac (CCLAT). En effet, l\u2019article 5.3 de la CCLAT pr\u00e9voit une obligation g\u00e9n\u00e9rale de protection des politiques publiques \u00e0 l\u2019\u00e9gard de l\u2019interf\u00e9rence de l\u2019industrie du tabac. Les directives d\u2019application associ\u00e9es \u00e0 ces dispositions recommandent de ne pas accorder \u00ab d\u2019incitations, de privil\u00e8ges ou d\u2019avantages \u00e0 l\u2019industrie du tabac pour la mise en place ou la poursuite de ses activit\u00e9s \u00bb.<\/p>\n<p style=\"text-align: justify;\"><strong><a href=\"https:\/\/www.generationsanstabac.org\/\">\u00a9G\u00e9n\u00e9ration Sans Tabac<\/a><\/strong><\/p>\n<p style=\"text-align: right;\"><em><strong>DT<\/strong><\/em><\/p>\n<hr \/>\n<p><a href=\"#_ftnref1\" name=\"_ftn1\">[1]<\/a>RNZ, <a href=\"https:\/\/www.rnz.co.nz\/news\/in-depth\/522429\/nz-first-minister-casey-costello-orders-50-percent-cut-to-excise-tax-on-heated-tobacco-products\">NZ First Minister Casey Costello orders 50% cut to excise tax on heated tobacco products<\/a>, RNZ, publi\u00e9 le 18 juillet 2024, consult\u00e9 le 22 juillet 2024<\/p>\n<p><a href=\"#_ftnref1\" name=\"_ftn1\">[2]<\/a> G\u00e9n\u00e9ration sans tabac<a href=\"https:\/\/www.generationsanstabac.org\/actualites\/nouvelle-zelande-envisagerait-gel-taxes-tabac-trois-ans\/\">, La Nouvelle-Z\u00e9lande envisagerait un gel des taxes sur le tabac durant trois ans<\/a>, GST, publi\u00e9 le 30 janvier 2024, consult\u00e9 le 22 juillet 2024<\/p>\n<p><span style=\"color: #999999;\"><strong><a style=\"color: #999999;\" href=\"http:\/\/www.cnct.fr\/\" target=\"_blank\" rel=\"noopener noreferrer\">Comit\u00e9 national contre le tabagisme |<\/a><\/strong><\/span><\/p>\n","protected":false},"excerpt":{"rendered":"<p>Health Minister Casey Costello, who is responsible for New Zealand&#039;s tobacco control policy, recently cut excise duty on heated tobacco products by 50 %, a move quietly announced on the Customs website.<\/p>","protected":false},"featured_media":21980,"template":"","tags":[],"thematique":[491],"class_list":["post-21931","actualites","type-actualites","status-publish","has-post-thumbnail","hentry","thematique-politiques-publiques"],"acf":[],"_links":{"self":[{"href":"https:\/\/www.generationsanstabac.org\/en\/wp-json\/wp\/v2\/actualites\/21931","targetHints":{"allow":["GET"]}}],"collection":[{"href":"https:\/\/www.generationsanstabac.org\/en\/wp-json\/wp\/v2\/actualites"}],"about":[{"href":"https:\/\/www.generationsanstabac.org\/en\/wp-json\/wp\/v2\/types\/actualites"}],"version-history":[{"count":0,"href":"https:\/\/www.generationsanstabac.org\/en\/wp-json\/wp\/v2\/actualites\/21931\/revisions"}],"wp:featuredmedia":[{"embeddable":true,"href":"https:\/\/www.generationsanstabac.org\/en\/wp-json\/wp\/v2\/media\/21980"}],"wp:attachment":[{"href":"https:\/\/www.generationsanstabac.org\/en\/wp-json\/wp\/v2\/media?parent=21931"}],"wp:term":[{"taxonomy":"post_tag","embeddable":true,"href":"https:\/\/www.generationsanstabac.org\/en\/wp-json\/wp\/v2\/tags?post=21931"},{"taxonomy":"thematique","embeddable":true,"href":"https:\/\/www.generationsanstabac.org\/en\/wp-json\/wp\/v2\/thematique?post=21931"}],"curies":[{"name":"wp","href":"https:\/\/api.w.org\/{rel}","templated":true}]}}