{"id":21927,"date":"2024-07-23T09:00:52","date_gmt":"2024-07-23T07:00:52","guid":{"rendered":"https:\/\/www.generationsanstabac.org\/?post_type=actualites&#038;p=21927"},"modified":"2024-08-06T23:11:02","modified_gmt":"2024-08-06T21:11:02","slug":"loms-alerte-la-tunisie-sur-la-consommation-elevee-de-tabac-chez-les-jeunes","status":"publish","type":"actualites","link":"https:\/\/www.generationsanstabac.org\/en\/actualites\/loms-alerte-la-tunisie-sur-la-consommation-elevee-de-tabac-chez-les-jeunes\/","title":{"rendered":"WHO warns Tunisia of high tobacco consumption among young people"},"content":{"rendered":"<p style=\"text-align: justify;\"><em>La repr\u00e9sentante du bureau de l\u2019Organisation mondiale de la sant\u00e9 (OMS) en Tunisie, Olfa Sa\u00efdi s\u2019inqui\u00e8te<\/em><em> de l&rsquo;augmentation de la consommation de tabac des adolescents tunisiens : 11,9% des adolescents \u00e2g\u00e9s de 13 \u00e0 15 ans sont des consommateurs r\u00e9guliers de tabac<a href=\"#_ftn1\" name=\"_ftnref1\"><strong>[1]<\/strong><\/a>, une pr\u00e9valence qui monte \u00e0 14% chez ceux \u00e2g\u00e9s de 15 \u00e0 17 ans.<\/em><em> <a href=\"#_ftn2\" name=\"_ftnref2\"><strong>[2]<\/strong><\/a><\/em><\/p>\n<p style=\"text-align: justify;\">Cette tendance inqui\u00e9tante a des cons\u00e9quences sur la sant\u00e9 publique. Olfa Saidi a soulign\u00e9 l&rsquo;urgence d&rsquo;adopter des mesures plus strictes pour contrer ce ph\u00e9nom\u00e8ne.<\/p>\n<h2 style=\"text-align: justify;\"><strong>Tabagisme et vapotage en Tunisie : un probl\u00e8me majeur de sant\u00e9 publique<\/strong><\/h2>\n<p style=\"text-align: justify;\">Chaque ann\u00e9e, la consommation de tabac est responsable du d\u00e9c\u00e8s pr\u00e9matur\u00e9 de plus de 13 200 Tunisiens. Plus d\u2019un sur 6 de ces d\u00e9c\u00e8s r\u00e9sulte de l&rsquo;exposition \u00e0 la fum\u00e9e secondaire<a href=\"#_ftn3\" name=\"_ftnref3\">[3]<\/a>. Selon la repr\u00e9sentante de l\u2019OMS, l&rsquo;\u00e2ge d\u2019initiation est particuli\u00e8rement alarmant, certains enfants commen\u00e7ant d\u00e8s l&rsquo;\u00e2ge de sept ans. Pr\u00e8s de 12% des jeunes adolescents \u00e2g\u00e9s de 13 \u00e0 15 ans consomment r\u00e9guli\u00e8rement des produits du tabac. Parmi les 15-17 ans, cette pr\u00e9valence est de 14%. Si les gar\u00e7ons demeurent plus nombreux \u00e0 en consommer, la consommation a tendance \u00e0 augmenter chez les jeunes filles.<\/p>\n<p style=\"text-align: justify;\">Bien que la consommation tabagique chez les hommes n\u2019ait pas connu d\u2019augmentation significative avec 49,4% en 2018 contre 49,8% en 2023, elle reste encore tr\u00e8s \u00e9lev\u00e9e. La situation reste sensiblement la m\u00eame qu\u2019en 2018 du c\u00f4t\u00e9 des femmes, avec une pr\u00e9valence de 1,7% en 2018 contre 1,9% en 2023.<a href=\"#_ftn4\" name=\"_ftnref4\">[4]<\/a><\/p>\n<p style=\"text-align: justify;\">Par ailleurs, selon Hatem Bouzaiene, docteur et pr\u00e9sident de l\u2019Alliance tunisienne contre le tabac, en 2023 la Tunisie a \u00e9galement \u00e9t\u00e9 confront\u00e9e \u00e0 une forte progression de l\u2019utilisation des cigarettes \u00e9lectroniques parmi les jeunes. Selon lui, plus de 17% des mineurs en utiliseraient, alors que cette derni\u00e8re est suppos\u00e9e \u00eatre ch\u00e8re et inaccessible pour cette tranche d\u2019\u00e2ge.<a href=\"#_ftn1\" name=\"_ftnref1\">[5]<\/a><\/p>\n<p style=\"text-align: justify;\">Les maladies li\u00e9es au tabac co\u00fbtent chaque ann\u00e9e \u00e0 la Tunisie 2 milliards de dinars tunisiens (600 millions d\u2019euros), soit l&rsquo;\u00e9quivalent d&rsquo;1,8% de son PIB.<a href=\"#_ftn5\" name=\"_ftnref5\"><\/a><a href=\"#_ftn6\" name=\"_ftnref6\">[6]<\/a><\/p>\n<h2 style=\"text-align: justify;\"><strong>Des lois tr\u00e8s peu respect\u00e9es <\/strong><\/h2>\n<p style=\"text-align: justify;\">En 1998, la Tunisie a adopt\u00e9 une l\u00e9gislation visant \u00e0 r\u00e9glementer la consommation de tabac. Cette loi comprend plusieurs mesures importantes telles que l&rsquo;interdiction de fumer dans les lieux \u00e0 usage collectif, la limitation de la publicit\u00e9 pour les produits du tabac et l&rsquo;obligation d&rsquo;apposer des avertissements sanitaires sur les paquets de cigarettes.<\/p>\n<p style=\"text-align: justify;\">Cependant, les modalit\u00e9s d\u2019application du <a href=\"https:\/\/cdn.nawaat.org\/wp-content\/uploads\/2014\/08\/loi-tabagisme-98%C2%AD17-23-fevrier-1998.pdf\">texte<\/a> n\u2019ont pas permis une effectivit\u00e9 des mesures. Ainsi, en 2008, une \u00e9tude tunisienne men\u00e9e aupr\u00e8s de 452 professionnels de la sant\u00e9 r\u00e9v\u00e9lait que 82% des fumeurs et 80% des non-fumeurs interrog\u00e9s d\u00e9claraient conna\u00eetre l\u2019existence de l&rsquo;interdiction de fumer sur leur lieu de travail mais indiquaient que la majorit\u00e9 des fumeurs ne respectaient pas cet interdit dans un lieu de sant\u00e9.<a href=\"#_ftn1\" name=\"_ftnref1\">[7]<\/a><\/p>\n<p style=\"text-align: justify;\">Un rapport paru en 2017 du minist\u00e8re tunisien soulignait l\u2019accessibilit\u00e9 ais\u00e9e des produits du tabac pour les mineurs. Ainsi, parmi les fumeurs de cigarettes \u00e2g\u00e9s de 13 \u00e0 15 ans, 76,1 % avaient d\u00e9clar\u00e9 avoir pu acheter des cigarettes au cours des 30 derniers jours. Cette accessibilit\u00e9 aux produits du tabac facilite non seulement l&rsquo;initiation des enfants au tabagisme mais contribue \u00e9galement \u00e0 les maintenir dans l&rsquo;addiction.<a href=\"#_ftn8\" name=\"_ftnref8\">[8]<\/a><\/p>\n<p style=\"text-align: justify;\">Bien que la Tunisie ait ratifi\u00e9 en 2010 la Convention-cadre de l&rsquo;OMS pour la lutte antitabac (CCLAT), s&rsquo;engageant ainsi \u00e0 renforcer ses efforts contre le tabagisme, le pays peine encore \u00e0 mettre en \u0153uvre de mani\u00e8re rigoureuse les lois existantes, d\u2019autres dispositions n\u00e9cessiteraient par ailleurs d\u2019\u00eatre adopt\u00e9es pour lutter efficacement contre le tabagisme.<\/p>\n<h2 style=\"text-align: justify;\"><strong>Renforcement des mesures anti-tabac en Tunisie : recommandations et engagements de l&rsquo;OMS et de l&rsquo;Assembl\u00e9e des repr\u00e9sentants du peuple<\/strong><\/h2>\n<p style=\"text-align: justify;\">Pour endiguer cette \u00e9pid\u00e9mie tabagique qui persiste en Tunisie et en fait l\u2019un des pays les plus touch\u00e9 d\u2019Afrique, l&rsquo;OMS pr\u00e9conise notamment l\u2019application de l\u2019ensemble des dispositions du trait\u00e9 de la CCLAT. La repr\u00e9sentante de l\u2019institution recommande tout particuli\u00e8rement que le pays adopte et applique une interdiction totale de la vente de tabac aux mineurs et qu\u2019il augmente de mani\u00e8re substantielle et r\u00e9guli\u00e8re les taxes sur les produits du tabac. Ces mesures sont efficaces pour pr\u00e9venir l\u2019initiation des jeunes et les hausses de taxes sont \u00e9galement d\u00e9montr\u00e9es comme incitatrices \u00e0 l\u2019arr\u00eat du tabac chez les fumeurs.<\/p>\n<p style=\"text-align: justify;\">Lors d\u2019une s\u00e9ance de la Commission des affaires sociales de l\u2019Assembl\u00e9e tunisienne des repr\u00e9sentants du peuple, le probl\u00e8me du tabagisme a \u00e9t\u00e9 abord\u00e9. Les d\u00e9bats ont soulign\u00e9 la n\u00e9cessit\u00e9 d&rsquo;une collaboration renforc\u00e9e entre les l\u00e9gislateurs, les experts de la sant\u00e9 publique et la soci\u00e9t\u00e9 civile pour d\u00e9finir et mettre en \u0153uvre ces propositions de mani\u00e8re efficace. Les parlementaires de la Commission, se sont engag\u00e9s \u00e0 les porter en vue de renforcer le cadre l\u00e9gislatif existant.<\/p>\n<p style=\"text-align: justify;\"><strong><a href=\"https:\/\/www.generationsanstabac.org\/\">\u00a9G\u00e9n\u00e9ration Sans Tabac<\/a><\/strong><\/p>\n<p style=\"text-align: right;\"><em><strong>DT<\/strong><\/em><\/p>\n<hr \/>\n<p style=\"text-align: justify;\"><a href=\"#_ftnref1\" name=\"_ftn1\">[1]<\/a> Ayedi Y, Harizi C, Skhiri A, Fakhfakh R. Linking Global Youth Tobacco Survey (GYTS) data to the WHO Framework Convention on Tobacco Control (FCTC): The case for Tunisia. Tobacco Induced Diseases. 2022;20(January):7. doi:10.18332\/tid\/143994.<\/p>\n<p style=\"text-align: justify;\"><a href=\"#_ftnref2\" name=\"_ftn2\">[2]<\/a> Minist\u00e8re de la Sant\u00e9 de la Tunisie RTI International Programme des Nations Unies pour le D\u00e9veloppement Secr\u00e9tariat de la CCLAT de l\u2019OMS Organisation Mondiale de la Sant\u00e9, <a href=\"https:\/\/www.undp.org\/sites\/g\/files\/zskgke326\/files\/migration\/tn\/undp_tobacco_tunisia.2021.pdf\">Argumentation en faveur de l\u2019investissement dans la mise en \u0153uvre de la CCLAT en Tunisie<\/a>, publi\u00e9 en d\u00e9cembre 2021, consult\u00e9 le 17 juillet 2024<\/p>\n<p style=\"text-align: justify;\"><a href=\"#_ftnref3\" name=\"_ftn3\">[3]<\/a>Minist\u00e8re de la Sant\u00e9 de la Tunisie RTI International Programme des Nations Unies pour le D\u00e9veloppement  Secr\u00e9tariat de la CCLAT de l\u2019OMS Organisation Mondiale de la Sant\u00e9, <a href=\"https:\/\/www.undp.org\/sites\/g\/files\/zskgke326\/files\/migration\/tn\/undp_tobacco_tunisia.2021.pdf\">Argumentation en faveur de l\u2019investissement dans la mise en \u0153uvre de la CCLAT en Tunisie<\/a>, publi\u00e9 en d\u00e9cembre 2021, consult\u00e9 le 17 juillet 2024<\/p>\n<p style=\"text-align: justify;\"><a href=\"#_ftnref4\" name=\"_ftn4\">[4]<\/a> Enqu\u00eate par grappes \u00e0 indicateurs multiples (MICS) en Tunisie, <a href=\"https:\/\/www.unicef.org\/tunisia\/media\/7231\/file\/r%C3%A9sum%C3%A9%20MICS-%20Livret%20FR.pdf\">Situation de la m\u00e8re et de l\u2019enfant<\/a>, UNICEF, publi\u00e9e en 2023, consult\u00e9e le 18 juillet 2024<\/p>\n<p style=\"text-align: justify;\"><a href=\"#_ftnref5\" name=\"_ftn5\">[5]<\/a> BusinessNews<a href=\"https:\/\/www.businessnews.com.tn\/Tabagisme--des-chiffres-effrayants-en-ce-qui-concerne-les-enfants-et-les-adolescents-!,520,129617,3\">, Tabagisme : des chiffres effrayants en ce qui concerne les enfants et les adolescents !<\/a>, Business news, publi\u00e9 le 2 juin 2023, consult\u00e9 le 17 juillet 2024<\/p>\n<p style=\"text-align: justify;\"><a href=\"#_ftnref6\" name=\"_ftn6\">[6]<\/a> Institut National de la Statistique tunisienne, <a href=\"https:\/\/www.ins.tn\/statistiques\/115\">https:\/\/www.ins.tn\/statistiques\/115<\/a> , consult\u00e9 le 18 juillet 2024<\/p>\n<p style=\"text-align: justify;\"><a href=\"#_ftnref7\" name=\"_ftn7\">[7]<\/a> W. BEN AMAR , A. CHAKROUN, M. ZRIBI, Z. KHEMEKHEM, F. BEN JEMAA,S. MAATOUG, <a href=\"https:\/\/www.medecinesfax.org\/useruploads\/files\/article03-27.pdf\">dispositif l\u00e9gislatif de lutte anti-tabagique en Tunisie : entre insuffisances et d\u00e9faut d\u2019application<\/a>, publi\u00e9 le 14 octobre 2017, consult\u00e9 le 17 juillet 2024<\/p>\n<p style=\"text-align: justify;\"><a href=\"#_ftnref8\" name=\"_ftn8\">[8]<\/a> Ayedi Y, Harizi C, Skhiri A, Fakhfakh R. Linking Global Youth Tobacco Survey (GYTS) data to the WHO Framework Convention on Tobacco Control (FCTC): The case for Tunisia. Tobacco Induced Diseases.<\/p>\n<p><span style=\"color: #999999;\"><strong><a style=\"color: #999999;\" href=\"http:\/\/www.cnct.fr\/\" target=\"_blank\" rel=\"noopener noreferrer\">Comit\u00e9 national contre le tabagisme |<\/a><\/strong><\/span><\/p>\n","protected":false},"excerpt":{"rendered":"<p>The representative of the World Health Organization (WHO) office in Tunisia, Olfa Sa\u00efdi, is concerned about the increase in tobacco consumption among Tunisian adolescents. 11.9% of adolescents aged 13 to 15 are regular tobacco users, a prevalence that rises to 14% among those aged 15 to 17.<\/p>","protected":false},"featured_media":21974,"template":"","tags":[],"thematique":[491,474],"class_list":["post-21927","actualites","type-actualites","status-publish","has-post-thumbnail","hentry","thematique-politiques-publiques","thematique-sante"],"acf":[],"_links":{"self":[{"href":"https:\/\/www.generationsanstabac.org\/en\/wp-json\/wp\/v2\/actualites\/21927","targetHints":{"allow":["GET"]}}],"collection":[{"href":"https:\/\/www.generationsanstabac.org\/en\/wp-json\/wp\/v2\/actualites"}],"about":[{"href":"https:\/\/www.generationsanstabac.org\/en\/wp-json\/wp\/v2\/types\/actualites"}],"version-history":[{"count":0,"href":"https:\/\/www.generationsanstabac.org\/en\/wp-json\/wp\/v2\/actualites\/21927\/revisions"}],"wp:featuredmedia":[{"embeddable":true,"href":"https:\/\/www.generationsanstabac.org\/en\/wp-json\/wp\/v2\/media\/21974"}],"wp:attachment":[{"href":"https:\/\/www.generationsanstabac.org\/en\/wp-json\/wp\/v2\/media?parent=21927"}],"wp:term":[{"taxonomy":"post_tag","embeddable":true,"href":"https:\/\/www.generationsanstabac.org\/en\/wp-json\/wp\/v2\/tags?post=21927"},{"taxonomy":"thematique","embeddable":true,"href":"https:\/\/www.generationsanstabac.org\/en\/wp-json\/wp\/v2\/thematique?post=21927"}],"curies":[{"name":"wp","href":"https:\/\/api.w.org\/{rel}","templated":true}]}}