{"id":21925,"date":"2024-07-21T09:00:51","date_gmt":"2024-07-21T07:00:51","guid":{"rendered":"https:\/\/www.generationsanstabac.org\/?post_type=actualites&#038;p=21925"},"modified":"2024-08-06T23:11:47","modified_gmt":"2024-08-06T21:11:47","slug":"estonie-demande-a-lue-de-renforcer-les-reglementations-sur-le-vapotage","status":"publish","type":"actualites","link":"https:\/\/www.generationsanstabac.org\/en\/actualites\/estonie-demande-a-lue-de-renforcer-les-reglementations-sur-le-vapotage\/","title":{"rendered":"Estonia calls on EU to tighten vaping regulations"},"content":{"rendered":"<p style=\"text-align: justify;\"><em>Le 12 juillet dernier, la commission des affaires europ\u00e9ennes du Riigikogu (Parlement d&rsquo;Estonie) s&rsquo;est r\u00e9unie pour approuver unanimement des propositions visant \u00e0 renforcer la r\u00e9glementation des produits contenant de la nicotine dans toute l&rsquo;Union europ\u00e9enne. Cette initiative vise \u00e0 harmoniser les r\u00e9gulations \u00e0 l&rsquo;\u00e9chelle europ\u00e9enne afin de mieux prot\u00e9ger la sant\u00e9 publique.<\/em><\/p>\n<h2 style=\"text-align: justify;\"><strong>Une consommation \u00e9lev\u00e9e de nouveaux produits \u00e0 la nicotine chez les jeunes Estoniens<\/strong><\/h2>\n<p style=\"text-align: justify;\">Les jeunes Estoniens figurent parmi les plus grands consommateurs mondiaux de produits du vapotage. Et la tendance demeure \u00e0 la hausse dans le pays. Selon l&rsquo;enqu\u00eate sur les comportements de sant\u00e9 de la population des 15 ans et plus en Europe, en 2020, les utilisateurs r\u00e9guliers de cigarettes \u00e9lectroniques repr\u00e9sentaient 2 % en Estonie.<a href=\"#_ftn1\" name=\"_ftnref1\">[1]<\/a> En 2023, ce pourcentage \u00e9tait d\u00e9j\u00e0 pass\u00e9 \u00e0 9 %. <a href=\"#_ftn2\" name=\"_ftnref2\">[2]<\/a><\/p>\n<p style=\"text-align: justify;\">Liisa Pakosta, d\u00e9put\u00e9e estonienne et pr\u00e9sidente de la commission des affaires europ\u00e9ennes, a exprim\u00e9 son inqui\u00e9tude face \u00e0 cette situation. Elle souligne les risques pour la sant\u00e9 publique et l&rsquo;environnement, et critique vivement l&rsquo;influence n\u00e9faste du lobby du tabac et la d\u00e9sinformation ambiante au sujet de ces nouveaux produits.<a href=\"#_ftn1\" name=\"_ftnref1\">[3]<\/a><\/p>\n<p><a href=\"#_ftnref1\" name=\"_ftn1\"><\/a><\/p>\n<h2 style=\"text-align: justify;\"><strong>Les dispositions propos\u00e9es par l&rsquo;Estonie \u00e0 l\u2019Union europ\u00e9enne<\/strong><\/h2>\n<p style=\"text-align: justify;\">L\u2019Estonie propose une s\u00e9rie de mesures destin\u00e9es \u00e0 encadrer strictement la commercialisation et l&rsquo;utilisation des produits nicotiniques non th\u00e9rapeutiques comme les produits du vapotage et les sachets de nicotine. Parmi les dispositions cl\u00e9s, figurent la limitation des ar\u00f4mes, la fixation de limites maximales de nicotine pour les sachets, l&rsquo;interdiction de la vente en ligne pour tous ces produits, et l&rsquo;introduction d&rsquo;un emballage standardis\u00e9 pour r\u00e9duire leur attractivit\u00e9. En outre, les interdictions de fumer en vigueur devraient s\u2019appliquer \u00e0 la consommation de produits du vapotage tandis que la commercialisation des cigarettes \u00e9lectroniques jetables devrait \u00eatre purement et simplement prohib\u00e9e.<\/p>\n<h2 style=\"text-align: justify;\"><strong>Un appel de plusieurs pays europ\u00e9ens \u00e0 renforcer les mesures sur le vapotage<\/strong><\/h2>\n<p style=\"text-align: justify;\">La l\u00e9gislation europ\u00e9enne sur le vapotage est principalement r\u00e9gie par la Directive sur les produits du tabac (TPD). Adopt\u00e9e en 2014, la TPD impose des restrictions sur les e-liquides et les dispositifs de vapotage, incluant notamment une limite de 20 mg\/ml pour la concentration en nicotine, des volumes de r\u00e9servoir ne d\u00e9passant pas 2 ml, et des flacons de e-liquide ne d\u00e9passant pas 10 ml. L&#8217;emballage doit \u00e9galement pr\u00e9senter un avertissement sanitaire et comporter une liste des ingr\u00e9dients contenus dans le produit.<\/p>\n<p style=\"text-align: justify;\">A cela s\u2019ajoutent des informations sur la teneur en nicotine du produit et une notice contenant des instructions d&rsquo;utilisation et des informations sur les effets ind\u00e9sirables, les groupes \u00e0 risque, l&rsquo;accoutumance et la toxicit\u00e9. Les \u00e9l\u00e9ments promotionnels ne sont pas autoris\u00e9s sur l&#8217;emballage des e-cigarettes.<a href=\"#_ftn1\" name=\"_ftnref1\">[4]<\/a><\/p>\n<p style=\"text-align: justify;\">Contrairement aux produits du tabac, il n\u2019existe cependant aucune restriction \u00e0 l\u2019\u00e9chelle europ\u00e9enne pour les ar\u00f4mes. Les Etats-membres peuvent d\u00e9cider d\u2019imposer des r\u00e9glementations plus strictes.  Les Pays-Bas, la Slov\u00e9nie, la Hongrie par exemple ont d\u00e9j\u00e0 interdit les ar\u00f4mes pour les produits du vapotage. La Finlande a \u00e9galement interdit les ar\u00f4mes dans les e-liquides, sauf l\u2019ar\u00f4me tabac. En dehors de la r\u00e9glementation des ar\u00f4mes, la Finlande impose \u00e9galement des taxes \u00e9lev\u00e9es sur ces produits.<a href=\"#_ftn1\" name=\"_ftnref1\">[5]<\/a> Le Danemark pour sa part a adopt\u00e9 en 2022 le conditionnement neutre non seulement pour les produits du tabac mais \u00e9galement les produits du vapotage.<a href=\"#_ftn2\" name=\"_ftnref2\">[6]<\/a><\/p>\n<p><a href=\"#_ftnref1\" name=\"_ftn1\"><\/a><\/p>\n<p style=\"text-align: justify;\">En juin dernier, plusieurs pays europ\u00e9ens avaient d\u00e9j\u00e0 demand\u00e9 \u00e0 la Commission europ\u00e9ennee renforcer la r\u00e9glementation relative aux produits de la nicotine dans un souci de protection de la jeunesse, notamment en interdisant les ar\u00f4mes dans les produits du vapotage et les sachets de nicotine. Le Danemark et la Lettonie, avec le soutien de Chypre, de l&rsquo;Estonie, de l&rsquo;Irlande, de la France, de la Lituanie, du Luxembourg, de Malte, du Portugal, de la Slov\u00e9nie et de l&rsquo;Espagne, portent tous cette m\u00eame demande pour qu\u2019une telle interdiction soit int\u00e9gr\u00e9e dans la prochaine version de la directive europ\u00e9enne sur les produits du tabac.<\/p>\n<p>&nbsp;<\/p>\n<p style=\"text-align: justify;\"><strong><a href=\"https:\/\/www.generationsanstabac.org\/\">\u00a9G\u00e9n\u00e9ration Sans Tabac<\/a><\/strong><\/p>\n<p style=\"text-align: right;\"><em><strong>DT<\/strong><\/em><\/p>\n<hr \/>\n<p style=\"text-align: justify;\"><a href=\"#_ftnref1\" name=\"_ftn1\">[1]<\/a> Eurobarom\u00e8tre, <a href=\"https:\/\/europa.eu\/eurobarometer\/surveys\/detail\/2240\">Attitudes of Europeans towards tobacco and electronic cigarettes<\/a>, Eurobarom\u00e8tre, publi\u00e9 en 2021, consult\u00e9 le 17 juillet 2024<\/p>\n<p style=\"text-align: justify;\"><a href=\"#_ftnref2\" name=\"_ftn2\">[2]<\/a> Eurobarom\u00e8tre, <a href=\"https:\/\/europa.eu\/eurobarometer\/surveys\/detail\/2995\">Attitudes of Europeans towards tobacco and electronic cigarettes<\/a>, Eurobarom\u00e8tre, publi\u00e9 en 2024, consult\u00e9 le 17 juillet 2024<\/p>\n<p style=\"text-align: justify;\"><a href=\"#_ftn1\" name=\"_ftnref1\"><\/a><\/p>\n<p style=\"text-align: justify;\"><a href=\"#_ftnref1\" name=\"_ftn1\">[3]<\/a> Site du parlement estonien, <a href=\"https:\/\/www.riigikogu.ee\/en\/press-releases\/estonia-recommends-strengthening-eu-tobacco-and-nicotine-products-regulations\/\">Estonia recommends strengthening EU tobacco and nicotine products regulations<\/a>, communiqu\u00e9 de presse, publi\u00e9 le 12 juillet 2024, consult\u00e9 le 15 juillet 2024<\/p>\n<p style=\"text-align: justify;\"><a href=\"#_ftnref1\" name=\"_ftn1\">[4]<\/a> Commission Europ\u00e9enne, <a href=\"https:\/\/health.ec.europa.eu\/tobacco\/product-regulation\/electronic-cigarettes_en\">Electronic cigarettes<\/a>, Commission Europ\u00e9enne, consult\u00e9 le 17 juillet 2024<\/p>\n<p style=\"text-align: justify;\"><a href=\"#_ftnref1\" name=\"_ftn1\">[5]<\/a> Global Tobacco Control, <a href=\"https:\/\/www.globaltobaccocontrol.org\/en\/policy-scan\/e-cigarettes\/countries?country=84\">Country Laws Regulating E-Cigarettes<\/a>, consult\u00e9 le 15 juillet 2024<\/p>\n<p style=\"text-align: justify;\"><a href=\"#_ftnref2\" name=\"_ftn2\">[6]<\/a> G\u00e9n\u00e9ration sans tabac, <a href=\"https:\/\/www.generationsanstabac.org\/actualites\/danemark-adoption-paquet-neutre-certains-produits-tabac-vapotage\/\">Danemark : adoption du paquet neutre pour certains produits du tabac et du vapotage<\/a>, GST, publi\u00e9 le 6 juillet 2021, consult\u00e9 le 17 juillet 2024<\/p>\n<p><span style=\"color: #999999;\"><strong><a style=\"color: #999999;\" href=\"http:\/\/www.cnct.fr\/\" target=\"_blank\" rel=\"noopener noreferrer\">Comit\u00e9 national contre le tabagisme |<\/a><\/strong><\/span><\/p>\n","protected":false},"excerpt":{"rendered":"<p>On July 12, the European Affairs Committee of the Riigikogu (Estonian Parliament) met to unanimously approve proposals to strengthen the regulation of nicotine-containing products across the European Union. This initiative aims to harmonize regulations across Europe to better protect public health.<\/p>","protected":false},"featured_media":21970,"template":"","tags":[],"thematique":[491],"class_list":["post-21925","actualites","type-actualites","status-publish","has-post-thumbnail","hentry","thematique-politiques-publiques"],"acf":[],"_links":{"self":[{"href":"https:\/\/www.generationsanstabac.org\/en\/wp-json\/wp\/v2\/actualites\/21925","targetHints":{"allow":["GET"]}}],"collection":[{"href":"https:\/\/www.generationsanstabac.org\/en\/wp-json\/wp\/v2\/actualites"}],"about":[{"href":"https:\/\/www.generationsanstabac.org\/en\/wp-json\/wp\/v2\/types\/actualites"}],"version-history":[{"count":0,"href":"https:\/\/www.generationsanstabac.org\/en\/wp-json\/wp\/v2\/actualites\/21925\/revisions"}],"wp:featuredmedia":[{"embeddable":true,"href":"https:\/\/www.generationsanstabac.org\/en\/wp-json\/wp\/v2\/media\/21970"}],"wp:attachment":[{"href":"https:\/\/www.generationsanstabac.org\/en\/wp-json\/wp\/v2\/media?parent=21925"}],"wp:term":[{"taxonomy":"post_tag","embeddable":true,"href":"https:\/\/www.generationsanstabac.org\/en\/wp-json\/wp\/v2\/tags?post=21925"},{"taxonomy":"thematique","embeddable":true,"href":"https:\/\/www.generationsanstabac.org\/en\/wp-json\/wp\/v2\/thematique?post=21925"}],"curies":[{"name":"wp","href":"https:\/\/api.w.org\/{rel}","templated":true}]}}