{"id":21912,"date":"2024-07-06T14:18:47","date_gmt":"2024-07-06T12:18:47","guid":{"rendered":"https:\/\/www.generationsanstabac.org\/?post_type=actualites&#038;p=21912"},"modified":"2024-08-06T23:16:55","modified_gmt":"2024-08-06T21:16:55","slug":"france-lancement-dun-nouveau-programme-regional-de-lutte-contre-le-tabac-en-auvergne-rhone-alpes","status":"publish","type":"actualites","link":"https:\/\/www.generationsanstabac.org\/en\/actualites\/france-lancement-dun-nouveau-programme-regional-de-lutte-contre-le-tabac-en-auvergne-rhone-alpes\/","title":{"rendered":"France: Launch of a new Regional Tobacco Control Program in Auvergne Rh\u00f4ne-Alpes"},"content":{"rendered":"<p style=\"text-align: justify;\"><em>Avec une pr\u00e9valence \u00e9lev\u00e9e et des cons\u00e9quences sanitaires graves, la lutte contre le tabagisme reste un enjeu majeur de sant\u00e9 publique dans la r\u00e9gion Auvergne Rh\u00f4ne-Alpes. Cette derni\u00e8re vient d\u2019adopter un nouveau Programme R\u00e9gional de Lutte contre le Tabac (PRLT) 2024-2027, visant \u00e0 atteindre une g\u00e9n\u00e9ration sans tabac d\u2019ici 2032, port\u00e9 par l\u2019Agence r\u00e9gionale de Sant\u00e9.<\/em><\/p>\n<h2 style=\"text-align: justify;\"><strong>Situation du tabagisme en Auvergne Rh\u00f4ne-Alpes<\/strong><\/h2>\n<p style=\"text-align: justify;\">Dans la r\u00e9gion Auvergne Rh\u00f4ne-Alpes, la pr\u00e9valence du tabagisme quotidien chez les 18-75 ans est estim\u00e9e \u00e0 25%, repr\u00e9sentant  plus de 1,4 million de fumeurs. Ces chiffres n&rsquo;ont pas \u00e9volu\u00e9 de mani\u00e8re significative depuis 2017.<a href=\"#_ftn1\" name=\"_ftnref1\">[1]<\/a><\/p>\n<p style=\"text-align: justify;\">L&rsquo;enqu\u00eate sur la consommation des drogues par les jeunes, ESCAPAD, de 2022 r\u00e9v\u00e8le que 15% des jeunes de 17 ans fument quotidiennement. Ce chiffre est en nette baisse par rapport \u00e0 2017 o\u00f9 il atteignait 27% mais demeure \u00e0 des niveaux relativement \u00e9lev\u00e9s par rapport \u00e0 d\u2019autres pays.<a href=\"#_ftn2\" name=\"_ftnref2\">[2]<\/a><\/p>\n<p style=\"text-align: justify;\">En 2015, le nombre total de d\u00e9c\u00e8s attribuables au tabagisme en Auvergne Rh\u00f4ne-Alpes \u00e9tait estim\u00e9 \u00e0 8 242, soit un peu plus de 12% de tous les d\u00e9c\u00e8s dans la r\u00e9gion. Ces chiffres mettent en lumi\u00e8re les enjeux d\u2019une politique continue \u00e0 l\u2019\u00e9chelon r\u00e9gional en compl\u00e9mentarit\u00e9 et renforcement des mesures adopt\u00e9es sur le plan national<a href=\"#_ftn3\" name=\"_ftnref3\">[3]<\/a>.<\/p>\n<h2 style=\"text-align: justify;\"><strong>Une strat\u00e9gie r\u00e9gionale 2024-2027 align\u00e9e sur les dispositions nationales<\/strong><\/h2>\n<p style=\"text-align: justify;\">Les objectifs de la r\u00e9gion se rattachent \u00e0 une baisse de la pr\u00e9valence tabagique en particulier chez les jeunes pour parvenir \u00e0 une g\u00e9n\u00e9ration sans tabac d\u2019ici 2032, c\u2019est-\u00e0-dire un taux de consommateurs de tabac inf\u00e9rieur \u00e0 5% au niveau de la tranche d\u2019\u00e2ge des personnes n\u00e9es en 2014.<\/p>\n<p style=\"text-align: justify;\">Les actions s\u2019inscrivent dans une large mesure dans la continuit\u00e9 de celles d\u00e9ploy\u00e9es dans le pr\u00e9c\u00e9dent programme et elles int\u00e8grent le d\u00e9veloppement de l\u2019utilisation des cigarettes \u00e9lectroniques. Les mesures de pr\u00e9vention renvoient au d\u00e9veloppement de comp\u00e9tences psycho-sociales, \u00e0 la d\u00e9normalisation du tabac y compris dans la sph\u00e8re priv\u00e9e avec une action aupr\u00e8s des familles, au d\u00e9veloppement de lieux sans tabac, notamment les \u00e9tablissements de sant\u00e9, \u00e0 la prise en charge des fumeurs y compris des mineurs et \u00e0 des actions plus cibl\u00e9es \u00e0 l\u2019attention de populations plus vuln\u00e9rables. Un effort est plus particuli\u00e8rement pr\u00e9vu pour am\u00e9liorer l\u2019acc\u00e8s aux services de sevrage et la promotion de l&rsquo;arr\u00eat du tabac dans les lieux de pr\u00e9vention.<\/p>\n<p style=\"text-align: justify;\">Le Plan r\u00e9gional aborde le tabac dans une optique sanitaire et \u00e9galement pour partie soci\u00e9tale. Ainsi la dimension environnementale est-elle prise en compte dans la communication associ\u00e9e aux d\u00e9g\u00e2ts caus\u00e9s par ces produits.<\/p>\n<p style=\"text-align: justify;\">Cependant certaines dispositions du PNLT n\u2019apparaissent pas dans le plan comme le contr\u00f4le et l\u2019application de la r\u00e9glementation pourtant essentiels dans une optique d\u2019effectivit\u00e9 des mesures. Le programme n\u2019aborde pas non plus la dimension de l\u2019offre avec la probl\u00e9matique de la protection des politiques publiques, y compris r\u00e9gionales et locales \u00e0 l\u2019\u00e9gard de l\u2019interf\u00e9rence des repr\u00e9sentants du secteur tabac.<\/p>\n<p style=\"text-align: justify;\">Le plan r\u00e9gional de lutte contre le tabac est pilot\u00e9 par l\u2019ARS Auvergne Rh\u00f4ne-Alpes avec l\u2019appui de l\u2019ex IREPS, devenu Promotion Sant\u00e9- Auvergne Rh\u00f4ne-Alpes. Les acteurs de la r\u00e9gion, qu\u2019ils soient institutionnels ou issus de la soci\u00e9t\u00e9 civile, sont mobilis\u00e9s pour sa mise en \u0153uvre avec une structuration \u00e0 la fois r\u00e9gionale et locale.<\/p>\n<p style=\"text-align: right;\"><b><i>DT<\/i><\/b><\/p>\n<p style=\"text-align: justify;\"><strong><a href=\"https:\/\/www.generationsanstabac.org\/\">\u00a9G\u00e9n\u00e9ration Sans Tabac<\/a><\/strong><\/p>\n<hr \/>\n<p style=\"text-align: justify;\"><a href=\"#_ftnref1\" name=\"_ftn1\">[1]<\/a> Sant\u00e9 Publique France, <a href=\"https:\/\/www.santepubliquefrance.fr\/regions\/auvergne-rhone-alpes\/documents\/bulletin-regional\/2023\/tabac-en-auvergne-rhone-alpes.-donnees-regionales-du-barometre-2021\">Tabac en Auvergne-Rh\u00f4ne-Alpes. Donn\u00e9es r\u00e9gionales du barom\u00e8tre 2021<\/a>, Sant\u00e9 Publique France, publi\u00e9 le 17 juillet 2023, consult\u00e9 le 4 juillet 2024<\/p>\n<p style=\"text-align: justify;\"><a href=\"#_ftnref2\" name=\"_ftn2\">[2]<\/a> OFDT, <a href=\"https:\/\/www.ofdt.fr\/publication\/2024\/les-drogues-17-ans-analyses-regionales-enquete-escapad-2022-1976\">Les drogues \u00e0 17 ans : analyses r\u00e9gionales. Enqu\u00eate ESCAPAD 2022<\/a>, OFDT, publi\u00e9 le 1 f\u00e9vrier 2024, consult\u00e9 le 4 juillet 2024<\/p>\n<p style=\"text-align: justify;\"><a href=\"#_ftnref3\" name=\"_ftn3\">[3]<\/a> Auvergne-Rh\u00f4ne-Alpes ARS, <a href=\"https:\/\/www.auvergne-rhone-alpes.ars.sante.fr\/programme-regional-de-lutte-contre-le-tabac-en-auvergne-rhone-alpes-2024-2027\">Programme r\u00e9gional de lutte contre le tabac en Auvergne-Rh\u00f4ne-Alpes 2024-2027<\/a>, publi\u00e9 le 3 juillet 2024, consult\u00e9 le 4 juillet 2024<\/p>\n<p><span style=\"color: #999999;\"><strong><a style=\"color: #999999;\" href=\"http:\/\/www.cnct.fr\/\" target=\"_blank\" rel=\"noopener noreferrer\">Comit\u00e9 national contre le tabagisme |<\/a><\/strong><\/span><\/p>\n<p>&nbsp;<\/p>\n<p>&nbsp;<\/p>\n","protected":false},"excerpt":{"rendered":"<p>With high prevalence and serious health consequences, the fight against smoking remains a major public health issue in the Auvergne Rh\u00f4ne-Alpes region. The region has just adopted a new Regional Tobacco Control Program (PRLT) for 2024-2027, aimed at achieving a tobacco-free generation by 2032, led by the Regional Health Agency.<\/p>","protected":false},"featured_media":21948,"template":"","tags":[],"thematique":[491],"class_list":["post-21912","actualites","type-actualites","status-publish","has-post-thumbnail","hentry","thematique-politiques-publiques"],"acf":[],"_links":{"self":[{"href":"https:\/\/www.generationsanstabac.org\/en\/wp-json\/wp\/v2\/actualites\/21912","targetHints":{"allow":["GET"]}}],"collection":[{"href":"https:\/\/www.generationsanstabac.org\/en\/wp-json\/wp\/v2\/actualites"}],"about":[{"href":"https:\/\/www.generationsanstabac.org\/en\/wp-json\/wp\/v2\/types\/actualites"}],"version-history":[{"count":0,"href":"https:\/\/www.generationsanstabac.org\/en\/wp-json\/wp\/v2\/actualites\/21912\/revisions"}],"wp:featuredmedia":[{"embeddable":true,"href":"https:\/\/www.generationsanstabac.org\/en\/wp-json\/wp\/v2\/media\/21948"}],"wp:attachment":[{"href":"https:\/\/www.generationsanstabac.org\/en\/wp-json\/wp\/v2\/media?parent=21912"}],"wp:term":[{"taxonomy":"post_tag","embeddable":true,"href":"https:\/\/www.generationsanstabac.org\/en\/wp-json\/wp\/v2\/tags?post=21912"},{"taxonomy":"thematique","embeddable":true,"href":"https:\/\/www.generationsanstabac.org\/en\/wp-json\/wp\/v2\/thematique?post=21912"}],"curies":[{"name":"wp","href":"https:\/\/api.w.org\/{rel}","templated":true}]}}