{"id":21518,"date":"2024-07-02T07:00:22","date_gmt":"2024-07-02T05:00:22","guid":{"rendered":"https:\/\/www.generationsanstabac.org\/actualites\/la-convention-cadre-de-loms-pour-la-lutte-antitabac-long-association-suisse-pour-la-prevention-du-tabagisme-appelle-a-la-ratification-par-la-suisse\/"},"modified":"2024-07-02T07:00:22","modified_gmt":"2024-07-02T05:00:22","slug":"la-convention-cadre-de-loms-pour-la-lutte-antitabac-long-association-suisse-pour-la-prevention-du-tabagisme-appelle-a-la-ratification-par-la-suisse","status":"publish","type":"actualites","link":"https:\/\/www.generationsanstabac.org\/en\/actualites\/la-convention-cadre-de-loms-pour-la-lutte-antitabac-long-association-suisse-pour-la-prevention-du-tabagisme-appelle-a-la-ratification-par-la-suisse\/","title":{"rendered":"WHO Framework Convention on Tobacco Control: NGO Swiss Association for the Prevention of Tobacco Use calls for ratification by Switzerland"},"content":{"rendered":"<p style=\"text-align: justify;\"><em>La Convention-cadre de l&rsquo;OMS pour la lutte antitabac (CCLAT) repr\u00e9sente un jalon historique en mati\u00e8re de sant\u00e9 publique, \u00e9tant le premier trait\u00e9 de droit international public visant \u00e0 promouvoir la sant\u00e9 publique \u00e0 l&rsquo;\u00e9chelle mondiale. La Suisse a sign\u00e9 ce trait\u00e9 le 25 juin 2004, mais vingt ans plus tard, elle ne l\u2019a toujours pas ratifi\u00e9. Face \u00e0 cette situation, l&rsquo;Association suisse pour la pr\u00e9vention du tabagisme exhorte le Parlement \u00e0 ratifier imm\u00e9diatement la CCLAT d&rsquo;ici le 1er octobre<\/em><em>.<\/em><\/p>\n<p style=\"text-align: justify;\">Les autorit\u00e9s f\u00e9d\u00e9rales ont souvent justifi\u00e9 l&rsquo;absence de ratification par le manque de dispositions d&rsquo;ex\u00e9cution ad\u00e9quates. Cependant, selon le droit international, les \u00c9tats peuvent ratifier des conventions internationales sans loi d&rsquo;application nationale pr\u00e9alable.<\/p>\n<p style=\"text-align: justify;\">Un avis juridique de 2019 a d\u00e9montr\u00e9 que les adaptations actuelles de la nouvelle loi suisse sur les produits du tabac (LPTab) permettent la ratification de la CCLAT. Cette loi vise \u00e0 r\u00e9glementer la production, la vente et la publicit\u00e9 des produits du tabac. La LPTab impose ainsi des restrictions sur le marketing et la publicit\u00e9 des produits du tabac, ainsi que sur leur emballage et leur \u00e9tiquetage, Elle comprend des dispositions concernant la protection des non-fumeurs, la pr\u00e9vention du tabagisme chez les jeunes, et la mise en place de mesures pour informer le public sur les dangers du tabac, dans le but de r\u00e9duire la consommation de tabac et de prot\u00e9ger la sant\u00e9 publique.<\/p>\n<h2 style=\"text-align: justify;\"><strong>L&rsquo;influence du lobby du tabac en Suisse<\/strong><\/h2>\n<p style=\"text-align: justify;\">En signant la CCLAT en 2004, le Conseil f\u00e9d\u00e9ral suisse a manifest\u00e9 l\u2019intention de mettre en \u0153uvre les obligations stipul\u00e9es par la Convention. Cependant, jusqu&rsquo;\u00e0 pr\u00e9sent, le Parlement a refus\u00e9 de ratifier ce trait\u00e9. Cette situation s\u2019explique par le poids exerc\u00e9 par l&rsquo;industrie du tabac dans le pays. Deux des trois multinationales du tabac, Philip Morris International (PMI) et Japan Tobacco International (JTI), y ont install\u00e9 leur si\u00e8ge, b\u00e9n\u00e9ficiant d\u2019une l\u00e9gislation tr\u00e8s favorable \u00e0 leur \u00e9gard.<\/p>\n<p style=\"text-align: justify;\">La question de l\u2019interdiction de la publicit\u00e9 tabac en constitue une illustration. Cette publicit\u00e9 persiste en Suisse. Ainsi les entreprises de tabac ont parrain\u00e9 de nombreux \u00e9v\u00e9nements culturels et sportifs en Suisse. Par exemple, le Montreux Jazz Festival a \u00e9t\u00e9 sponsoris\u00e9 par PMI pendant de nombreuses ann\u00e9es.<a href=\"#_ftn1\" name=\"_ftnref1\">[1]<\/a> Ce type de parrainage v\u00e9hicule une image positive des produits et de ses fabricants et normalise la consommation des produits du tabac.<\/p>\n<p style=\"text-align: justify;\">Or le projet d\u2019interdiction de publicit\u00e9 pour le tabac visant \u00e0 prot\u00e9ger les mineurs, propos\u00e9 par le Conseil f\u00e9d\u00e9ral en mai 2023, a finalement \u00e9t\u00e9 rejet\u00e9 par le Conseil national le 29 f\u00e9vrier 2024 dont nombre de membres sont li\u00e9s aux fabricants.<a href=\"#_ftn2\" name=\"_ftnref2\">[2]<\/a><\/p>\n<p style=\"text-align: justify;\">L\u2019influence de l\u2019industrie du tabac s\u2019exerce \u00e9galement par d\u2019autres moyens. Une enqu\u00eate de l\u2019Association suisse pour la pr\u00e9vention du tabagisme a d\u00e9montr\u00e9 que l\u2019implication de Philip Morris International dans la publication d\u2019une \u00e9tude sur le benzopyr\u00e8ne de l\u2019Ecole polytechnique de Zurich a \u00e9t\u00e9 dissimul\u00e9e au Fonds suisse de la recherche scientifique.<a href=\"#_ftn3\" name=\"_ftnref3\">[3]<\/a> D\u2019une mani\u00e8re g\u00e9n\u00e9rale, les fabricants de tabac financent les universit\u00e9s du pays sans le r\u00e9v\u00e9ler publiquement.<\/p>\n<h2 style=\"text-align: justify;\"><strong>Les enjeux de la ratification de la CCLAT<\/strong><\/h2>\n<p style=\"text-align: justify;\">Selon l\u2019association, la ratification de la Convention-cadre de l&rsquo;OMS pour la lutte antitabac (CCLAT) par la Suisse pr\u00e9sente plusieurs enjeux cruciaux pour la sant\u00e9 publique, le respect des standards internationaux et les implications \u00e9conomiques. En devenant partie \u00e0 cette convention, la Suisse pourrait renforcer ses politiques de lutte contre le tabagisme, en adoptant des mesures comme l&rsquo;interdiction de la publicit\u00e9 pour le tabac, la r\u00e9glementation stricte des produits du tabac chauff\u00e9s et des cigarettes \u00e9lectroniques, ainsi que l&rsquo;instauration d&rsquo;espaces sans tabac. Cela permettrait de r\u00e9duire la pr\u00e9valence du tabagisme, de pr\u00e9venir les maladies li\u00e9es au tabac et d&rsquo;am\u00e9liorer la sant\u00e9 g\u00e9n\u00e9rale de la population, en diminuant aussi l&rsquo;exposition au tabagisme passif, notamment chez les jeunes. Sur le plan \u00e9conomique, la ratification est aussi strat\u00e9gique.<\/p>\n<p style=\"text-align: justify;\">Elle permettrait de r\u00e9duire l&rsquo;influence de l&rsquo;industrie du tabac sur les politiques nationales et de limiter la publicit\u00e9 tout en augmentant les taxes sur le tabac, ce qui pourrait diminuer la consommation de tabac et g\u00e9n\u00e9rer des recettes fiscales suppl\u00e9mentaires. Investir dans la sant\u00e9 publique \u00e0 travers des politiques antitabac robustes pourrait \u00e9galement entra\u00eener des \u00e9conomies \u00e0 long terme sur les co\u00fbts de soins de sant\u00e9 et am\u00e9liorer la productivit\u00e9 de la main-d&rsquo;\u0153uvre en ayant une population en meilleure sant\u00e9.<\/p>\n<p style=\"text-align: justify;\">En 2022,<a href=\"#_ftn4\" name=\"_ftnref4\"><\/a> 24 % de la population de plus de 15 ans fumait, soit 27 % des hommes et 21 % des femmes. Chez les 15-24 ans, la proportion de fumeurs atteignait 26 %. En Suisse, le tabagisme cause 9500 d\u00e9c\u00e8s par an, ce qui correspond \u00e0 26 personnes par jour et \u00e0 14 % de tous les d\u00e9c\u00e8s. Les personnes qui fument meurent le plus souvent des suites de maladies cardio-vasculaires (34 %), d\u2019un cancer du poumon (29 %), de maladies des voies respiratoires (17 %) ou d\u2019un autre cancer (16 %). En 2017, 6000 hommes et 3500 femmes ont perdu la vie pr\u00e9matur\u00e9ment en Suisse \u00e0 cause du tabagisme.<\/p>\n<p style=\"text-align: right;\"><b><i>DT<\/i><\/b><\/p>\n<p style=\"text-align: justify;\"><strong><a href=\"https:\/\/www.generationsanstabac.org\/\">\u00a9G\u00e9n\u00e9ration Sans Tabac<\/a><\/strong><\/p>\n<hr \/>\n<p style=\"text-align: justify;\"><a href=\"#_ftnref1\" name=\"_ftn1\">[1]<\/a> Julie Bianchin, <a href=\"https:\/\/www.24heures.ch\/les-festivals-restent-accros-aux-sponsors-de-lindustrie-du-tabac-351416217877\">Les festivals restent accros aux sponsors de l&rsquo;industrie du tabac<\/a>, 24Heures, publi\u00e9 le 22 juillet 2019, consult\u00e9 le 27 juin 2024<\/p>\n<p style=\"text-align: justify;\"><a href=\"#_ftnref2\" name=\"_ftn2\">[2]<\/a> G\u00e9n\u00e9ration Sans tabac, <a href=\"https:\/\/www.generationsanstabac.org\/actualites\/la-suisse-repousse-linterdiction-de-la-publicite-pour-les-produits-du-tabac\/\">La Suisse repousse l\u2019interdiction de la publicit\u00e9 pour les produits du tabac<\/a>, GST, publi\u00e9 le 8 mars 2024, consult\u00e9 le 27 juin 2024<\/p>\n<p style=\"text-align: justify;\"><a href=\"#_ftnref3\" name=\"_ftn3\">[3]<\/a> G\u00e9n\u00e9ration sans tabac, <a href=\"https:\/\/www.generationsanstabac.org\/actualites\/financement-masque-de-recherches-suisses-par-philip-morris-international\/\">Financement masqu\u00e9 de recherches suisses par Philip Morris International<\/a>, GST, publi\u00e9 le 22 f\u00e9vrier 2024, consult\u00e9 le 27 juin 2024<\/p>\n<p style=\"text-align: justify;\"><a href=\"#_ftnref4\" name=\"_ftn4\">[4]<\/a> Office F\u00e9d\u00e9rale de la Sant\u00e9 Publique, <a href=\"https:\/\/www.bag.admin.ch\/bag\/fr\/home\/zahlen-und-statistiken\/zahlen-fakten-zu-sucht\/zahlen-fakten-zu-tabak.html\">Faits &amp; chiffres : tabac<\/a>, OFSP publi\u00e9 en 2023, consult\u00e9 le 27 juin 2024<\/p>\n<p style=\"text-align: justify;\"><span style=\"color: #999999;\"><strong><a style=\"color: #999999;\" href=\"http:\/\/www.cnct.fr\/\" target=\"_blank\" rel=\"noopener noreferrer\">Comit\u00e9 national contre le tabagisme |<\/a><\/strong><\/span><\/p>\n","protected":false},"excerpt":{"rendered":"<p>The WHO Framework Convention on Tobacco Control (FCTC) represents a historic milestone in public health, being the first international treaty aimed at promoting public health on a global scale. Switzerland signed this treaty on June 25, 2004, but twenty years later, it has still not ratified it. In light of this situation, the Swiss Association for Tobacco Prevention is urging Parliament to immediately ratify the FCTC by October 1.<\/p>","protected":false},"featured_media":12192,"template":"","tags":[],"thematique":[502],"class_list":["post-21518","actualites","type-actualites","status-publish","has-post-thumbnail","hentry","thematique-justice"],"acf":[],"_links":{"self":[{"href":"https:\/\/www.generationsanstabac.org\/en\/wp-json\/wp\/v2\/actualites\/21518","targetHints":{"allow":["GET"]}}],"collection":[{"href":"https:\/\/www.generationsanstabac.org\/en\/wp-json\/wp\/v2\/actualites"}],"about":[{"href":"https:\/\/www.generationsanstabac.org\/en\/wp-json\/wp\/v2\/types\/actualites"}],"version-history":[{"count":0,"href":"https:\/\/www.generationsanstabac.org\/en\/wp-json\/wp\/v2\/actualites\/21518\/revisions"}],"wp:featuredmedia":[{"embeddable":true,"href":"https:\/\/www.generationsanstabac.org\/en\/wp-json\/wp\/v2\/media\/12192"}],"wp:attachment":[{"href":"https:\/\/www.generationsanstabac.org\/en\/wp-json\/wp\/v2\/media?parent=21518"}],"wp:term":[{"taxonomy":"post_tag","embeddable":true,"href":"https:\/\/www.generationsanstabac.org\/en\/wp-json\/wp\/v2\/tags?post=21518"},{"taxonomy":"thematique","embeddable":true,"href":"https:\/\/www.generationsanstabac.org\/en\/wp-json\/wp\/v2\/thematique?post=21518"}],"curies":[{"name":"wp","href":"https:\/\/api.w.org\/{rel}","templated":true}]}}