{"id":21513,"date":"2024-06-29T07:00:06","date_gmt":"2024-06-29T05:00:06","guid":{"rendered":"https:\/\/www.generationsanstabac.org\/actualites\/irlande-vers-une-interdiction-de-la-vente-de-tabac-avant-21-ans\/"},"modified":"2024-06-29T07:00:06","modified_gmt":"2024-06-29T05:00:06","slug":"irlande-vers-une-interdiction-de-la-vente-de-tabac-avant-21-ans","status":"publish","type":"actualites","link":"https:\/\/www.generationsanstabac.org\/en\/actualites\/irlande-vers-une-interdiction-de-la-vente-de-tabac-avant-21-ans\/","title":{"rendered":"Ireland: Bill banning sale of tobacco under 21 submitted to Cabinet"},"content":{"rendered":"<p style=\"text-align: justify;\"><em>Le gouvernement irlandais s&rsquo;appr\u00eate \u00e0 approuver une l\u00e9gislation qui augmentera l&rsquo;\u00e2ge minimum de vente des produits du tabac \u00e0 un client <\/em><em>de 18 \u00e0 21 ans. Cette mesure s\u2019inscrit dans l\u2019objectif de parvenir \u00e0 une g\u00e9n\u00e9ration sans tabac d\u2019ici 2025 en Irlande. <\/em><\/p>\n<p style=\"text-align: justify;\">Le tabagisme est responsable de 4 500 d\u00e9c\u00e8s pr\u00e9matur\u00e9s \u00e9vitables chaque ann\u00e9e en Irlande<a href=\"#_ftn1\" name=\"_ftnref1\">[1]<\/a> et repr\u00e9sente une charge importante pour le syst\u00e8me de sant\u00e9, avec des co\u00fbts estim\u00e9s \u00e0 10.6 milliards d&rsquo;euros pour les h\u00f4pitaux publics.<a href=\"#_ftn2\" name=\"_ftnref2\"><\/a> Les responsables de la sant\u00e9 irlandais ont d\u00e9clar\u00e9 que le tabagisme cause 13 % de tous les cancers et contribue \u00e0 de nombreuses maladies \u00e9vitables.<a href=\"#_ftn3\" name=\"_ftnref3\">[3]<\/a><\/p>\n<p style=\"text-align: justify;\">En plus de ses effets sanitaires graves, le tabagisme aggrave les in\u00e9galit\u00e9s sociales en mati\u00e8re de sant\u00e9.<\/p>\n<h2 style=\"text-align: justify;\"><strong>Une nouvelle l\u00e9gislation pour r\u00e9duire le tabagisme <\/strong><\/h2>\n<p style=\"text-align: justify;\">Le projet d\u2019augmentation de l\u2019\u00e2ge l\u00e9gal de vente de produits du tabac avait \u00e9t\u00e9 port\u00e9 par l\u2019ancien ministre d&rsquo;\u00c9tat charg\u00e9 de la sant\u00e9 publique, Colm Burke.Il a re\u00e7u le soutien significatif du Coll\u00e8ge royal des m\u00e9decins d&rsquo;Irlande. L&rsquo;objectif est de r\u00e9duire la pr\u00e9valence du tabagisme, avec une estimation de diminution de 12% de celle-ci aupr\u00e8s des jeunes de moins de 25 ans si la loi est adopt\u00e9e.<a href=\"#_ftn4\" name=\"_ftnref4\">[4]<\/a> En retardant l&rsquo;\u00e2ge l\u00e9gal pour acheter des produits du tabac, la mesure vise \u00e0 limiter l\u2019initiation des jeunes au tabagisme.<\/p>\n<p style=\"text-align: justify;\">En plus de limiter l&rsquo;approvisionnement direct des jeunes aupr\u00e8s des d\u00e9taillants de tabac, cette mesure vise \u00e0 r\u00e9duire \u00e9galement l&rsquo;acc\u00e8s via les pairs. En effet, les jeunes seront moins susceptibles de fr\u00e9quenter des groupes sociaux o\u00f9 des membres peuvent l\u00e9galement acheter des cigarettes. L\u2019influence des pairs \u00e0 cette p\u00e9riode de la vie \u00e9tant \u00e9tablie.<\/p>\n<p style=\"text-align: justify;\">Le projet de loi s&rsquo;inspire des succ\u00e8s observ\u00e9s aux \u00c9tats-Unis, o\u00f9 une mesure similaire a entra\u00een\u00e9 une baisse significative du tabagisme chez les jeunes. Cette initiative s&rsquo;inscrit par ailleurs dans un objectif plus large de rendre l&rsquo;Irlande sans tabac d&rsquo;ici 2025, en adoptant des politiques d\u00e9termin\u00e9es de lutte contre le tabagisme.<a href=\"#_ftn5\" name=\"_ftnref5\">[5]<\/a><\/p>\n<p style=\"text-align: justify;\">De plus en plus de pays dans le monde se positionnent en faveur d\u2019un rel\u00e8vement de l\u2019\u00e2ge l\u00e9gal de vente de tabac. Pour \u00eatre efficace, il est essentiel cependant que la nouvelle mesure soit rigoureusement respect\u00e9e., Tel n\u2019est pas le cas en France, o\u00f9 l\u2019interdiction de vente de tabac \u00e0 un mineur n\u2019est majoritairement pas respect\u00e9e par le buraliste.<\/p>\n<h2 style=\"text-align: justify;\"><strong>Lutte contre le tabagisme en Irlande : un d\u00e9fi de sant\u00e9 publique persistant<\/strong><\/h2>\n<p style=\"text-align: justify;\">Le ministre de la Sant\u00e9, Stephen Donnelly a d\u00e9clar\u00e9 que l&rsquo;Irlande a <em>\u00ab bien r\u00e9ussi \u00e0 r\u00e9duire les taux de tabagisme au fil des ann\u00e9es. \u00bb <\/em>Cependant bien que le taux de tabagisme ait diminu\u00e9, il a stagn\u00e9 ces derni\u00e8res ann\u00e9es. \u00ab <em>Ce que nous cherchons \u00e0 voir, c&rsquo;est une r\u00e9duction du taux de tabagisme chez les 15, 16 et 17 ans car en fait, au cours des deux \u00e0 quatre derni\u00e8res ann\u00e9es, depuis Covid, nous avons vu une tr\u00e8s l\u00e9g\u00e8re augmentation du taux de tabagisme dans ce groupe d&rsquo;\u00e2ge<\/em> \u00bb a-t-il annonc\u00e9.<\/p>\n<p style=\"text-align: justify;\">Le nombre de personnes qui vapotent a par ailleurs significativement augment\u00e9 en Irlande ces derni\u00e8res ann\u00e9es, une \u00e9tude de 2019 (Projet europ\u00e9en sur l&rsquo;alcool et les autres drogues dans les \u00e9coles) a r\u00e9v\u00e9l\u00e9 qu\u2019un jeune de 16 ans sur 6(18 %) () \u00e9tait utilisateur  de cigarettes \u00e9lectroniques au moment de l\u2019\u00e9tude.<a href=\"#_ftn6\" name=\"_ftnref6\">[6]<\/a> Depuis d\u00e9cembre dernier, la vente des produits du vapotage est interdite aux moins de 18 ans.<\/p>\n<p style=\"text-align: justify;\">Le projet de loi, attendu devant l&rsquo;Oireachtas <em>(NDLR : le Parlement irlandais)<\/em> avant l&rsquo;\u00e9t\u00e9, n&rsquo;aura pas d&rsquo;impact sur la l\u00e9galit\u00e9 de fumer pour les jeunes adultes \u00e2g\u00e9s de 18 \u00e0 21 ans en Irlande. D\u2019autres mesures seront \u00e9galement mises en place pour renforcer la r\u00e9glementation et la pr\u00e9vention du tabagisme et du vapotage. Celles-ci incluent des restrictions plus strictes sur la publicit\u00e9, des  augmentations des taxes sur les produits du tabac et de vapotage, ainsi que des efforts accrus en mati\u00e8re d&rsquo;\u00e9ducation et de sensibilisation dans les communaut\u00e9s et les \u00e9coles.<\/p>\n<p>&nbsp;<\/p>\n<p style=\"text-align: right;\"><b><i>DT<\/i><\/b><\/p>\n<p style=\"text-align: justify;\"><strong><a href=\"https:\/\/www.generationsanstabac.org\/\">\u00a9G\u00e9n\u00e9ration Sans Tabac<\/a><\/strong><\/p>\n<hr \/>\n<p style=\"text-align: justify;\"><a href=\"#_ftnref1\" name=\"_ftn1\">[1]<\/a> G\u00e9n\u00e9ration sans tabac, <a href=\"https:\/\/www.generationsanstabac.org\/actualites\/irlande-vers-une-interdiction-de-vente-de-tabac-aux-moins-de-21-ans\/\">Irlande : Vers une interdiction de vente de tabac aux moins de 21 ans ?<\/a>, GST, publi\u00e9 le 9 mai 2024, consult\u00e9 le 25 juin 2024<\/p>\n<p style=\"text-align: justify;\"><a href=\"#_ftnref2\" name=\"_ftn2\">[2]<\/a> M\u00edche\u00e1l Lehane, <a href=\"https:\/\/www.rte.ie\/news\/health\/2024\/0625\/1456505-tobacco-products-cabinet\/\">Bill banning sale of tobacco to under-21s to be approved<\/a>, RTE, publi\u00e9 le 25 juin 2024, consult\u00e9 le 25 juin 2024<\/p>\n<p style=\"text-align: justify;\"><a href=\"#_ftnref3\" name=\"_ftn3\">[3]<\/a> M\u00edche\u00e1l Lehane, <a href=\"https:\/\/www.rte.ie\/news\/health\/2024\/0625\/1456505-tobacco-products-cabinet\/\">Bill banning sale of tobacco to under-21s to be approved<\/a>, RTE, publi\u00e9 le 25 juin 2024, consult\u00e9 le 25 juin 2024<\/p>\n<p style=\"text-align: justify;\"><a href=\"#_ftnref4\" name=\"_ftn4\">[4]<\/a> G\u00e9n\u00e9ration sans tabac, <a href=\"https:\/\/www.generationsanstabac.org\/actualites\/irlande-vers-une-interdiction-de-vente-de-tabac-aux-moins-de-21-ans\/\">Irlande : Vers une interdiction de vente de tabac aux moins de 21 ans ?<\/a>, GST, publi\u00e9 le 9 mai 2024, consult\u00e9 le 25 juin 2024<\/p>\n<p style=\"text-align: justify;\"><a href=\"#_ftnref5\" name=\"_ftn5\">[5]<\/a> G\u00e9n\u00e9ration sans tabac, <a href=\"https:\/\/www.generationsanstabac.org\/actualites\/irlande-vers-une-interdiction-de-vente-de-tabac-aux-moins-de-21-ans\/\">Irlande : Vers une interdiction de vente de tabac aux moins de 21 ans ?<\/a>, GST, publi\u00e9 le 9 mai 2024, consult\u00e9 le 25 juin 2024<\/p>\n<p style=\"text-align: justify;\"><a href=\"#_ftnref6\" name=\"_ftn6\">[6]<\/a> Rapport de la HSE, <a href=\"https:\/\/www.hse.ie\/eng\/about\/who\/tobaccocontrol\/resources\/youth-prevention-toolkit-e-cigarettes.pdf\">E-cigarettes and other nicotine delivery systems<\/a>, HSE, publi\u00e9 en 2024, consult\u00e9 le 25 juin 2024<\/p>\n<p style=\"text-align: justify;\"><span style=\"color: #999999;\"><strong><a style=\"color: #999999;\" href=\"http:\/\/www.cnct.fr\/\" target=\"_blank\" rel=\"noopener noreferrer\">Comit\u00e9 national contre le tabagisme |<\/a><\/strong><\/span><\/p>\n","protected":false},"excerpt":{"rendered":"<p>The Irish government is set to approve legislation that will raise the minimum age for selling tobacco products to customers from 18 to 21. This measure is part of the goal of achieving a tobacco-free generation in Ireland by 2025.<\/p>","protected":false},"featured_media":12187,"template":"","tags":[],"thematique":[491],"class_list":["post-21513","actualites","type-actualites","status-publish","has-post-thumbnail","hentry","thematique-politiques-publiques"],"acf":[],"_links":{"self":[{"href":"https:\/\/www.generationsanstabac.org\/en\/wp-json\/wp\/v2\/actualites\/21513","targetHints":{"allow":["GET"]}}],"collection":[{"href":"https:\/\/www.generationsanstabac.org\/en\/wp-json\/wp\/v2\/actualites"}],"about":[{"href":"https:\/\/www.generationsanstabac.org\/en\/wp-json\/wp\/v2\/types\/actualites"}],"version-history":[{"count":0,"href":"https:\/\/www.generationsanstabac.org\/en\/wp-json\/wp\/v2\/actualites\/21513\/revisions"}],"wp:featuredmedia":[{"embeddable":true,"href":"https:\/\/www.generationsanstabac.org\/en\/wp-json\/wp\/v2\/media\/12187"}],"wp:attachment":[{"href":"https:\/\/www.generationsanstabac.org\/en\/wp-json\/wp\/v2\/media?parent=21513"}],"wp:term":[{"taxonomy":"post_tag","embeddable":true,"href":"https:\/\/www.generationsanstabac.org\/en\/wp-json\/wp\/v2\/tags?post=21513"},{"taxonomy":"thematique","embeddable":true,"href":"https:\/\/www.generationsanstabac.org\/en\/wp-json\/wp\/v2\/thematique?post=21513"}],"curies":[{"name":"wp","href":"https:\/\/api.w.org\/{rel}","templated":true}]}}