{"id":21507,"date":"2024-06-22T07:00:12","date_gmt":"2024-06-22T05:00:12","guid":{"rendered":"https:\/\/www.generationsanstabac.org\/actualites\/suisse-les-cigarettiers-contournent-linterdiction-doffres-promotionnelles-sur-le-tabac\/"},"modified":"2024-06-22T07:00:12","modified_gmt":"2024-06-22T05:00:12","slug":"suisse-les-cigarettiers-contournent-linterdiction-doffres-promotionnelles-sur-le-tabac","status":"publish","type":"actualites","link":"https:\/\/www.generationsanstabac.org\/en\/actualites\/suisse-les-cigarettiers-contournent-linterdiction-doffres-promotionnelles-sur-le-tabac\/","title":{"rendered":"Switzerland: Cigarette manufacturers circumvent ban on promotional offers on tobacco"},"content":{"rendered":"<p style=\"text-align: justify;\"><em>Avec l&rsquo;arriv\u00e9e imminente de la nouvelle loi suisse interdisant certaines promotions du tabac, les fabricants de cigarettes, comme Philip Morris, anticipent la mesure pour en pr\u00e9venir les effets. En introduisant des paquets de 25 cigarettes vendus \u00e0 un prix avantageux, ils visent \u00e0 fid\u00e9liser les fumeurs tout en conservant une accessibilit\u00e9 financi\u00e8re \u00e0 leurs produits pour les plus jeunes.<\/em><\/p>\n<p style=\"text-align: justify;\">En Suisse, la pr\u00e9valence tabagique des personnes \u00e2g\u00e9es de 15 ans et plus se maintient \u00e0 un niveau \u00e9lev\u00e9 (24%), selon les chiffres de l\u2019Enqu\u00eate suisse sur la sant\u00e9 (ESS).En 2020, une \u00e9tude de l&rsquo;Universit\u00e9 de Gen\u00e8ve montrait que les jeunes Suisses \u00e9taient expos\u00e9s \u00e0 des niveaux de publicit\u00e9 pour le tabac beaucoup plus \u00e9lev\u00e9s que leurs homologues dans des pays aux r\u00e9glementations plus strictes.<a href=\"#_ftn1\" name=\"_ftnref1\">[1]<\/a><\/p>\n<h2 style=\"text-align: justify;\"><strong>L\u2019anticipation de certains fabricants pour r\u00e9duire l\u2019efficacit\u00e9 de la loi<\/strong><\/h2>\n<p style=\"text-align: justify;\">La nouvelle loi anti-tabac en Suisse, qui entrera en vigueur cet automne, vise \u00e0 r\u00e9duire la consommation en interdisant certaines promotions et en restreignant fortement la publicit\u00e9 pour les produits du tabac. L&rsquo;objectif principal est de diminuer l&rsquo;exposition des jeunes \u00e0 la publicit\u00e9 pour le tabac et de r\u00e9duire l&rsquo;attrait global de ces produits.<\/p>\n<p style=\"text-align: justify;\">\u00c0 l\u2019approche de cette loi, les fabricants de cigarettes ont rapidement r\u00e9agi pour conserver leur client\u00e8le. De nouveaux paquets, \u00ab big packs \u00bb contenant 25 cigarettes ou plus au lieu des 20 habituelles, sont propos\u00e9s \u00e0 un prix r\u00e9duit \u00e0 l\u2019unit\u00e9. Par exemple, la marque Parisienne est vendue 8,80 francs le paquet de cigarettes tandis que le paquet de 25 est vendu \u00e0 9 francs, offrant ainsi un rabais \u00e0 l\u2019unit\u00e9 de 18%.<a href=\"#_ftn2\" name=\"_ftnref2\">[2]<\/a> Cette strat\u00e9gie est particuli\u00e8rement dissuasive pour les fumeurs d\u2019arr\u00eater mais elle permet \u00e9galement d\u2019offrir des produits accessibles financi\u00e8rement pour les plus jeunes. L\u2019approche pourrait ainsi contribuer \u00e0 limiter l&rsquo;efficacit\u00e9 de la nouvelle l\u00e9gislation car les r\u00e9ductions de prix incitent les fumeurs \u00e0 acheter plus de cigarettes. De plus, l\u2019\u00e9largissement des offres du march\u00e9 avec diff\u00e9rentes tailles de paquets l\u2019ouvre \u00e0 une plus grande vari\u00e9t\u00e9 de consommateurs actuels et potentiels.<\/p>\n<h2 style=\"text-align: justify;\"><strong>Une l\u00e9gislation antitabac qui demeure tr\u00e8s permissive<\/strong><\/h2>\n<p style=\"text-align: justify;\">Compar\u00e9e \u00e0 d&rsquo;autres pays europ\u00e9ens, la Suisse a une l\u00e9gislation tr\u00e8s faible en mati\u00e8re de lutte contre le tabagisme notamment en mati\u00e8re d\u2019interdiction de publicit\u00e9 et de promotion du tabac. Les mesures annonc\u00e9es ont \u00e9t\u00e9 obtenues \u00e0 l\u2019issue d\u2019une bataille importante de la part des acteurs de sant\u00e9 mais elles demeurent tr\u00e8s timor\u00e9es par rapport aux pratiques adopt\u00e9es \u00e0 l\u2019international. Le pays est en effet l\u2019un des rares pays au monde \u00e0 ne pas avoir ratifi\u00e9 la Convention-Cadre de l\u2019OMS pour la lutte antitabac (CCLAT)<a href=\"#_ftn3\" name=\"_ftnref3\">[3]<\/a>. Selon le dernier Global Tobacco Industry Interference Index, la Suisse est class\u00e9e \u00e0 la deuxi\u00e8me place des pays les plus influenc\u00e9s par l\u2019industrie du tabac. Cette interf\u00e9rence aupr\u00e8s des d\u00e9cideurs r\u00e9sulte notamment de la pr\u00e9sence des si\u00e8ges sociaux de deux des fabricants : Philip Morris et Japan Tobacco International et de la proximit\u00e9 induite aupr\u00e8s des d\u00e9cideurs.<\/p>\n<p style=\"text-align: justify;\">A cela s\u2019ajoute l\u2019absence d\u2019une l\u00e9gislation interdisant les dons faits aux partis politiques. Ainsi en 2023, deux partis politiques l&rsquo;Union D\u00e9mocratique du Centre (UDC) et le Parti Lib\u00e9ral-Radical (PLR), ont re\u00e7u des financements de Philip Morris pour les \u00e9lections au Conseil national.<a href=\"#_ftn4\" name=\"_ftnref4\">[4]<\/a> Ces deux partis se sont oppos\u00e9s en f\u00e9vrier 2024 au projet d\u2019interdiction de publicit\u00e9 pour les produits du tabac, pourtant fortement soutenu par une initiative populaire et de nombreuses associations en sant\u00e9. Le projet de loi a finalement \u00e9t\u00e9 rejet\u00e9 par le Conseil national.<\/p>\n<p style=\"text-align: justify;\"><strong><a href=\"https:\/\/www.generationsanstabac.org\/\">\u00a9G\u00e9n\u00e9ration Sans Tabac<\/a><\/strong><\/p>\n<p style=\"text-align: right;\"><b><i>DT<\/i><\/b><\/p>\n<hr \/>\n<p style=\"text-align: justify;\"><a href=\"#_ftnref1\" name=\"_ftn1\">[1]<\/a> Reiso.org<a href=\"https:\/\/www.reiso.org\/articles\/themes\/politiques\/8498-la-pub-pour-le-tabac-augmente-sa-consommation\">, La pub pour le tabac augmente sa consommation<\/a>, Reiso, publi\u00e9 le 31 janvier 2022, consult\u00e9 le 20 juin 2024<\/p>\n<p style=\"text-align: justify;\"><a href=\"#_ftnref2\" name=\"_ftn2\">[2]<\/a> 20Minutes, <a href=\"https:\/\/www.20min.ch\/fr\/story\/suisse-la-parade-des-cigarettiers-face-a-la-nouvelle-loi-les-big-packs-103128323\">La parade des cigarettiers face \u00e0 la nouvelle loi: les \u00abbig packs\u00bb<\/a>, 20Minutes, publi\u00e9 le 16 juin 2024, consult\u00e9 le 20 juin 2024<\/p>\n<p style=\"text-align: justify;\"><a href=\"#_ftnref3\" name=\"_ftn3\">[3]<\/a> G\u00e9n\u00e9ration sans tabac, Suisse : <a href=\"https:\/\/www.generationsanstabac.org\/actualites\/suisse-la-nouvelle-loi-sur-le-tabac-insatisfaisante-au-regard-de-la-sante-publique\/\">La nouvelle loi sur le tabac insatisfaisante au regard de la sant\u00e9 publique<\/a>, GST, publi\u00e9 le 24 septembre 2021, consult\u00e9 le 181 juin 2024<\/p>\n<p style=\"text-align: justify;\"><a href=\"#_ftnref4\" name=\"_ftn4\">[4]<\/a> G\u00e9n\u00e9ration sans tabac, <a href=\"https:\/\/www.generationsanstabac.org\/actualites\/suisse-deux-partis-politiques-finances-par-philip-morris\/\">Suisse : deux partis politiques financ\u00e9s par Philip Morris<\/a>, GST, publi\u00e9 le 19 octobre 2023, consult\u00e9 le 20 juin 2024<\/p>\n<p><span style=\"color: #999999;\"><strong><a style=\"color: #999999;\" href=\"http:\/\/www.cnct.fr\/\" target=\"_blank\" rel=\"noopener noreferrer\">Comit\u00e9 national contre le tabagisme |<\/a><\/strong><\/span><\/p>\n","protected":false},"excerpt":{"rendered":"<p>With the imminent introduction of the new Swiss law banning certain tobacco promotions, cigarette manufacturers like Philip Morris are anticipating the measure to prevent its effects. By introducing packs of 25 cigarettes sold at a discounted price, they aim to retain smokers while maintaining the affordability of their products for younger consumers.<\/p>","protected":false},"featured_media":11621,"template":"","tags":[],"thematique":[491],"class_list":["post-21507","actualites","type-actualites","status-publish","has-post-thumbnail","hentry","thematique-politiques-publiques"],"acf":[],"_links":{"self":[{"href":"https:\/\/www.generationsanstabac.org\/en\/wp-json\/wp\/v2\/actualites\/21507","targetHints":{"allow":["GET"]}}],"collection":[{"href":"https:\/\/www.generationsanstabac.org\/en\/wp-json\/wp\/v2\/actualites"}],"about":[{"href":"https:\/\/www.generationsanstabac.org\/en\/wp-json\/wp\/v2\/types\/actualites"}],"version-history":[{"count":0,"href":"https:\/\/www.generationsanstabac.org\/en\/wp-json\/wp\/v2\/actualites\/21507\/revisions"}],"wp:featuredmedia":[{"embeddable":true,"href":"https:\/\/www.generationsanstabac.org\/en\/wp-json\/wp\/v2\/media\/11621"}],"wp:attachment":[{"href":"https:\/\/www.generationsanstabac.org\/en\/wp-json\/wp\/v2\/media?parent=21507"}],"wp:term":[{"taxonomy":"post_tag","embeddable":true,"href":"https:\/\/www.generationsanstabac.org\/en\/wp-json\/wp\/v2\/tags?post=21507"},{"taxonomy":"thematique","embeddable":true,"href":"https:\/\/www.generationsanstabac.org\/en\/wp-json\/wp\/v2\/thematique?post=21507"}],"curies":[{"name":"wp","href":"https:\/\/api.w.org\/{rel}","templated":true}]}}