{"id":21496,"date":"2024-06-14T07:00:22","date_gmt":"2024-06-14T05:00:22","guid":{"rendered":"https:\/\/www.generationsanstabac.org\/actualites\/europe-le-tabac-alcool-les-aliments-transformes-et-les-combustibles-fossiles-a-lorigine-de-27-millions-de-deces-prematures-evitables-par-an\/"},"modified":"2024-06-14T07:00:22","modified_gmt":"2024-06-14T05:00:22","slug":"europe-le-tabac-alcool-les-aliments-transformes-et-les-combustibles-fossiles-a-lorigine-de-27-millions-de-deces-prematures-evitables-par-an","status":"publish","type":"actualites","link":"https:\/\/www.generationsanstabac.org\/en\/actualites\/europe-le-tabac-alcool-les-aliments-transformes-et-les-combustibles-fossiles-a-lorigine-de-27-millions-de-deces-prematures-evitables-par-an\/","title":{"rendered":"Europe: Tobacco, alcohol, processed foods and fossil fuels cause 2.7 million preventable premature deaths per year"},"content":{"rendered":"<p style=\"text-align: justify;\"><em>Chaque ann\u00e9e en Europe, 2,7 millions de morts sont caus\u00e9es par le tabagisme, l\u2019alcool, les \u00e9nergies fossiles et les aliments transform\u00e9s a d\u00e9clar\u00e9 l\u2019Organisation Mondiale de la Sant\u00e9 (OMS) ce mercredi 12 juin dans son rapport sur les d\u00e9terminants commerciaux des maladies non transmissibles. Elle exhorte les gouvernements \u00e0 imposer une r\u00e9glementation plus stricte de ces produits nocifs pour la sant\u00e9 et qui mettent en p\u00e9ril les syst\u00e8mes de sant\u00e9.<\/em><\/p>\n<p style=\"text-align: justify;\">Les d\u00e9terminants commerciaux de la sant\u00e9 d\u00e9signent la mani\u00e8re dont les acteurs du secteur commercial, leurs produits et leurs pratiques influent sur la sant\u00e9. Certaines de ces industries : tabac, alcool, agroalimentaire ou encore \u00e9nergies fossiles d\u00e9ploient de nombreuses strat\u00e9gies pour entraver la mise en \u0153uvre des politiques relatives aux maladies non transmissibles (cancers, maladies respiratoires et cardiovasculaires, diab\u00e8te, etc.) caus\u00e9es par leurs produits.<\/p>\n<p style=\"text-align: justify;\">Le Dr Hans Henri P. Kluge, le directeur r\u00e9gional de l&rsquo;OMS pour l&rsquo;Europe, a d\u00e9clar\u00e9 : <em>\u00ab Les tactiques de ces industries comprennent l&rsquo;exploitation des personnes vuln\u00e9rables par le biais de strat\u00e9gies de marketing cibl\u00e9es, la tromperie des consommateurs et la diffusion de fausses d\u00e9clarations sur les b\u00e9n\u00e9fices de leurs produits ou sur leurs certifications environnementales.<\/em> \u00bb<\/p>\n<h2><strong>Les maladies non transmissibles, premi\u00e8re cause de mortalit\u00e9 en Europe<\/strong><\/h2>\n<p style=\"text-align: justify;\">Ainsi, le rapport estime que le tabac, les combustibles fossiles, les aliments ultra-transform\u00e9s (UPF) et l&rsquo;alcool sont responsables de plus de 7 400 d\u00e9c\u00e8s chaque jour dans les 53 \u00c9tats de la r\u00e9gion Europe de l\u2019OMS. Globalement, ces quatre industries causent environ 2,7 millions de d\u00e9c\u00e8s pr\u00e9matur\u00e9s \u00e9vitables annuellement dans la r\u00e9gion soit environ un quart (24,5 %) de toute la mortalit\u00e9.<\/p>\n<p style=\"text-align: justify;\">Le rapport de l&rsquo;OMS met en lumi\u00e8re l&rsquo;importance de reconna\u00eetre et d&rsquo;aborder les influences commerciales sur la sant\u00e9 publique, en soulignant que des actions politiques et r\u00e9glementaires sont essentielles pour r\u00e9duire les cons\u00e9quences d\u00e9l\u00e9t\u00e8res de certains acteurs \u00e9conomiques \u00e0 l\u2019origine de maladies non transmissibles.<\/p>\n<p style=\"text-align: justify;\">Les activit\u00e9s des lobbys du tabac ont eu un impact significatif en retardant la mise en \u0153uvre de politiques de sant\u00e9 publique efficaces, en minimisant les taxes sur le tabac, et en r\u00e9duisant les restrictions sur la publicit\u00e9 du tabac. Ces lobbys ne se limitent pas \u00e0 des activit\u00e9s nationales, mais exercent aussi une influence sur les r\u00e9gulations internationales. Ils cherchent \u00e0 influencer les n\u00e9gociations et les d\u00e9cisions au sein d&rsquo;organisations internationales telles que l&rsquo;Organisation mondiale de la sant\u00e9 (OMS) et la Convention-cadre pour la lutte antitabac (CCLAT).<\/p>\n<p style=\"text-align: justify;\">Malgr\u00e9 les risques pour la sant\u00e9, seulement une minorit\u00e9 de pays europ\u00e9ens ont appliqu\u00e9 des bonnes mesures dans les lieux sans tabac, ou adopt\u00e9 l\u2019ensemble des bonnes pratiques en mati\u00e8re de lutte antitabac \u00e9nonc\u00e9s dans la Convention-Cadre de l\u2019OMS pour la lutte antitabac (CCLAT). Ainsi les efforts visant \u00e0 rendre les produits moins attractifs par le biais d&rsquo;un emballage neutre, ou \u00e0 en r\u00e9duire l\u2019accessibilit\u00e9 par des hausses de taxe n\u2019aboutissent souvent pas.  Tel est notamment le cas pour l&rsquo;alcool ou encore pour l&rsquo;\u00e9tiquetage des aliments via des nutriscores.<a href=\"#_ftn1\" name=\"_ftnref1\">[1]<\/a><\/p>\n<p style=\"text-align: justify;\">L&rsquo;OMS rappelle que le tabac est responsable de plus d&rsquo;un million de d\u00e9c\u00e8s par an en Europe, soit environ 10 % de tous les d\u00e9c\u00e8s dans la r\u00e9gion attribuables \u00e0 ce seul facteur de risque. Les combustibles fossiles sont \u00e9galement un facteur important, causant pr\u00e8s de 600 000 d\u00e9c\u00e8s chaque ann\u00e9e, ce qui repr\u00e9sente environ 5 % de tous les d\u00e9c\u00e8s. L&rsquo;alcool est responsable de plus de 400 000 d\u00e9c\u00e8s annuels. Enfin, plus de 350 000 d\u00e9c\u00e8s sont attribu\u00e9s \u00e0 une consommation excessive de viande transform\u00e9e, de boissons sucr\u00e9es et d&rsquo;aliments gras et sal\u00e9s.<\/p>\n<h2 style=\"text-align: justify;\"><strong>Des pratiques commerciales similaires <\/strong><\/h2>\n<p style=\"text-align: justify;\">Ces acteurs commerciaux point\u00e9s dans le rapport s&rsquo;engagent dans des pratiques quasi identiques pour fa\u00e7onner \u00e0 leur avantage les environnements structurels, politiques et d&rsquo;information. Leurs principaux objectifs sont de g\u00e9n\u00e9rer des profits, de maximiser les ventes de produits et de stimuler la consommation. Ces industries d\u00e9pensent des ressources consid\u00e9rables pour s&rsquo;opposer aux politiques de sant\u00e9 publique, elles s\u2019efforcent de diffuser des donn\u00e9es scientifiques qui leur sont favorables en taisant les conflits d\u2019int\u00e9r\u00eat. Leurs actions renforcent les in\u00e9galit\u00e9s sociales en mati\u00e8re de sant\u00e9. Enfin elles externalisent les co\u00fbts li\u00e9s aux dommages caus\u00e9s par leurs produits sur la sant\u00e9 humaine et environnementale et elles aggravent consid\u00e9rablement le poids des maladies non transmissibles dans les syst\u00e8mes de sant\u00e9.<\/p>\n<h2 style=\"text-align: justify;\"><strong>Vers une mise en place de la r\u00e9glementation plus stricte <\/strong><\/h2>\n<p style=\"text-align: justify;\">Les recommandations du rapport exhortent les gouvernements europ\u00e9ens \u00e0 imposer des r\u00e9glementations plus strictes sur la commercialisation des produits nocifs pour la sant\u00e9. Elles appellent \u00e0 limiter les pratiques monopolistiques et \u00e0 prot\u00e9ger les politiques publiques du lobbying de ces acteurs puissants, et \u00e0 privil\u00e9gier la sant\u00e9 publique sur les int\u00e9r\u00eats cat\u00e9goriels de ces agents \u00e9conomiques. L&rsquo;action r\u00e9glementaire est d&rsquo;autant plus cruciale \u00e0 l&rsquo;\u00e8re de la mondialisation, o\u00f9 les accords commerciaux internationaux et les int\u00e9r\u00eats \u00e9conomiques transnationaux peuvent entraver les efforts visant \u00e0 prot\u00e9ger la sant\u00e9 publique.<\/p>\n<p style=\"text-align: justify;\">\u00ab <em>Pendant trop longtemps, nous avons consid\u00e9r\u00e9 les facteurs de risque comme \u00e9tant principalement li\u00e9s aux choix individuels. Nous devons reformuler le probl\u00e8me comme un probl\u00e8me syst\u00e9mique, o\u00f9 la politique doit contrer les \u2018environnements de surconsommation\u2019, restreindre le marketing et arr\u00eater l&rsquo;ing\u00e9rence dans l&rsquo;\u00e9laboration des politiques.<\/em> \u00bb a rappel\u00e9 Frank Vandenbroucke, vice-premier ministre belge.<\/p>\n<p style=\"text-align: justify;\">L&rsquo;article 5.3 de la CCLAT vise \u00e0 prot\u00e9ger les politiques de sant\u00e9 publique contre l&rsquo;influence de l&rsquo;industrie du tabac. Il recommande de limiter et de rendre transparentes les interactions avec cette industrie, de rejeter les partenariats non contraignants, d&rsquo;\u00e9viter les conflits d&rsquo;int\u00e9r\u00eats, d&rsquo;assurer la transparence des interactions n\u00e9cessaires et de refuser les financements et dons de l&rsquo;industrie du tabac. Cette approche peut \u00eatre appliqu\u00e9e \u00e0 la lutte contre les maladies non transmissibles en prot\u00e9geant les politiques de sant\u00e9 publique des influences nuisibles, en maintenant la transparence, en \u00e9vitant les conflits d&rsquo;int\u00e9r\u00eats et en refusant les financements des industries contribuant aux MNT.<\/p>\n<p style=\"text-align: justify;\">Enfin il est rappel\u00e9 le r\u00f4le crucial de la soci\u00e9t\u00e9 civile dans l\u2019adoption et la mise en \u0153uvre des politiques publiques. Ainsi certains pays ont obtenu des r\u00e9sultats positifs malgr\u00e9 la forte opposition de l&rsquo;industrie.  R\u00e9cemment, la mobilisation nationale et internationale des organisations de la soci\u00e9t\u00e9 civile a contribu\u00e9 \u00e0 l&rsquo;adoption d&rsquo;une l\u00e9gislation sur le tabac en Slov\u00e9nie. En Estonie, une coalition de partenaires du secteur de la sant\u00e9, dont des dentistes, des infirmi\u00e8res et des m\u00e9decins, a contribu\u00e9 \u00e0 faire progresser la l\u00e9gislation sur la taxation des boissons sucr\u00e9es.<\/p>\n<p>&nbsp;<\/p>\n<p style=\"text-align: justify;\"><strong><a href=\"https:\/\/www.generationsanstabac.org\/\">\u00a9G\u00e9n\u00e9ration Sans Tabac<\/a><\/strong><\/p>\n<p style=\"text-align: right;\"><b><i>DT<\/i><\/b><\/p>\n<hr \/>\n<p style=\"text-align: justify;\"><a href=\"#_ftnref1\" name=\"_ftn1\">[1]<\/a> Anna Bawden, Denis Campbell, <a href=\"https:\/\/www.theguardian.com\/society\/article\/2024\/jun\/12\/tobacco-alcohol-ultra-processed-foods-fossil-fuels-deaths\">Tobacco, alcohol, processed foods and fossil fuels \u2018kill 2.7m a year in Europe\u2019<\/a> , The Guardian, publi\u00e9 le 12 juin 2024, consult\u00e9 le 12 juin 2024<\/p>\n<p style=\"text-align: justify;\"><span style=\"color: #999999;\"><strong><a style=\"color: #999999;\" href=\"http:\/\/www.cnct.fr\/\" target=\"_blank\" rel=\"noopener noreferrer\">Comit\u00e9 national contre le tabagisme |<\/a><\/strong><\/span><\/p>\n","protected":false},"excerpt":{"rendered":"<p>Every year in Europe, 2.7 million deaths are caused by tobacco, alcohol, fossil fuels and processed foods, the World Health Organization (WHO) said on Wednesday 12 June in its report on the commercial determinants of non-communicable diseases. It urges governments to impose stricter regulation of these products that are harmful to health and jeopardise health systems.<\/p>","protected":false},"featured_media":10602,"template":"","tags":[],"thematique":[474],"class_list":["post-21496","actualites","type-actualites","status-publish","has-post-thumbnail","hentry","thematique-sante"],"acf":[],"_links":{"self":[{"href":"https:\/\/www.generationsanstabac.org\/en\/wp-json\/wp\/v2\/actualites\/21496","targetHints":{"allow":["GET"]}}],"collection":[{"href":"https:\/\/www.generationsanstabac.org\/en\/wp-json\/wp\/v2\/actualites"}],"about":[{"href":"https:\/\/www.generationsanstabac.org\/en\/wp-json\/wp\/v2\/types\/actualites"}],"version-history":[{"count":0,"href":"https:\/\/www.generationsanstabac.org\/en\/wp-json\/wp\/v2\/actualites\/21496\/revisions"}],"wp:featuredmedia":[{"embeddable":true,"href":"https:\/\/www.generationsanstabac.org\/en\/wp-json\/wp\/v2\/media\/10602"}],"wp:attachment":[{"href":"https:\/\/www.generationsanstabac.org\/en\/wp-json\/wp\/v2\/media?parent=21496"}],"wp:term":[{"taxonomy":"post_tag","embeddable":true,"href":"https:\/\/www.generationsanstabac.org\/en\/wp-json\/wp\/v2\/tags?post=21496"},{"taxonomy":"thematique","embeddable":true,"href":"https:\/\/www.generationsanstabac.org\/en\/wp-json\/wp\/v2\/thematique?post=21496"}],"curies":[{"name":"wp","href":"https:\/\/api.w.org\/{rel}","templated":true}]}}