{"id":21474,"date":"2024-05-28T07:00:51","date_gmt":"2024-05-28T05:00:51","guid":{"rendered":"https:\/\/www.generationsanstabac.org\/actualites\/luxembourg-stagnation-consommation-tabac-niveau-eleve\/"},"modified":"2024-05-28T07:00:51","modified_gmt":"2024-05-28T05:00:51","slug":"luxembourg-stagnation-consommation-tabac-niveau-eleve","status":"publish","type":"actualites","link":"https:\/\/www.generationsanstabac.org\/en\/actualites\/luxembourg-stagnation-consommation-tabac-niveau-eleve\/","title":{"rendered":"Luxembourg: Tobacco consumption stagnates at a high level"},"content":{"rendered":"<p style=\"text-align: justify;\"><em>Selon la derni\u00e8re <\/em><a href=\"https:\/\/www.maviesanstabac.lu\/statistiques\/\"><em>\u00e9tude<\/em><\/a><em> annuelle sur la pr\u00e9valence tabagique de la Fondation Cancer du Luxembourg, 27 % des habitants \u00e2g\u00e9s de 16 ans et plus \u00e9taient fumeurs en 2023 (pr\u00e9valence identique chez les femmes et les hommes), soit une tr\u00e8s l\u00e9g\u00e8re baisse par rapport \u00e0 2022 (28%). Pr\u00e8s d\u2019un luxembourgeois sur cinq (18%) d\u00e9clare fumer quotidiennement. La consommation de produits du vapotage est \u00e0 la hausse, passant dans la population g\u00e9n\u00e9rale de 13% en 2022 \u00e0 17% en 2023. <\/em><\/p>\n<p style=\"text-align: justify;\">Chaque ann\u00e9e, la Fondation Cancer publie les r\u00e9sultats de l\u2019enqu\u00eate  <a href=\"https:\/\/www.maviesanstabac.lu\/enquete-tabagisme-luxembourg-2022\/\"><em>Le tabagisme au Luxembourg<\/em><\/a><a href=\"#_ftn1\" name=\"_ftnref1\">[1]<\/a> r\u00e9alis\u00e9e par l\u2019Institut Luxembourgeois de recherche sociale et d\u2019\u00e9tude de march\u00e9s (<em>ILRES)<\/em>. Cette enqu\u00eate est mandat\u00e9e conjointement par la Fondation Cancer et le Minist\u00e8re de la Sant\u00e9 et de la S\u00e9curit\u00e9 sociale ; elle se base sur un \u00e9chantillon de 3397 habitants \u00e2g\u00e9s de 16 ans et plus repr\u00e9sentatif de la population r\u00e9sidente du Luxembourg.<\/p>\n<h2 style=\"text-align: justify;\"><strong>Consommation \u00e9lev\u00e9e de tabac chez les adolescents et jeunes adultes<\/strong><\/h2>\n<p style=\"text-align: justify;\"><em>\u00ab Cette baisse d&rsquo;un point de pourcentage est modeste et ne suffit pas \u00e0 confirmer une tendance durable \u00e0 la baisse du tabagisme dans la population <\/em>\u00bb, a d\u00e9clar\u00e9 la Fondation Cancer, d\u2019autant que la consommation de tabac des adolescents et jeunes adultes reste \u00e9lev\u00e9e avec 35% des luxembourgeois \u00e2g\u00e9s de 16 \u00e0 34 ans fumeurs.<\/p>\n<p style=\"text-align: justify;\">La consommation de chicha est en forte hausse puisque 22% des personnes interrog\u00e9es ont d\u00e9clar\u00e9 l\u2019utiliser en 2023 contre 11% en 2022. La chicha est populaire surtout chez les jeunes, avec 47% des 16-24 ans qui l\u2019utilisent et 38% des 25-34 ans.<\/p>\n<p style=\"text-align: justify;\">La proportion de fumeurs qui d\u00e9clarent avoir l&rsquo;intention, ou probablement l&rsquo;intention, d&rsquo;arr\u00eater de fumer dans les six prochains mois reste stable \u00e0 50 %, tandis que celle de ceux qui n&rsquo;ont pas l&rsquo;intention d&rsquo;arr\u00eater de fumer est pass\u00e9s de 37 % en 2022 \u00e0 33 % en 2023. Si la sant\u00e9 est la raison la plus souvent avanc\u00e9e (65%), le prix est \u00e9galement un argument dissuasif pour 45% de ceux qui ont essay\u00e9 d&rsquo;arr\u00eater. Martine Deprez, la Ministre de la sant\u00e9, a assur\u00e9 que le gouvernement souhaite mettre en place une augmentation continue des prix sur le tabac dans les ann\u00e9es \u00e0 venir.<\/p>\n<h2 style=\"text-align: justify;\"><strong>Une exposition passive \u00e0 la fum\u00e9e de cigarette encore trop importante<\/strong><\/h2>\n<p style=\"text-align: justify;\">La fondation est \u00e9galement pr\u00e9occup\u00e9e par le fait que 11 % des non-fumeurs d\u00e9clarent \u00eatre expos\u00e9s quotidiennement \u00e0 la fum\u00e9e passive des cigarettes \u00e0 l&rsquo;int\u00e9rieur, et que 10 % d\u2019entre eux disent l\u2019 \u00eatre \u00e0 l&rsquo;ext\u00e9rieur.<\/p>\n<p style=\"text-align: justify;\"><em>\u00ab Bien que ces chiffres soient en baisse, ils restent significatifs, car le tabagisme passif est un danger pour la sant\u00e9 publique \u00bb<\/em>, a d\u00e9clar\u00e9 la Fondation Cancer.<\/p>\n<h2 style=\"text-align: justify;\"><strong>Hausse importante du vapotage chez les adolescents et jeunes adultes <\/strong><\/h2>\n<p style=\"text-align: justify;\">Un des autres constats pr\u00e9occupants selon la Fondation Cancer est l&rsquo;augmentation significative de la consommation de cigarette \u00e9lectronique chez les jeunes de moins de 25 ans, avec un taux de vapotage qui a bondi de 21 % en 2022 \u00e0 36 % en 2023.<\/p>\n<p style=\"text-align: justify;\">Parmi ces consommateurs, 53% d\u00e9clarent vapoter par plaisir\/par go\u00fbt, et 43 % avoir commenc\u00e9 pour tenter de r\u00e9duire leur consommation de tabac fum\u00e9, ce qui a \u00e9t\u00e9 le cas pour 47% d\u2019entre eux. Environ trois utilisateurs sur dix consid\u00e8rent que la cigarette \u00e9lectronique est moins nocive que le tabac fum\u00e9. Enfin, 11% des vapoteurs indiquent n\u2019avoir jamais fum\u00e9 avant d\u2019avoir commenc\u00e9 \u00e0 consommer des produits du vapotage.<\/p>\n<h2 style=\"text-align: justify;\"><strong>Un renforcement de la l\u00e9gislation Luxembourgeoise concernant les sachets de nicotine <\/strong><\/h2>\n<p style=\"text-align: justify;\">Le gouvernement luxembourgeois a pr\u00e9sent\u00e9 au Parlement, ce 22 mai, un projet de loi concernant les sachets de nicotine qui permettrait d&rsquo;aligner la r\u00e9glementation concernant ces produits sur les lois relatives au tabac<a href=\"#_ftn2\" name=\"_ftnref2\">[2]<\/a>. S&rsquo;il est approuv\u00e9, ce projet de loi rendra ill\u00e9gale la vente de sachets de nicotine \u00e0 toute personne de moins de 18 ans, ainsi que leur publicit\u00e9 et distribution gratuite.<\/p>\n<p style=\"text-align: justify;\">En outre, la Ministre de la sant\u00e9 a d\u00e9clar\u00e9 que le gouvernement introduirait un droit d&rsquo;accise et un taux de TVA de 17 % sur les sachets de nicotine, en expliquant qu&rsquo;elle \u00e9tait oppos\u00e9e \u00e0 une interdiction pure et simple de la vente des sachets de nicotine (qui l\u2019est d\u00e9j\u00e0 en Belgique et aux Pays-Bas) car les utilisateurs peuvent facilement les acheter en Allemagne et en France. En France, des associations comme le Comit\u00e9 national contre le tabagisme (CNCT) ont d\u00e9j\u00e0 demand\u00e9 l\u2019interdiction de ces produits et des parlementaires appellent \u00e0 \u00eatre vigilant quant \u00e0 la diffusion rapide de ces produits aupr\u00e8s des jeunes.<\/p>\n<p style=\"text-align: justify;\"><strong><a href=\"https:\/\/www.generationsanstabac.org\/\">\u00a9G\u00e9n\u00e9ration Sans Tabac<\/a><\/strong><\/p>\n<p style=\"text-align: right;\"><b><i>AE<\/i><\/b><\/p>\n<hr \/>\n<p style=\"text-align: justify;\"><a href=\"#_ftnref1\" name=\"_ftn1\">[1]<\/a> <a href=\"https:\/\/www.cancer.lu\/fr\/tabagisme-au-luxembourg-les-resultats-de-lenquete-2023\">Tabagisme au Luxembourg : les r\u00e9sultats de l\u2019enqu\u00eate 2023<\/a>, Fondation Cancer, publi\u00e9 le 22 mai 2024, consult\u00e9 le 24 mai 2024<\/p>\n<p style=\"text-align: justify;\"><a href=\"#_ftnref2\" name=\"_ftn2\">[2]<\/a> <a href=\"https:\/\/www.lessentiel.lu\/fr\/story\/la-shisha-et-la-e-cigarette-porte-dentree-vers-le-tabac-103111819\">La shisha et la e-cigarette, porte d\u2019entr\u00e9e vers le tabac<\/a>, L&rsquo;essentiel, publi\u00e9 le 23 mai 2024, consult\u00e9 le jour-m\u00eame<\/p>\n<p><span style=\"color: #999999;\"><strong><a style=\"color: #999999;\" href=\"http:\/\/www.cnct.fr\/\" target=\"_blank\" rel=\"noopener noreferrer\">Comit\u00e9 national contre le tabagisme |<\/a><\/strong><\/span><\/p>\n","protected":false},"excerpt":{"rendered":"<p>According to the latest annual study on smoking prevalence by the Luxembourg Cancer Foundation, 27,100 residents aged 16 and over were smokers in 2023 (prevalence was the same for women and men), a very slight decrease compared to 2022 (28,100). Nearly one in five Luxembourgers (18,100) report smoking daily. Consumption of vaping products is on the rise, rising from 13,100 in the general population in 2022 to 17,100 in 2023.<\/p>","protected":false},"featured_media":12130,"template":"","tags":[],"thematique":[474],"class_list":["post-21474","actualites","type-actualites","status-publish","has-post-thumbnail","hentry","thematique-sante"],"acf":[],"_links":{"self":[{"href":"https:\/\/www.generationsanstabac.org\/en\/wp-json\/wp\/v2\/actualites\/21474","targetHints":{"allow":["GET"]}}],"collection":[{"href":"https:\/\/www.generationsanstabac.org\/en\/wp-json\/wp\/v2\/actualites"}],"about":[{"href":"https:\/\/www.generationsanstabac.org\/en\/wp-json\/wp\/v2\/types\/actualites"}],"version-history":[{"count":0,"href":"https:\/\/www.generationsanstabac.org\/en\/wp-json\/wp\/v2\/actualites\/21474\/revisions"}],"wp:featuredmedia":[{"embeddable":true,"href":"https:\/\/www.generationsanstabac.org\/en\/wp-json\/wp\/v2\/media\/12130"}],"wp:attachment":[{"href":"https:\/\/www.generationsanstabac.org\/en\/wp-json\/wp\/v2\/media?parent=21474"}],"wp:term":[{"taxonomy":"post_tag","embeddable":true,"href":"https:\/\/www.generationsanstabac.org\/en\/wp-json\/wp\/v2\/tags?post=21474"},{"taxonomy":"thematique","embeddable":true,"href":"https:\/\/www.generationsanstabac.org\/en\/wp-json\/wp\/v2\/thematique?post=21474"}],"curies":[{"name":"wp","href":"https:\/\/api.w.org\/{rel}","templated":true}]}}