{"id":21459,"date":"2024-05-15T12:00:57","date_gmt":"2024-05-15T10:00:57","guid":{"rendered":"https:\/\/www.generationsanstabac.org\/actualites\/tabac-cannabis-cocaine-des-usages-tres-eleves-dans-les-prisons-francaises\/"},"modified":"2024-05-15T12:00:57","modified_gmt":"2024-05-15T10:00:57","slug":"tabac-cannabis-cocaine-des-usages-tres-eleves-dans-les-prisons-francaises","status":"publish","type":"actualites","link":"https:\/\/www.generationsanstabac.org\/en\/actualites\/tabac-cannabis-cocaine-des-usages-tres-eleves-dans-les-prisons-francaises\/","title":{"rendered":"Tobacco, cannabis, cocaine: very high usage in French prisons"},"content":{"rendered":"<p style=\"text-align: justify;\"><em>La consommation de tabac et de cannabis est tr\u00e8s largement r\u00e9pandue dans les prisons, \u00e0 des niveaux beaucoup plus \u00e9lev\u00e9s qu\u2019en population g\u00e9n\u00e9rale. C\u2019est la conclusion de la derni\u00e8re <\/em><em>Enqu\u00eate sur la sant\u00e9 et les substances en prison (ESSPRI) de l\u2019Observatoire fran\u00e7ais des drogues et des tendance addictives (OFDT). <\/em><\/p>\n<p style=\"text-align: justify;\">L\u2019enqu\u00eate ESSPRI a interrog\u00e9 d\u2019avril \u00e0 juin 2023 un \u00e9chantillon de 1 094 hommes d\u00e9tenus, repr\u00e9sentatif de la population carc\u00e9rale masculine<a href=\"#_ftn1\" name=\"_ftnref1\">[1]<\/a>. Ces r\u00e9sultats font \u00e9cho aux donn\u00e9es de l\u2019Organisation mondiale de la sant\u00e9, qui alertait sur les niveaux de pr\u00e9valence tabagique dans les prisons europ\u00e9ennes, syst\u00e9matiquement <a href=\"https:\/\/www.generationsanstabac.org\/actualites\/dans-les-prisons-francaises-90-des-hommes-sont-fumeurs\/\">deux \u00e0 quatre fois sup\u00e9rieurs<\/a> que la moyenne nationale.<\/p>\n<h2 style=\"text-align: justify;\"><strong>Plus de 6 d\u00e9tenus sur 10 sont consommateurs quotidiens de tabac<\/strong><\/h2>\n<p style=\"text-align: justify;\">Les r\u00e9sultats de l\u2019enqu\u00eate montrent une tr\u00e8s forte pr\u00e9valence tabagique chez les hommes incarc\u00e9r\u00e9s. Il s\u2019agit de la drogue qui est largement la plus consomm\u00e9e. Ainsi, en 2023, 73% des d\u00e9tenus ont d\u00e9clar\u00e9 \u00eatre fumeurs, et 63% ont signal\u00e9 consommer quotidiennement du tabac. Comme le souligne le rapport, la pr\u00e9valence du tabagisme quotidien des d\u00e9tenus est 2,5 fois plus \u00e9lev\u00e9e que celle des hommes non incarc\u00e9r\u00e9s. Les niveaux de consommation varient cependant fortement en fonction de l\u2019\u00e2ge : 55% des d\u00e9tenus de 35 ans et plus d\u00e9clarent \u00eatre fumeurs quotidiens, contre 69% aupr\u00e8s des 18-34 ans.<\/p>\n<h2 style=\"text-align: justify;\"><strong>Une consommation d\u2019alcool faible et majoritairement occasionnelle<\/strong><\/h2>\n<p style=\"text-align: justify;\">A l\u2019inverse, la consommation d\u2019alcool chez les hommes incarc\u00e9r\u00e9s est significativement inf\u00e9rieure \u00e0 celle constat\u00e9e en population g\u00e9n\u00e9rale. Ainsi, 16% des d\u00e9tenus ont indiqu\u00e9 avoir consomm\u00e9 de l\u2019alcool au moins une fois lors de leur d\u00e9tention, et seulement 3,7% ont signal\u00e9 avoir bu lors du mois pr\u00e9c\u00e9dent l\u2019enqu\u00eate. De la m\u00eame mani\u00e8re que pour le tabac, la consommation d\u2019alcool est plus marqu\u00e9e aupr\u00e8s des plus jeunes d\u00e9tenus : 5,2% des 18-34 ans ont mentionn\u00e9 avoir consomm\u00e9 de l\u2019alcool au moins six fois, contre 2,7% des d\u00e9tenus \u00e2g\u00e9s de 34 ans ou plus.<\/p>\n<h2 style=\"text-align: justify;\"><strong>Une forte pr\u00e9valence du cannabis dans les prisons fran\u00e7aises<\/strong><\/h2>\n<p style=\"text-align: justify;\">L\u2019enqu\u00eate montre par ailleurs que le cannabis est la substance ill\u00e9gale la plus consomm\u00e9e dans les prisons. Ainsi, 49% des d\u00e9tenus ont indiqu\u00e9 en avoir consomm\u00e9 lors de leur d\u00e9tention, et 26% des hommes incarc\u00e9r\u00e9s ont d\u00e9clar\u00e9 en consommer quotidiennement (39% d\u00e9clarent fumer du cannabis au moins une fois par mois). Ces niveaux de consommation, huit fois plus importants qu\u2019en population g\u00e9n\u00e9rale, tendent \u00e9galement \u00e0 d\u00e9cro\u00eetre en fonction de l\u2019\u00e2ge, puisque la pr\u00e9valence d\u2019usage quotidien chez les 18-34 ans (35%) est plus de deux fois plus \u00e9lev\u00e9e qu\u2019aupr\u00e8s des plus de 34 ans (15%).<\/p>\n<h2 style=\"text-align: justify;\"><strong>D\u2019autres consommations de substances ill\u00e9gales observ\u00e9es en prison<\/strong><\/h2>\n<p style=\"text-align: justify;\">La consommation d\u2019autres substances ill\u00e9gales (h\u00e9ro\u00efne, coca\u00efne, crack, ecstasy), bien que significativement inf\u00e9rieure \u00e0 celle de cannabis, demeure toutefois particuli\u00e8rement \u00e9lev\u00e9e. Ainsi, 14% de l\u2019ensemble des d\u00e9tenus ont indiqu\u00e9 avoir consomm\u00e9 au moins l\u2019un de ces quatre produits au cours de leur d\u00e9tention. La coca\u00efne est ainsi la deuxi\u00e8me substance ill\u00e9gale la plus consomm\u00e9e par les d\u00e9tenus apr\u00e8s le cannabis, avec 12% d\u2019entre eux ayant signal\u00e9 au moins un usage lors de leur d\u00e9tention, suivie du crack (5,1%), de l\u2019h\u00e9ro\u00efne (4,7%) et de l\u2019ecstasy (4,5%).<\/p>\n<h2 style=\"text-align: justify;\"><strong>Polyconsommation et continuit\u00e9 d\u2019usage<\/strong><\/h2>\n<p style=\"text-align: justify;\">L\u2019enqu\u00eate montre que les consommateurs de ces substances psychoactives sont majoritairement polyconsommateurs. Ainsi, si 32% des d\u00e9tenus interrog\u00e9s ne consomment ni tabac, ni alcool, ni cannabis, une proportion similaire d\u00e9clare conjuguer une consommation quotidienne de tabac et une consommation mensuelle de cannabis. Par ailleurs, les d\u00e9tenus d\u00e9clarant ne consommer qu\u2019une seule substance (32%) sont essentiellement des fumeurs (27%). Par ailleurs, l\u2019\u00e9tude souligne une continuit\u00e9 dans les usages : l\u2019\u00e9crasante majorit\u00e9 des d\u00e9tenus d\u00e9clarant fumer lors de leur d\u00e9tention \u00e9taient auparavant fumeurs. Toutefois, la moiti\u00e9 des fumeurs rapporte une augmentation de leur consommation depuis leur incarc\u00e9ration.<\/p>\n<h2 style=\"text-align: justify;\"><strong>Adapter les politiques de sant\u00e9 au contexte des prisons<\/strong><\/h2>\n<p style=\"text-align: justify;\">A la lumi\u00e8re de ces donn\u00e9es, l\u2019OFDT avance la n\u00e9cessit\u00e9 de r\u00e9fl\u00e9chir \u00e0 une \u00ab \u00e9ventuelle adaptation des politiques sanitaires en mati\u00e8re de pr\u00e9vention et de traitement des addictions \u00e0 la r\u00e9alit\u00e9 des consommations observ\u00e9es \u00bb, ainsi qu\u2019\u00e0 une intensification des politiques publiques de lutte contre le tabagisme dans le milieu carc\u00e9ral. Les auteurs de l\u2019\u00e9tude soulignent par ailleurs que ces hauts niveaux de consommation pour l\u2019ensemble de ces produits psychoactifs s\u2019inscrivent dans un cadre plus g\u00e9n\u00e9ral de surpopulation carc\u00e9rale, de conditions de vie d\u00e9grad\u00e9es, et d\u2019une sant\u00e9 mentale fragile pour la majorit\u00e9 des d\u00e9tenus.<\/p>\n<p style=\"text-align: left;\"><strong><a href=\"https:\/\/www.generationsanstabac.org\/\">\u00a9G\u00e9n\u00e9ration Sans Tabac<\/a><\/strong><\/p>\n<p style=\"text-align: right;\"><em><strong>FT<\/strong><\/em><\/p>\n<hr \/>\n<p style=\"text-align: justify;\"><a href=\"#_ftnref1\" name=\"_ftn1\">[1]<\/a> Enqu\u00eate sur la sant\u00e9 et les substances en prison (ESSPRI), Observatoire fran\u00e7ais des drogues et des tendance addictives (OFDT). <a href=\"https:\/\/www.ofdt.fr\/BDD\/publications\/docs\/Tendances-163-ESSPRI.pdf\">Les consommations de drogue en prison<\/a>, mai 2024, (consult\u00e9 le 13\/05\/2024).<\/p>\n<p><span style=\"color: #999999;\"><strong><a style=\"color: #999999;\" href=\"http:\/\/www.cnct.fr\/\" target=\"_blank\" rel=\"noopener noreferrer\">Comit\u00e9 national contre le tabagisme |<\/a><\/strong><\/span><\/p>\n","protected":false},"excerpt":{"rendered":"<p>In 2023, 731 inmates reported smoking, and 631 reported using tobacco daily. As the report highlights, the prevalence of daily smoking among inmates is 2.5 times higher than that of non-incarcerated men.<\/p>","protected":false},"featured_media":12109,"template":"","tags":[],"thematique":[474],"class_list":["post-21459","actualites","type-actualites","status-publish","has-post-thumbnail","hentry","thematique-sante"],"acf":[],"_links":{"self":[{"href":"https:\/\/www.generationsanstabac.org\/en\/wp-json\/wp\/v2\/actualites\/21459","targetHints":{"allow":["GET"]}}],"collection":[{"href":"https:\/\/www.generationsanstabac.org\/en\/wp-json\/wp\/v2\/actualites"}],"about":[{"href":"https:\/\/www.generationsanstabac.org\/en\/wp-json\/wp\/v2\/types\/actualites"}],"version-history":[{"count":0,"href":"https:\/\/www.generationsanstabac.org\/en\/wp-json\/wp\/v2\/actualites\/21459\/revisions"}],"wp:featuredmedia":[{"embeddable":true,"href":"https:\/\/www.generationsanstabac.org\/en\/wp-json\/wp\/v2\/media\/12109"}],"wp:attachment":[{"href":"https:\/\/www.generationsanstabac.org\/en\/wp-json\/wp\/v2\/media?parent=21459"}],"wp:term":[{"taxonomy":"post_tag","embeddable":true,"href":"https:\/\/www.generationsanstabac.org\/en\/wp-json\/wp\/v2\/tags?post=21459"},{"taxonomy":"thematique","embeddable":true,"href":"https:\/\/www.generationsanstabac.org\/en\/wp-json\/wp\/v2\/thematique?post=21459"}],"curies":[{"name":"wp","href":"https:\/\/api.w.org\/{rel}","templated":true}]}}