{"id":21455,"date":"2024-05-16T07:00:48","date_gmt":"2024-05-16T05:00:48","guid":{"rendered":"https:\/\/www.generationsanstabac.org\/actualites\/7225-angleterre\/"},"modified":"2024-05-16T07:00:48","modified_gmt":"2024-05-16T05:00:48","slug":"7225-angleterre","status":"publish","type":"actualites","link":"https:\/\/www.generationsanstabac.org\/en\/actualites\/7225-angleterre\/","title":{"rendered":"England: the decline in consumption has slowed sharply since 2019"},"content":{"rendered":"<p style=\"text-align: justify;\"><em>Une r\u00e9cente \u00e9tude montre que le nombre moyen de cigarettes consomm\u00e9es par jour en Angleterre a diminu\u00e9 entre 2008 et 2023. Toutefois, les donn\u00e9es montrent que la proportion de fumeurs d\u00e9clarant consommer principalement du tabac \u00e0 rouler a fortement augment\u00e9, tandis que le nombre de cigarettes quotidiennes consomm\u00e9es par jour repart \u00e0 la hausse aupr\u00e8s de certains groupes de fumeurs. <\/em><\/p>\n<p style=\"text-align: justify;\">Les auteurs de cette recherche ont mobilis\u00e9 les donn\u00e9es de pr\u00e8s de 60 000 fumeurs \u00e2g\u00e9s d\u2019au moins 18 ans, entre 2008 et 2023. Les chercheurs se sont notamment int\u00e9ress\u00e9s \u00e0 la fr\u00e9quence du tabagisme des r\u00e9pondants, \u00e0 leur type de tabac consomm\u00e9, leur \u00e2ge, leur genre, ou encore leur situation sociale<a href=\"#_ftn1\" name=\"_ftnref1\">[1]<\/a>.<\/p>\n<h2 style=\"text-align: justify;\"><strong>Moins de cigarettes fum\u00e9es par jour, mais davantage de consommateurs de tabac \u00e0 rouler en  Angleterre<\/strong><\/h2>\n<p style=\"text-align: justify;\">Entre 2008 et 2023, le nombre moyen de cigarettes consomm\u00e9es quotidiennement est pass\u00e9 de 13,5 \u00e0 11. Toutefois, l\u2019\u00e9tude note que cette diminution n\u2019est pas lin\u00e9aire, et que les volumes consomm\u00e9s au quotidien tendent \u00e0 stagner depuis 2019. Derri\u00e8re cette baisse se cache par ailleurs une r\u00e9partition de plus en plus in\u00e9gale, avec une proportion croissante de fumeurs indiquant de faibles niveaux de consommation (moins de cinq cigarettes par jour). En parall\u00e8le, la part de personnes signalant consommer 10,15 et 20 cigarettes par jour tend \u00e0 diminuer au fil des ann\u00e9es. Les auteurs de l\u2019\u00e9tude soulignent \u00e9galement un changement dans le type de tabac consomm\u00e9. En effet, en 2008, 30,8% des r\u00e9pondants estimaient consommer principalement du tabac \u00e0 rouler, contre plus de 52% en 2023. Toutefois, cette augmentation de la proportion de fumeurs de tabac \u00e0 rouler s\u2019est en grande partie faite entre 2008 et 2015.<\/p>\n<h2 style=\"text-align: justify;\"><strong>Une consommation qui stagne depuis 2019, voire qui repart \u00e0 la hausse dans certains groupes<\/strong><\/h2>\n<p style=\"text-align: justify;\">Les chercheurs montrent que le nombre de cigarettes consomm\u00e9es quotidiennement tend \u00e0 \u00eatre plus \u00e9lev\u00e9 chez les hommes que chez les femmes, aupr\u00e8s des populations pr\u00e9caires qu\u2019au sein des cat\u00e9gories sociales favoris\u00e9es, chez les personnes \u00e2g\u00e9es que chez les jeunes, ou encore aupr\u00e8s des consommateurs de cigarettes manufactur\u00e9es qu\u2019aupr\u00e8s des consommateurs de tabac \u00e0 rouler. Dans l\u2019ensemble des groupes \u00e9tudi\u00e9s, on observe une baisse significative de la consommation entre 2008 et 2023.<\/p>\n<p style=\"text-align: justify;\">Toutefois, l\u2019ampleur de cette baisse a \u00e9t\u00e9 importante aupr\u00e8s des jeunes, puisque le nombre de cigarettes quotidiennes chez les personnes de 18 ans a chut\u00e9 de pr\u00e8s de 38%, l\u00e0 o\u00f9 il a diminu\u00e9 de 13,5% chez les personnes de 65 ans. A partir de 2019, la baisse de la consommation de cigarettes par jour s\u2019est stabilis\u00e9e de mani\u00e8re plus marqu\u00e9e aupr\u00e8s des hommes, des personnes \u00e2g\u00e9es de 55 ans et plus et des non-vapoteurs. Pour les personnes les plus favoris\u00e9es comme pour les consommateurs quotidiens, le nombre de cigarettes consomm\u00e9es par jour est m\u00eame reparti \u00e0 la hausse lors de ces derni\u00e8res ann\u00e9es en Angleterre.<\/p>\n<h2 style=\"text-align: justify;\"><strong>Des modifications de comportement attribuables \u00e0 la pand\u00e9mie<\/strong><\/h2>\n<p style=\"text-align: justify;\">Pour les auteurs de l\u2019\u00e9tude, l\u2019augmentation de la proportion de fumeurs consommant du tabac \u00e0 rouler peut s\u2019expliquer par les diff\u00e9rences de prix entre ces deux types de produit. L\u2019augmentation du co\u00fbt de la vie en Angleterre, observ\u00e9e depuis 2021, est \u00e9galement un des \u00e9l\u00e9ments de r\u00e9ponse permettant d\u2019expliquer pourquoi les consommateurs se tournent vers le tabac \u00e0 rouler. Au regard de ces donn\u00e9es, l\u2019\u00e9tude conclut sur la n\u00e9cessit\u00e9 d\u2019augmenter le prix du tabac \u00e0 rouler, afin d\u2019\u00e9viter les m\u00e9canismes de transferts de consommation, qui affaiblit partiellement l\u2019efficacit\u00e9 des politiques fiscales de lutte contre le tabagisme.<\/p>\n<p style=\"text-align: justify;\">La p\u00e9riode de COVID-19 est \u00e9galement \u00e9voqu\u00e9e par les auteurs de l\u2019\u00e9tude pour expliquer la stagnation de la consommation de cigarettes en Angleterre depuis 2019. Ainsi, au-del\u00e0 des situations de stress et d\u2019ennui g\u00e9n\u00e9r\u00e9es par la pand\u00e9mie et les confinements, la COVID-19 s\u2019est accompagn\u00e9e d\u2019un fort d\u00e9veloppement du t\u00e9l\u00e9travail, permettant de fait davantage aux fumeurs de consommer pendant leurs journ\u00e9es de travail.<\/p>\n<p style=\"text-align: left;\"><strong><a href=\"https:\/\/www.generationsanstabac.org\/\">\u00a9G\u00e9n\u00e9ration Sans Tabac<\/a><\/strong><\/p>\n<p style=\"text-align: right;\"><em><strong>FT<\/strong><\/em><\/p>\n<hr \/>\n<p style=\"text-align: justify;\"><a href=\"#_ftnref1\" name=\"_ftn1\">[1]<\/a> Sarah E Jackson, Harry Tattan-Birch, Vera Buss, Lion Shahab, Jamie Brown, Trends in Daily Cigarette Consumption Among Smokers: A Population Study in England, 2008\u20132023, <em>Nicotine &amp; Tobacco Research<\/em>, 2024;, ntae071, <a href=\"https:\/\/doi.org\/10.1093\/ntr\/ntae071\">https:\/\/doi.org\/10.1093\/ntr\/ntae071<\/a><\/p>\n<p><span style=\"color: #999999;\"><strong><a style=\"color: #999999;\" href=\"http:\/\/www.cnct.fr\/\" target=\"_blank\" rel=\"noopener noreferrer\">Comit\u00e9 national contre le tabagisme |<\/a><\/strong><\/span><\/p>\n","protected":false},"excerpt":{"rendered":"<p>Une r\u00e9cente \u00e9tude montre que le nombre moyen de cigarettes consomm\u00e9es par jour en Angleterre a diminu\u00e9 entre 2008 et 2023. Toutefois, les donn\u00e9es montrent que la proportion de fumeurs d\u00e9clarant consommer principalement du tabac \u00e0 rouler a fortement augment\u00e9, tandis que le nombre de cigarettes quotidiennes consomm\u00e9es par jour repart \u00e0 la hausse aupr\u00e8s [&hellip;]<\/p>\n","protected":false},"featured_media":12106,"template":"","tags":[],"thematique":[474],"class_list":["post-21455","actualites","type-actualites","status-publish","has-post-thumbnail","hentry","thematique-sante"],"acf":[],"_links":{"self":[{"href":"https:\/\/www.generationsanstabac.org\/en\/wp-json\/wp\/v2\/actualites\/21455","targetHints":{"allow":["GET"]}}],"collection":[{"href":"https:\/\/www.generationsanstabac.org\/en\/wp-json\/wp\/v2\/actualites"}],"about":[{"href":"https:\/\/www.generationsanstabac.org\/en\/wp-json\/wp\/v2\/types\/actualites"}],"version-history":[{"count":0,"href":"https:\/\/www.generationsanstabac.org\/en\/wp-json\/wp\/v2\/actualites\/21455\/revisions"}],"wp:featuredmedia":[{"embeddable":true,"href":"https:\/\/www.generationsanstabac.org\/en\/wp-json\/wp\/v2\/media\/12106"}],"wp:attachment":[{"href":"https:\/\/www.generationsanstabac.org\/en\/wp-json\/wp\/v2\/media?parent=21455"}],"wp:term":[{"taxonomy":"post_tag","embeddable":true,"href":"https:\/\/www.generationsanstabac.org\/en\/wp-json\/wp\/v2\/tags?post=21455"},{"taxonomy":"thematique","embeddable":true,"href":"https:\/\/www.generationsanstabac.org\/en\/wp-json\/wp\/v2\/thematique?post=21455"}],"curies":[{"name":"wp","href":"https:\/\/api.w.org\/{rel}","templated":true}]}}