{"id":21444,"date":"2024-05-03T08:00:49","date_gmt":"2024-05-03T06:00:49","guid":{"rendered":"https:\/\/www.generationsanstabac.org\/actualites\/sante-prix-accompagnent-medical-une-etude-sinteresse-aux-motivations-a-larret-du-tabac\/"},"modified":"2024-05-03T08:00:49","modified_gmt":"2024-05-03T06:00:49","slug":"sante-prix-accompagnent-medical-une-etude-sinteresse-aux-motivations-a-larret-du-tabac","status":"publish","type":"actualites","link":"https:\/\/www.generationsanstabac.org\/en\/actualites\/sante-prix-accompagnent-medical-une-etude-sinteresse-aux-motivations-a-larret-du-tabac\/","title":{"rendered":"Health, prices, medical support: a study looks at the motivations for quitting smoking"},"content":{"rendered":"<p style=\"text-align: justify;\"><em>Une \u00e9tude men\u00e9e en Angleterre s\u2019int\u00e9resse \u00e0 l\u2019\u00e9volution des motivations des fumeurs dans leurs tentatives de sevrage des produits du tabac. Si les motivations sanitaires demeurent la raison principale \u00e9voqu\u00e9e par les r\u00e9pondants pour sortir du tabac, la question du prix est de plus en plus mentionn\u00e9e par les fumeurs et les anciens fumeurs. En parall\u00e8le, les conseils d\u2019un professionnel de sant\u00e9 sont de moins en moins \u00e9voqu\u00e9s par les r\u00e9pondants. <\/em><\/p>\n<p style=\"text-align: justify;\">Les auteurs ont interrog\u00e9 un \u00e9chantillon repr\u00e9sentatif de 5777 fumeurs ou d\u2019anciens fumeurs ayant fait une ou plusieurs tentatives s\u00e9rieuses d\u2019arr\u00eat du tabac, entre 2018 et 2023<a href=\"#_ftn1\" name=\"_ftnref1\">[1]<\/a>.<\/p>\n<h2 style=\"text-align: justify;\"><strong>La sant\u00e9 et le prix, d\u00e9terminants dans la motivation \u00e0 arr\u00eater de fumer<\/strong><\/h2>\n<p style=\"text-align: justify;\">Les r\u00e9sultats montrent que la question de la sant\u00e9 \u00e9tait le principal motif \u00e9voqu\u00e9 par les r\u00e9pondants dans leurs tentatives d\u2019arr\u00eat du tabac. Ce motif peut \u00eatre li\u00e9 \u00e0 un probl\u00e8me de sant\u00e9 du r\u00e9pondant, \u00e0 une inqui\u00e9tude sur de potentiels probl\u00e8mes de sant\u00e9 \u00e0 venir, au contexte de COVID-19, \u00e0 une grossesse, etc. La question du prix du tabac a \u00e9t\u00e9 le deuxi\u00e8me motif le plus \u00e9voqu\u00e9 par les r\u00e9pondants dans leurs tentatives de sevrage (22,7%). Pr\u00e8s d\u2019un r\u00e9pondant sur cinq a indiqu\u00e9 avoir essay\u00e9 d\u2019arr\u00eater de fumer en raison de facteurs sociaux (un propos tenu par un membre familial, un ami, les enfants, ou connaissance d\u2019une personne qui arr\u00eatait de fumer). Enfin, les conseils d\u2019un professionnel de la sant\u00e9 ont motiv\u00e9 11,6% des r\u00e9pondants dans leurs tentatives de sevrage.<\/p>\n<h2 style=\"text-align: justify;\"><strong>Des r\u00e9sultats variables selon les individus<\/strong><\/h2>\n<p style=\"text-align: justify;\">Les auteurs de l\u2019\u00e9tude montrent par ailleurs que les motivations des fumeurs peuvent varier selon le genre, l\u2019\u00e2ge ou la situation sociale des r\u00e9pondants. Ainsi, si l\u2019aspect sanitaire est une constante dans la motivation \u00e0 l\u2019arr\u00eat, ce motif est plus \u00e9voqu\u00e9 par les personnes \u00e2g\u00e9es de plus de 35 ans, ou encore par les personnes sans enfant. Les personnes plus \u00e2g\u00e9es, les femmes et les cat\u00e9gories sociales d\u00e9favoris\u00e9es ont davantage tendance \u00e0 \u00eatre motiv\u00e9es par des probl\u00e8mes de sant\u00e9 actuels, tandis que l\u2019on observe le ph\u00e9nom\u00e8ne inverse pour de potentiels soucis de sant\u00e9 \u00e0 venir. Le motif du prix du tabac est plus fr\u00e9quemment soulign\u00e9 par les r\u00e9pondants appartenant aux classes sociales interm\u00e9diaires (jusqu\u2019\u00e0 25%), ainsi que par les personnes consommatrices de cigarettes \u00e9lectroniques. Les conseils d\u2019un professionnel de la sant\u00e9 ont quant \u00e0 eux \u00e9t\u00e9 plus r\u00e9guli\u00e8rement mentionn\u00e9s par les personnes plus \u00e2g\u00e9es, par les femmes et par les cat\u00e9gories sociales d\u00e9favoris\u00e9es.<\/p>\n<h2 style=\"text-align: justify;\"><strong>Des motivations qui \u00e9voluent au fil du temps et en fonction du contexte<\/strong><\/h2>\n<p style=\"text-align: justify;\">L\u2019\u00e9tude \u00e9tant r\u00e9alis\u00e9e entre 2018 et 2023, les chercheurs ont pu observer l\u2019\u00e9volution dans le temps des motivations \u00e0 l\u2019arr\u00eat du tabac, et notamment en contexte de COVID-19. Ainsi, la proportion de personnes \u00e9voquant les motifs sanitaires a fortement augment\u00e9 en 2020 (56,2% en octobre), avant de diminuer progressivement jusqu\u2019\u00e0 son niveau initial \u00e0 la fin de l\u2019ann\u00e9e 2021. Pour les chercheurs, cette \u00e9volution peut \u00eatre imput\u00e9e au contexte de la COVID-19, qui s\u2019est caract\u00e9ris\u00e9e par une plus forte inqui\u00e9tude de la population sur les sujets sanitaires. La question du prix a connu une forte augmentation sur la p\u00e9riode observ\u00e9e, \u00e9tant mentionn\u00e9 par 19,1% des r\u00e9pondants en 2018, et par 25,4% en 2023. La proportion des tentatives d\u2019arr\u00eat motiv\u00e9es par des facteurs sociaux ou par les conseils d\u2019un professionnels a significativement diminu\u00e9 entre 2018 et 2023, passant respectivement de 21,6% \u00e0 16%, et de 14,2% \u00e0 8,5%.<\/p>\n<h2 style=\"text-align: justify;\"><strong>Communiquer sur les \u00e9conomies, renforcer l\u2019accompagnement par les professionnels<\/strong><\/h2>\n<p style=\"text-align: justify;\">Pour les auteurs de cette \u00e9tude, ces r\u00e9sultats montrent que communiquer sur la dimension financi\u00e8re pourrait inciter encore davantage de fumeurs \u00e0 essayer d\u2019arr\u00eater le tabac. Par ailleurs, la r\u00e9duction de la place des professionnels de sant\u00e9 est \u00e9galement \u00e0 mettre en lien avec la p\u00e9riode de la COVID-19, qui s\u2019est traduite par une diminution de la qualit\u00e9 des soins (saturation, retard dans l\u2019acc\u00e8s au soin, actes r\u00e9alis\u00e9s \u00e0 distance). Les chercheurs \u00e9voquent \u00e9galement la possibilit\u00e9 que cette diminution soit due \u00e0 une r\u00e9duction des contacts entre les fumeurs et les professionnels de sant\u00e9, ou encore au fait que ces derniers ne soient pas motiv\u00e9s ou en mesure d\u2019offrir un soutien ainsi que des conseils aux fumeurs pour les accompagner dans leur tentative de sevrage. L\u2019\u00e9tude rappelle toutefois que l\u2019aide d\u2019un professionnel dans la prise en charge du sevrage tabagique augmente les probabilit\u00e9s que le fumeur soit orient\u00e9 vers des traitements dont l\u2019efficacit\u00e9 est d\u00e9montr\u00e9e scientifiquement.<\/p>\n<p style=\"text-align: justify;\"><strong>Mots-cl\u00e9s : Sant\u00e9, Prix, Motivation, Sevrage<\/strong><\/p>\n<p style=\"text-align: left;\"><strong><a href=\"https:\/\/www.generationsanstabac.org\/\">\u00a9G\u00e9n\u00e9ration Sans Tabac<\/a><\/strong><\/p>\n<p style=\"text-align: right;\"><em><strong>FT<\/strong><\/em><\/p>\n<hr \/>\n<p style=\"text-align: justify;\"><a href=\"#_ftnref1\" name=\"_ftn1\">[1]<\/a> Sarah E Jackson, Sharon Cox, Vera Buss, Jamie Brown, Valeris Crean &#8211; Trends in motives for trying to stop smoking: a population study in England, 2018\u20132023: BMJ Public Health 2024;2:e000420.<\/p>\n<p><span style=\"color: #999999;\"><strong><a style=\"color: #999999;\" href=\"http:\/\/www.cnct.fr\/\" target=\"_blank\" rel=\"noopener noreferrer\">Comit\u00e9 national contre le tabagisme |<\/a><\/strong><\/span><\/p>\n","protected":false},"excerpt":{"rendered":"<p>The issue of the price of tobacco was the second most cited reason by respondents in their attempts to quit (22.7%).<\/p>","protected":false},"featured_media":12085,"template":"","tags":[],"thematique":[474],"class_list":["post-21444","actualites","type-actualites","status-publish","has-post-thumbnail","hentry","thematique-sante"],"acf":[],"_links":{"self":[{"href":"https:\/\/www.generationsanstabac.org\/en\/wp-json\/wp\/v2\/actualites\/21444","targetHints":{"allow":["GET"]}}],"collection":[{"href":"https:\/\/www.generationsanstabac.org\/en\/wp-json\/wp\/v2\/actualites"}],"about":[{"href":"https:\/\/www.generationsanstabac.org\/en\/wp-json\/wp\/v2\/types\/actualites"}],"version-history":[{"count":0,"href":"https:\/\/www.generationsanstabac.org\/en\/wp-json\/wp\/v2\/actualites\/21444\/revisions"}],"wp:featuredmedia":[{"embeddable":true,"href":"https:\/\/www.generationsanstabac.org\/en\/wp-json\/wp\/v2\/media\/12085"}],"wp:attachment":[{"href":"https:\/\/www.generationsanstabac.org\/en\/wp-json\/wp\/v2\/media?parent=21444"}],"wp:term":[{"taxonomy":"post_tag","embeddable":true,"href":"https:\/\/www.generationsanstabac.org\/en\/wp-json\/wp\/v2\/tags?post=21444"},{"taxonomy":"thematique","embeddable":true,"href":"https:\/\/www.generationsanstabac.org\/en\/wp-json\/wp\/v2\/thematique?post=21444"}],"curies":[{"name":"wp","href":"https:\/\/api.w.org\/{rel}","templated":true}]}}