{"id":21397,"date":"2024-03-23T08:07:07","date_gmt":"2024-03-23T07:07:07","guid":{"rendered":"https:\/\/www.generationsanstabac.org\/actualites\/comment-le-site-le-monde-du-tabac-relaie-le-discours-de-lindustrie-sur-la-fiscalite\/"},"modified":"2024-03-23T08:07:07","modified_gmt":"2024-03-23T07:07:07","slug":"comment-le-site-le-monde-du-tabac-relaie-le-discours-de-lindustrie-sur-la-fiscalite","status":"publish","type":"actualites","link":"https:\/\/www.generationsanstabac.org\/en\/actualites\/comment-le-site-le-monde-du-tabac-relaie-le-discours-de-lindustrie-sur-la-fiscalite\/","title":{"rendered":"How the Le Monde du Tabac website relays the industry&#039;s discourse on taxation"},"content":{"rendered":"<p style=\"text-align: justify;\"><em>Une \u00e9tude conduite dans le cadre du projet FELITAF sur le site Le Monde du Tabac indique que sur 722 articles traitant de la taxation du tabac au cours des 4 ann\u00e9es \u00e9tudi\u00e9es, plus de 82 % des arguments avanc\u00e9s \u00e9taient contre les augmentations de taxes.  Le monde du tabac se pr\u00e9sente comme ind\u00e9pendant mais est en r\u00e9alit\u00e9 li\u00e9 \u00e0 la Conf\u00e9d\u00e9ration des buralistes et les arguments refl\u00e8tent essentiellement ceux d\u00e9ploy\u00e9s par l\u2019industrie du tabac. <\/em><\/p>\n<p style=\"text-align: justify;\">Port\u00e9 par l\u2019Ecole des Hautes Etudes en Sant\u00e9 Publique (EHESP) de 2018 \u00e0 2022, le projet Formes et effet du lobbying des industriels du tabac et de leurs alli\u00e9s en France (FELITAF) est un programme de recherche visant \u00e0 mieux cerner les strat\u00e9gies de lobbying de l\u2019industrie du tabac, notamment dans son utilisation d\u2019alli\u00e9s et de tierces parties.<\/p>\n<p style=\"text-align: justify;\">Dans le cadre de ce projet a \u00e9t\u00e9 conduite une \u00e9tude sur le site d\u2019information professionnel <em>Le Monde du Tabac<\/em>. Edit\u00e9 par la soci\u00e9t\u00e9 Porte-Plume, ce site affiche avoir pour objet <em>\u00ab un traitement, \u00e0 des fins d\u2019informations et sans vocation commerciale, de l\u2019actualit\u00e9 \u00e9conomique, normative et socio-culturelle du \u00ab monde du tabac \u00bb. \u00bb<\/em><a href=\"#_ftn1\" name=\"_ftnref1\"><em><strong>[1]<\/strong><\/em><\/a>  Les chercheurs du projet FELITAF ont plus particuli\u00e8rement analys\u00e9 la pr\u00e9sentation par ce site de la politique fiscale appliqu\u00e9e au tabac en France entre 2019 et 2022<a href=\"#_ftn2\" name=\"_ftnref2\">[2]<\/a>.<\/p>\n<h2 style=\"text-align: justify;\"><strong>Le Monde du Tabac nettement en d\u00e9faveur de la taxation du tabac<\/strong><\/h2>\n<p style=\"text-align: justify;\">Sur la p\u00e9riode 2019-2022, un total de 722 articles publi\u00e9s sur Le Monde du Tabac exprimaient des opinions relatives \u00e0 la fiscalit\u00e9 du tabac. Les arguments utilis\u00e9s dans ces articles ont \u00e9t\u00e9 distingu\u00e9s entre ceux qui \u00e9taient favorables aux mesures d\u2019augmentation de la taxation du tabac et ceux d\u00e9favorables \u00e0 ces mesures.<\/p>\n<p style=\"text-align: justify;\">Parmi les 2019 arguments r\u00e9pertori\u00e9s dans ces 722 articles, 81,57 % prenaient position contre les mesures d\u2019augmentations des taxes, 12,23 % envisageaient des options alternatives et 6,19 % seulement abordaient les effets b\u00e9n\u00e9fiques des augmentations de taxes. Dans ces derniers, le th\u00e8me de la r\u00e9duction de la pr\u00e9valence tabagique en France \u00e9tait pr\u00e9dominant. Les options alternatives \u00e9voquaient notamment l\u2019harmonisation de la taxation du tabac au niveau europ\u00e9en. Les arguments contre les hausses de taxes pointaient les pertes de revenus et d\u2019emplois pour les buralistes et les industriels du tabac, l\u2019inefficacit\u00e9 suppos\u00e9e de ce type de mesure et l\u2019augmentation du commerce parall\u00e8le. Ils soulignaient \u00e9galement le r\u00f4le social des buralistes. De nombreuses publications scientifiques publi\u00e9e sous l\u2019\u00e9gide de l\u2019Organisation Mondiale de la Sant\u00e9 (OMS) ont pourtant soulign\u00e9 l\u2019int\u00e9r\u00eat des hausses de taxes pour r\u00e9duire la pr\u00e9valence tabagique, en particulier chez les jeunes et les personnes les plus d\u00e9munies.<\/p>\n<h2 style=\"text-align: justify;\"><strong>Une tribune masqu\u00e9e de la Conf\u00e9d\u00e9ration des Buralistes et de l\u2019industrie du tabac <\/strong><\/h2>\n<p style=\"text-align: justify;\">Bien que le site <em>Le Monde du Tabac<\/em> se pr\u00e9sente comme un site <em>\u00ab d\u2019informations \u00bb<\/em> et <em>\u00ab sans vocation commerciale \u00bb<\/em>, les positions le plus souvent d\u00e9fendues en mati\u00e8re de taxation refl\u00e8tent surtout celles de l\u2019industrie du tabac et de la Conf\u00e9d\u00e9ration des Buralistes. Des recherches fran\u00e7aises et internationales ont largement d\u00e9taill\u00e9 ces positions de l\u2019industrie du tabac<a href=\"#_ftn3\" name=\"_ftnref3\">[3]<\/a> : celles-ci consistent \u00e0 maintenir abordables les produits du tabac et \u00e0 s\u2019opposer aux politiques de taxation fortes, et d\u2019une augmentation du commerce illicite. Ces arguments sont relay\u00e9s par des journalistes, des think tanks, comme l\u2019Institut de recherches \u00e9conomiques et fiscales (<a href=\"https:\/\/www.generationsanstabac.org\/actualites\/iref-porte-voix-de-philip-morris-france-sur-la-taxation-du-tabac\/\">IREF<\/a>), ou des organisations de d\u00e9taillants \u2013 repr\u00e9sent\u00e9s en France par la Conf\u00e9d\u00e9ration des Buralistes ou par des m\u00e9dia se pr\u00e9sentant comme \u00ab ind\u00e9pendants \u00bb mais qui sont en r\u00e9alit\u00e9 li\u00e9s au secteur tabac.<\/p>\n<p style=\"text-align: justify;\">La proximit\u00e9 entre le site <em>Le Monde du Tabac<\/em> et la Conf\u00e9d\u00e9ration des Buralistes avait d\u00e9j\u00e0 \u00e9t\u00e9 mise en lumi\u00e8re voici une dizaine d\u2019ann\u00e9es<a href=\"#_ftn4\" name=\"_ftnref4\">[4]<\/a>. Jean-Paul Vaslin, Directeur des affaires publiques de la Conf\u00e9d\u00e9ration des Buralistes, est en effet l\u2019un des contributeurs actifs de ce site, et est \u00e9galement li\u00e9, \u00e0 titre personnel, \u00e0 l\u2019\u00e9ditrice de ce site, Sophie M\u00e9chadier. Interrog\u00e9 \u00e0 ce sujet, Jean-Paul Vaslin avait d\u00e9clar\u00e9 n\u2019\u00e9crire quotidiennement sur ce site, tout comme la soci\u00e9t\u00e9 Porte-Plume, qu\u2019\u00e0 titre \u00ab b\u00e9n\u00e9vole \u00bb, et avait pr\u00e9sent\u00e9 ce site comme un simple blog<a href=\"#_ftn5\" name=\"_ftnref5\">[5]<\/a>.<\/p>\n<p style=\"text-align: justify;\"><em>Pour en savoir davantage sur la fiscalit\u00e9 du tabac, consultez notre <\/em><a href=\"https:\/\/www.generationsanstabac.org\/article\/mission-devaluation-de-la-fiscalite-du-tabac-retour-sur-les-auditions-au-senat\/\"><em>d\u00e9cryptage<\/em><\/a><em>.<\/em><\/p>\n<p style=\"text-align: justify;\"><strong>Mots-cl\u00e9s : Le Monde du Tabac, Conf\u00e9d\u00e9ration des Buralistes, industrie du tabac, Taxation, Lobbying<\/strong><\/p>\n<p style=\"text-align: left;\"><strong><a href=\"https:\/\/www.generationsanstabac.org\/\">\u00a9G\u00e9n\u00e9ration Sans Tabac<\/a><\/strong><\/p>\n<p style=\"text-align: right;\"><em><strong>MF<\/strong><\/em><\/p>\n<hr \/>\n<p style=\"text-align: justify;\"><a href=\"#_ftnref1\" name=\"_ftn1\">[1]<\/a> Le Monde du Tabac, <a href=\"https:\/\/www.lemondedutabac.com\/mentions-legales\/\"><em>mentions l\u00e9gales<\/em><\/a>.<\/p>\n<p style=\"text-align: justify;\"><a href=\"#_ftnref2\" name=\"_ftn2\">[2]<\/a> Baladi L, B\u00e9guinot E, Rey Pino JM, Gallopel-Morvan K, Lobbying against tobacco taxation in France. <em>An analysis of the arguments disseminated on the French website \u201cLeMondeduTabac.com\u201d<\/em>, poster pr\u00e9sent\u00e9 aux 30<sup>\u00e8me<\/sup> rencontres annuelles du SRNT, 20-23 mars 2024.<\/p>\n<p style=\"text-align: justify;\"><a href=\"#_ftnref3\" name=\"_ftn3\">[3]<\/a> <a href=\"https:\/\/tobaccotactics.org\/article\/tobacco-industry-and-tax\/\"><em>The Tobacco Industry and Tax<\/em><\/a>, Tobacco Tactics, publi\u00e9 le 17 mai 2022, consult\u00e9 le 18 mars 2024.<\/p>\n<p style=\"text-align: justify;\"><a href=\"#_ftnref4\" name=\"_ftn4\">[4]<\/a> CNCT, <a href=\"https:\/\/cnct.fr\/ressource\/post\/le-monde-du-tabac-organisation-ecran-de-la-confederation-des-buralistes\/\"><em>Le Monde du Tabac, organisation \u00e9cran de la Conf\u00e9d\u00e9ration des Buralistes<\/em><\/a>, publi\u00e9 le 21 mai 2014, consult\u00e9 le 18 mars 2024.<\/p>\n<p style=\"text-align: justify;\"><a href=\"#_ftnref5\" name=\"_ftn5\">[5]<\/a> Daucy L, <a href=\"https:\/\/www.arretsurimages.net\/articles\/tabac-lart-du-lobbying-derriere-rideau-de-fumee\"><em>Tabac : l&rsquo;art du lobbying derri\u00e8re rideau de fum\u00e9e<\/em><\/a>, Arr\u00eat sur images, publi\u00e9 le 24 septembre 2013, consult\u00e9 le 18 mars 2023.<\/p>\n<p><span style=\"color: #999999;\"><strong><a style=\"color: #999999;\" href=\"http:\/\/www.cnct.fr\/\" target=\"_blank\" rel=\"noopener noreferrer\">Comit\u00e9 national contre le tabagisme |<\/a><\/strong><\/span><\/p>\n","protected":false},"excerpt":{"rendered":"<p>Led by the School of Advanced Studies in Public Health (EHESP) from 2018 to 2022, the Forms and Effects of Lobbying by Tobacco Manufacturers and Their Allies in France (FELITAF) project is a research program aimed at better understanding the lobbying strategies of the tobacco industry, particularly in its use of allies and third parties.<\/p>","protected":false},"featured_media":20754,"template":"","tags":[],"thematique":[499,538],"class_list":["post-21397","actualites","type-actualites","status-publish","has-post-thumbnail","hentry","thematique-lobby","thematique-marches-paralleles"],"acf":[],"_links":{"self":[{"href":"https:\/\/www.generationsanstabac.org\/en\/wp-json\/wp\/v2\/actualites\/21397","targetHints":{"allow":["GET"]}}],"collection":[{"href":"https:\/\/www.generationsanstabac.org\/en\/wp-json\/wp\/v2\/actualites"}],"about":[{"href":"https:\/\/www.generationsanstabac.org\/en\/wp-json\/wp\/v2\/types\/actualites"}],"version-history":[{"count":0,"href":"https:\/\/www.generationsanstabac.org\/en\/wp-json\/wp\/v2\/actualites\/21397\/revisions"}],"wp:featuredmedia":[{"embeddable":true,"href":"https:\/\/www.generationsanstabac.org\/en\/wp-json\/wp\/v2\/media\/20754"}],"wp:attachment":[{"href":"https:\/\/www.generationsanstabac.org\/en\/wp-json\/wp\/v2\/media?parent=21397"}],"wp:term":[{"taxonomy":"post_tag","embeddable":true,"href":"https:\/\/www.generationsanstabac.org\/en\/wp-json\/wp\/v2\/tags?post=21397"},{"taxonomy":"thematique","embeddable":true,"href":"https:\/\/www.generationsanstabac.org\/en\/wp-json\/wp\/v2\/thematique?post=21397"}],"curies":[{"name":"wp","href":"https:\/\/api.w.org\/{rel}","templated":true}]}}