{"id":21394,"date":"2024-03-21T10:30:19","date_gmt":"2024-03-21T09:30:19","guid":{"rendered":"https:\/\/www.generationsanstabac.org\/actualites\/la-belgique-obtient-lautorisation-dinterdire-les-cigarettes-electroniques-jetables\/"},"modified":"2024-03-21T10:30:19","modified_gmt":"2024-03-21T09:30:19","slug":"la-belgique-obtient-lautorisation-dinterdire-les-cigarettes-electroniques-jetables","status":"publish","type":"actualites","link":"https:\/\/www.generationsanstabac.org\/en\/actualites\/la-belgique-obtient-lautorisation-dinterdire-les-cigarettes-electroniques-jetables\/","title":{"rendered":"Belgium gets approval to ban disposable e-cigarettes"},"content":{"rendered":"<p style=\"text-align: justify;\"><em>La Commission europ\u00e9enne a estim\u00e9, le 18 mars 2024, que la demande de la Belgique d\u2019interdire le commerce des cigarettes \u00e9lectroniques \u00e0 usage unique avec nicotine (\u00ab puffs \u00bb) \u00e9tait \u00ab justifi\u00e9e, n\u00e9cessaire et proportionn\u00e9e \u00bb. La France, l\u2019Irlande et l\u2019Allemagne devraient \u00e9galement \u00e9mettre des demandes similaires.<\/em><\/p>\n<p style=\"text-align: justify;\">En <a href=\"https:\/\/www.generationsanstabac.org\/actualites\/la-belgique-depose-une-demande-dinterdiction-des-cigarettes-electroniques-jetables-puffs-aupres-de-lue\/\">novembre 2022<\/a>, au moment de r\u00e9viser sa r\u00e9glementation sur les cigarettes \u00e9lectroniques, la Belgique avait voulu interdire les cigarettes \u00e9lectroniques jetables (\u00ab puffs \u00bb) et avait essuy\u00e9 sur ce point un refus de la Commission europ\u00e9enne. Celle-ci consid\u00e9rait qu\u2019une d\u00e9cision de ce type ne pouvait \u00eatre prise que pour des raisons \u00e0 la fois de sant\u00e9 publique et sp\u00e9cifiques \u00e0 la situation du pays. La Belgique a donc compl\u00e9t\u00e9 son dossier et demand\u00e9 en septembre 2023 \u00e0 la Commission la possibilit\u00e9 d\u2019interdire <a href=\"https:\/\/www.generationsanstabac.org\/article\/taxes-interdiction-des-puffs-la-belgique-publie-son-plan-de-lutte-contre-le-tabac\/\">la commercialisation<\/a> des puffs, qu\u2019elles contiennent ou non de la nicotine.<\/p>\n<p style=\"text-align: justify;\">La Commission europ\u00e9enne a rendu son avis le 18 mars 2024, accordant \u00e0 la Belgique d\u2019interdire cette commercialisation des puffs<a href=\"#_ftn1\" name=\"_ftnref1\">[1]<\/a> avec nicotine. Elle ne s\u2019est prononc\u00e9e que sur les puffs contenant de la nicotine, cette d\u00e9cision se situant dans le cadre de la directive europ\u00e9enne sur les produits du tabac (TPD).<\/p>\n<h2 style=\"text-align: justify;\"><strong>Une d\u00e9cision attendue en Europe<\/strong><\/h2>\n<p style=\"text-align: justify;\">Cette d\u00e9cision \u00e9tait attendue par plusieurs pays europ\u00e9ens qui nourrissent des projets similaires. <a href=\"https:\/\/www.generationsanstabac.org\/actualites\/france-la-loi-interdisant-les-cigarettes-electroniques-jetables-adoptee-a-lunanimite\/\">La France<\/a>, <a href=\"https:\/\/www.generationsanstabac.org\/actualites\/irlande-envisage-dinterdire-les-cigarettes-electroniques-jetables\/\">l\u2019Irlande<\/a> et <a href=\"https:\/\/www.generationsanstabac.org\/actualites\/baviere-demande-interdiction-puffs-allemagne-europe\/\">l\u2019Allemagne<\/a> devraient ainsi prochainement adresser \u00e0 la Commission europ\u00e9enne des dossiers ax\u00e9s sur l\u2019interdiction de la commercialisation des puffs. Bien qu\u2019elle ait int\u00e9gr\u00e9 depuis plusieurs ann\u00e9es le vapotage dans sa politique antitabac, le <a href=\"https:\/\/www.generationsanstabac.org\/actualites\/le-royaume-uni-presente-son-plan-pour-atteindre-une-generation-sans-tabac\/\">Royaume-Uni<\/a> projette \u00e9galement d\u2019interdire ces produits \u00e0 usage unique.<\/p>\n<p style=\"text-align: justify;\">La d\u00e9put\u00e9e \u00e9cologiste Francesca Pasquini, \u00e0 l\u2019origine de la <a href=\"https:\/\/www.generationsanstabac.org\/actualites\/une-parlementaire-depose-un-projet-de-loi-interdisant-les-cigarettes-electroniques-jetables-en-france\/\">proposition de loi<\/a> en France, a estim\u00e9 que <em>\u00ab Cette d\u00e9cision est une bonne nouvelle pour la sant\u00e9 des Belges, pour la Belgique et pour la protection de l\u2019environnement. \u00bb<\/em><a href=\"#_ftn2\" name=\"_ftnref2\">[2]<\/a> Au-del\u00e0 du danger qu\u2019elles repr\u00e9sentent pour la sant\u00e9 publique, les cigarettes \u00e9lectroniques jetables constituent en effet des menaces environnementales, leurs d\u00e9chets contenant du plastique, des substances toxiques et des piles au lithium provoquant pollution et incendies. C\u2019est cependant \u00e0 cause de leur fort pouvoir d\u2019attraction aupr\u00e8s des jeunes et des adolescents, aiguis\u00e9 par des campagnes de marketing agressives sur les r\u00e9seaux sociaux, que les puffs sont vis\u00e9es par les autorit\u00e9s. Les designs tr\u00e8s color\u00e9s, les larges gammes d\u2019ar\u00f4mes sucr\u00e9s et fruit\u00e9s propos\u00e9es et certains accessoires \u00ab ludiques \u00bb (pr\u00e9sence d\u2019ampoules LED clignotantes) sugg\u00e8rent que ces produits sont avant tout destin\u00e9s aux plus jeunes. La tr\u00e8s rapide diffusion des puffs chez les jeunes non-fumeurs depuis fin 2021 a notamment \u00e9t\u00e9 point\u00e9e par les acteurs de <a href=\"https:\/\/www.generationsanstabac.org\/actualites\/des-associations-environnementales-et-de-sante-publique-demandent-linterdiction-des-puffs-en-france\/\">sant\u00e9 publique<\/a>. La proposition de loi portant sur leur interdiction devait \u00eatre pr\u00e9sent\u00e9e en commission mixte paritaire le 21 mars 2024.<\/p>\n<h2 style=\"text-align: justify;\"><strong>La question des puffs dites \u00ab sans nicotine \u00bb<\/strong><\/h2>\n<p style=\"text-align: justify;\">L\u2019une des questions laiss\u00e9es en suspens par la Commission europ\u00e9enne concerne les puffs pr\u00e9sent\u00e9es comme \u00e9tant sans nicotine. Dans son dossier d\u2019information compl\u00e9mentaire, la Belgique avait soulign\u00e9 un <em>\u00ab taux de non-conformit\u00e9 r\u00e9glementaire beaucoup plus \u00e9lev\u00e9 \u00bb<\/em> sur le march\u00e9 des puffs, notamment en termes de d\u00e9passement des seuils de nicotine autoris\u00e9s et de capacit\u00e9 des r\u00e9servoirs. Ce constat de non-conformit\u00e9 est aussi valable pour les puffs d\u00e9clar\u00e9es sans nicotine, parmi lesquelles des pr\u00e9sences de nicotine, parfois <a href=\"https:\/\/www.generationsanstabac.org\/actualites\/royaume-uni-des-taux-de-nicotine-eleves-dans-des-cigarettes-electroniques-vendues-0-nicotine\/\">\u00e0 taux \u00e9lev\u00e9s<\/a>, ont \u00e9t\u00e9 relev\u00e9es, et ce dans plusieurs pays. Les fabricants de puffs ont par ailleurs <a href=\"https:\/\/www.generationsanstabac.org\/actualites\/interdiction-dimportation-des-puffs-en-australie-les-fabricants-ripostent\/\">anticip\u00e9 la l\u00e9gislation<\/a> et con\u00e7u des produits aux batteries rechargeables pour \u00e9chapper aux interdictions r\u00e9glementaires.<\/p>\n<p style=\"text-align: justify;\">Mots-cl\u00e9s : Belgique, Commission europ\u00e9enne, cigarettes \u00e9lectroniques \u00e0 usage jetables, puffs<\/p>\n<p style=\"text-align: left;\"><strong><a href=\"https:\/\/www.generationsanstabac.org\/\">\u00a9G\u00e9n\u00e9ration Sans Tabac<\/a><\/strong><\/p>\n<p style=\"text-align: right;\"><em><strong>MF<\/strong><\/em><\/p>\n<hr \/>\n<p style=\"text-align: justify;\"><a href=\"#_ftnref1\" name=\"_ftn1\">[1]<\/a> Commission Europ\u00e9enne, <em><a href=\"https:\/\/eur-lex.europa.eu\/legal-content\/FR\/TXT\/PDF\/?uri=PI_COM:C(2024)1673\">De\u0301cision d\u2019exe\u0301cution de la commission du 18.3.2024<\/a><\/em><\/p>\n<p style=\"text-align: justify;\"><em><a href=\"https:\/\/eur-lex.europa.eu\/legal-content\/FR\/TXT\/PDF\/?uri=PI_COM:C(2024)1673\">relative aux dispositions nationales notifie\u0301es par la Belgique interdisant la mise sur le marche\u0301 de cigarettes e\u0301lectroniques jetables<\/a><\/em>, publi\u00e9 le 18 mars 2024.<\/p>\n<p style=\"text-align: justify;\"><a href=\"#_ftnref2\" name=\"_ftn2\">[2]<\/a> Bauer-Babef C, <a href=\"https:\/\/www.euractiv.com\/section\/health-consumers\/news\/eu-commission-gives-green-light-to-ban-disposable-e-cigarettes-in-belgium\/\"><em>EU Commission gives green light to ban disposable e-cigarettes in Belgium<\/em><\/a>, Euractiv, publi\u00e9 le 19 mars 2024, consult\u00e9 le 20 mars 2024.<\/p>\n<p><span style=\"color: #999999;\"><strong><a style=\"color: #999999;\" href=\"http:\/\/www.cnct.fr\/\" target=\"_blank\" rel=\"noopener noreferrer\">Comit\u00e9 national contre le tabagisme |<\/a><\/strong><\/span><\/p>\n","protected":false},"excerpt":{"rendered":"<p>The European Commission considered on 18 March 2024 that Belgium&#039;s request to ban the trade in single-use e-cigarettes with nicotine (&quot;puffs&quot;) was &quot;justified, necessary and proportionate&quot;. France, Ireland and Germany are also expected to issue similar requests.<\/p>","protected":false},"featured_media":21395,"template":"","tags":[],"thematique":[502,516],"class_list":["post-21394","actualites","type-actualites","status-publish","has-post-thumbnail","hentry","thematique-justice","thematique-nouveaux-produits"],"acf":[],"_links":{"self":[{"href":"https:\/\/www.generationsanstabac.org\/en\/wp-json\/wp\/v2\/actualites\/21394","targetHints":{"allow":["GET"]}}],"collection":[{"href":"https:\/\/www.generationsanstabac.org\/en\/wp-json\/wp\/v2\/actualites"}],"about":[{"href":"https:\/\/www.generationsanstabac.org\/en\/wp-json\/wp\/v2\/types\/actualites"}],"version-history":[{"count":0,"href":"https:\/\/www.generationsanstabac.org\/en\/wp-json\/wp\/v2\/actualites\/21394\/revisions"}],"wp:featuredmedia":[{"embeddable":true,"href":"https:\/\/www.generationsanstabac.org\/en\/wp-json\/wp\/v2\/media\/21395"}],"wp:attachment":[{"href":"https:\/\/www.generationsanstabac.org\/en\/wp-json\/wp\/v2\/media?parent=21394"}],"wp:term":[{"taxonomy":"post_tag","embeddable":true,"href":"https:\/\/www.generationsanstabac.org\/en\/wp-json\/wp\/v2\/tags?post=21394"},{"taxonomy":"thematique","embeddable":true,"href":"https:\/\/www.generationsanstabac.org\/en\/wp-json\/wp\/v2\/thematique?post=21394"}],"curies":[{"name":"wp","href":"https:\/\/api.w.org\/{rel}","templated":true}]}}