{"id":21391,"date":"2024-03-22T09:00:59","date_gmt":"2024-03-22T08:00:59","guid":{"rendered":"https:\/\/www.generationsanstabac.org\/actualites\/espagne-prepare-son-nouveau-plan-antitabac\/"},"modified":"2024-03-22T09:00:59","modified_gmt":"2024-03-22T08:00:59","slug":"espagne-prepare-son-nouveau-plan-antitabac","status":"publish","type":"actualites","link":"https:\/\/www.generationsanstabac.org\/en\/actualites\/espagne-prepare-son-nouveau-plan-antitabac\/","title":{"rendered":"Spain prepares its new anti-smoking plan"},"content":{"rendered":"<p style=\"text-align: justify;\"><em>Le plan complet de pr\u00e9vention et de contr\u00f4le du tabac 2024-2027 devrait succ\u00e9der \u00e0 celui, non abouti, pr\u00e9vu pour 2021-2025. Plusieurs mesures importantes sont annonc\u00e9es, dont l\u2019extension des espaces sans tabac ou des interdictions de fumer dans les v\u00e9hicules, dont les contours restent \u00e0 d\u00e9limiter. Ce plan pr\u00e9voit \u00e9galement des augmentations de la taxation du tabac. <\/em><\/p>\n<p style=\"text-align: justify;\">Annonc\u00e9 le 14 mars 2024 par la ministre de la Sant\u00e9, Monica Garcia, le plan complet de pr\u00e9vention et de contr\u00f4le du tabac (PIT) 2024-2027 devrait \u00eatre publi\u00e9 en fin d\u2019ann\u00e9e 2024. Certaines des mesures qu\u2019il devrait contenir, dont les contours l\u00e9gislatifs restent \u00e0 d\u00e9finir, ont \u00e9t\u00e9 d\u00e9voil\u00e9es.<\/p>\n<h2 style=\"text-align: justify;\"><strong>Restrictions de fumer dans l\u2019espace public et priv\u00e9<\/strong><\/h2>\n<p style=\"text-align: justify;\">Parmi les mesures envisag\u00e9es, figurent des restrictions de fumer dans l\u2019espace public et priv\u00e9 en Espagne. Les espaces publics sans tabac restent \u00e0 d\u00e9finir, mais pourraient concerner les terrasses, les stations des transports publics et les aires de jeux pour enfants. Des mesures de ce type ont d\u00e9j\u00e0 \u00e9t\u00e9 act\u00e9es localement pour les <a href=\"https:\/\/www.generationsanstabac.org\/actualites\/barcelone-interdit-de-fumer-sur-les-plages\/\">plages<\/a>.<\/p>\n<p style=\"text-align: justify;\">Les interdictions de fumer pourraient \u00eatre \u00e9tendues aux v\u00e9hicules, voire aux habitations, notamment en cas de pr\u00e9sence d\u2019un enfant, d\u2019une femme enceinte ou d\u2019une personne souffrant de graves probl\u00e8mes de sant\u00e9<a href=\"#_ftn1\" name=\"_ftnref1\">[1]<\/a>. Au titre des facteurs av\u00e9r\u00e9s de distraction, responsables de 30 % des accidents mortels en Espagne, le tabagisme a d\u00e9j\u00e0 \u00e9t\u00e9 point\u00e9 comme une pratique dangereuse au volant<a href=\"#_ftn2\" name=\"_ftnref2\">[2]<\/a>.<\/p>\n<p style=\"text-align: justify;\">Les autres objectifs de ce plan visent \u00e0 r\u00e9duire le tabagisme chez les jeunes, \u00e0 sensibiliser le grand public aux dangers du tabac et \u00e0 renforcer l\u2019ex\u00e9cution des mesures antitabac. Le plan pr\u00e9voit ainsi d\u2019augmenter significativement le prix du tabac par des hausses de taxes, afin de r\u00e9duire la pr\u00e9valence tabagique et de limiter les \u00e9carts de prix avec les autres pays europ\u00e9ens. Il devrait en outre proposer l\u2019alignement de la l\u00e9gislation des nouveaux produits de la nicotine (cigarettes \u00e9lectroniques, sachets de nicotine) sur celle des produits du tabac, en mati\u00e8re de vente, de consommation, de publicit\u00e9 et de promotion. Les e-liquides et cigarettes \u00e9lectroniques sans nicotine seraient \u00e9galement concern\u00e9s.<\/p>\n<h2 style=\"text-align: justify;\"><strong>Le pr\u00e9c\u00e9dent plan tabac, sabord\u00e9 au profit des producteurs de tabac<\/strong><\/h2>\n<p style=\"text-align: justify;\">Le pr\u00e9c\u00e9dent plan complet tabac, pr\u00e9vu sur la p\u00e9riode 2021-2025, avait \u00e9t\u00e9 retard\u00e9, puis annul\u00e9 par la ministre de la Sant\u00e9 de l\u2019\u00e9poque, Carolina Darias. A ce poste entre 2021 et 2023, elle visait \u00e9galement la municipalit\u00e9 de la principale ville des \u00eeles Canaries, o\u00f9 elle a \u00e9t\u00e9 \u00e9lue. Selon l\u2019Indice d\u2019interf\u00e9rence de l\u2019industrie du tabac dans la r\u00e9gion Europe<a href=\"#_ftn3\" name=\"_ftnref3\">[3]<\/a>, des pressions auraient \u00e9t\u00e9 exerc\u00e9es sur la ministre pour qu\u2019elle renonce \u00e0 ce plan de lutte contre le tabac si elle souhaitait acc\u00e9der \u00e0 la t\u00eate de cette municipalit\u00e9.<\/p>\n<p style=\"text-align: justify;\">Bien que le gouvernement des Canaries ait annonc\u00e9 un rel\u00e8vement de la taxation sur les produits du tabac en 2024<a href=\"#_ftn4\" name=\"_ftnref4\">[4]<\/a>, il continue d\u2019entretenir des relations \u00e9troites avec les industriels du tabac, en organisant par exemple des visites d\u2019usines de tabac. Les \u00eeles de cet archipel, tout comme la communaut\u00e9 autonome d\u2019Extremadura, deux r\u00e9gions fortement productrices de tabac, disposent en effet d\u2019une taxation sp\u00e9cifique sur les produits du tabac les rendant moins chers que dans le reste de l\u2019Espagne. Cette situation illustre plus g\u00e9n\u00e9ralement le retard de l\u2019ex\u00e9cutif espagnol \u00e0 s\u2019emparer de la question du tabac depuis 2010.<\/p>\n<p style=\"text-align: justify;\"><strong>Mots-cl\u00e9s : Espagne, plan complet de pr\u00e9vention et de contr\u00f4le du tabac, Monica Garcia, Carolina Darias<\/strong><\/p>\n<p style=\"text-align: left;\"><strong><a href=\"https:\/\/www.generationsanstabac.org\/\">\u00a9G\u00e9n\u00e9ration Sans Tabac<\/a><\/strong><\/p>\n<p style=\"text-align: right;\"><em><strong>MF<\/strong><\/em><\/p>\n<hr \/>\n<p style=\"text-align: justify;\"><a href=\"#_ftnref1\" name=\"_ftn1\">[1]<\/a> <a href=\"https:\/\/www.majorcadailybulletin.com\/news\/local\/2024\/03\/14\/122053\/wants-ban-smoking-new-spaces.html\"><em>Health Ministry in talks to ban smoking in cars<\/em><\/a>, publi\u00e9 le 13 mars 2024, consult\u00e9 le 18 mars 2024.<\/p>\n<p style=\"text-align: justify;\"><a href=\"#_ftnref2\" name=\"_ftn2\">[2]<\/a> Ensor J, <a href=\"https:\/\/euroweeklynews.com\/2024\/03\/13\/spain-considers-banning-smoking-in-the-car\/\"><em>Spain considers banning smoking in the car<\/em><\/a>, EuroWeekly, publi\u00e9 le 13 mars 2024, consult\u00e9 le 18 mars 2024.<\/p>\n<p style=\"text-align: justify;\"><a href=\"#_ftnref3\" name=\"_ftn3\">[3]<\/a> Olefir L, Pelella S, Tao A, <a href=\"https:\/\/exposetobacco.org\/wp-content\/uploads\/2023-Europe-Regional-TII-Index.pdf\"><em>Europe Regional Tobacco Industry Interference Index 2023<\/em><\/a>, SFP\/CEO\/GCTC, octobre 2023.<\/p>\n<p style=\"text-align: justify;\"><a href=\"#_ftnref4\" name=\"_ftn4\">[4]<\/a> <a href=\"https:\/\/www.2firsts.com\/news\/revised-tobacco-tax-law-e-cigarette-products-to-be-taxed\"><em>Canary Islands: Revised Tobacco Tax Law in 2024<\/em><\/a>, 2Firsts, publi\u00e9 le 1<sup>er<\/sup> d\u00e9cembre 2023, consult\u00e9 le 18 mars 2024.<\/p>\n<p><span style=\"color: #999999;\"><strong><a style=\"color: #999999;\" href=\"http:\/\/www.cnct.fr\/\" target=\"_blank\" rel=\"noopener noreferrer\">Comit\u00e9 national contre le tabagisme |<\/a><\/strong><\/span><\/p>\n","protected":false},"excerpt":{"rendered":"<p>In Spain, the comprehensive tobacco prevention and control plan for 2024-2027 is expected to succeed the unfinished plan planned for 2021-2025. Several important measures have been announced, including the expansion of smoke-free areas and bans on smoking in vehicles, the details of which remain to be defined. This plan also includes increases in tobacco taxation.<\/p>","protected":false},"featured_media":12008,"template":"","tags":[],"thematique":[474],"class_list":["post-21391","actualites","type-actualites","status-publish","has-post-thumbnail","hentry","thematique-sante"],"acf":[],"_links":{"self":[{"href":"https:\/\/www.generationsanstabac.org\/en\/wp-json\/wp\/v2\/actualites\/21391","targetHints":{"allow":["GET"]}}],"collection":[{"href":"https:\/\/www.generationsanstabac.org\/en\/wp-json\/wp\/v2\/actualites"}],"about":[{"href":"https:\/\/www.generationsanstabac.org\/en\/wp-json\/wp\/v2\/types\/actualites"}],"version-history":[{"count":0,"href":"https:\/\/www.generationsanstabac.org\/en\/wp-json\/wp\/v2\/actualites\/21391\/revisions"}],"wp:featuredmedia":[{"embeddable":true,"href":"https:\/\/www.generationsanstabac.org\/en\/wp-json\/wp\/v2\/media\/12008"}],"wp:attachment":[{"href":"https:\/\/www.generationsanstabac.org\/en\/wp-json\/wp\/v2\/media?parent=21391"}],"wp:term":[{"taxonomy":"post_tag","embeddable":true,"href":"https:\/\/www.generationsanstabac.org\/en\/wp-json\/wp\/v2\/tags?post=21391"},{"taxonomy":"thematique","embeddable":true,"href":"https:\/\/www.generationsanstabac.org\/en\/wp-json\/wp\/v2\/thematique?post=21391"}],"curies":[{"name":"wp","href":"https:\/\/api.w.org\/{rel}","templated":true}]}}