{"id":21383,"date":"2024-03-14T09:00:06","date_gmt":"2024-03-14T08:00:06","guid":{"rendered":"https:\/\/www.generationsanstabac.org\/actualites\/suisse-des-achats-tests-pour-controler-leffectivite-de-linterdiction-de-vente-de-tabac-aux-mineurs\/"},"modified":"2024-03-14T09:00:06","modified_gmt":"2024-03-14T08:00:06","slug":"suisse-des-achats-tests-pour-controler-leffectivite-de-linterdiction-de-vente-de-tabac-aux-mineurs","status":"publish","type":"actualites","link":"https:\/\/www.generationsanstabac.org\/en\/actualites\/suisse-des-achats-tests-pour-controler-leffectivite-de-linterdiction-de-vente-de-tabac-aux-mineurs\/","title":{"rendered":"Switzerland: \u201cTest purchases\u201d to monitor the effectiveness of the ban on tobacco sales to minors"},"content":{"rendered":"<p style=\"text-align: justify;\"><em>Les \u00ab achats-tests \u00bb, \u00e9quivalents des visites de clients-myst\u00e8res, conduits dans le canton de Valais en Suisse ont montr\u00e9 que, malgr\u00e9 les signal\u00e9tiques d\u2019avertissements concernant l\u2019interdiction de vente aux mineurs, un vendeur sur sept accepte de vendre des produits du tabac ou de l\u2019alcool \u00e0 des mineurs. Les contr\u00f4les d\u2019une pi\u00e8ce d\u2019identit\u00e9 ne sont r\u00e9alis\u00e9s que dans deux cas sur trois pour la vente de produits du tabac, et dans un peu plus de la moiti\u00e9 des cas pour la vente d\u2019alcool.<\/em><\/p>\n<p style=\"text-align: justify;\">Apr\u00e8s une op\u00e9ration du m\u00eame type dans le <a href=\"https:\/\/www.generationsanstabac.org\/actualites\/canton-de-vaud-30-des-debits-vendent-du-tabac-aux-mineurs\/\">canton de Vaud<\/a>, le canton de Valais d\u00e9ploie aujourd\u2019hui la politique des \u00ab achats-tests \u00bb. Con\u00e7us sur le principe des clients-myst\u00e8res, ces achats-tests font intervenir des mineurs pour tester si les vendeurs de produits du tabac ou d\u2019alcool respectent bien la l\u00e9gislation interdisant la vente de ces produits aux mineurs.<\/p>\n<h2 style=\"text-align: justify;\"><strong>Un commerce sur sept vend du tabac ou de l\u2019alcool aux mineurs <\/strong><\/h2>\n<p style=\"text-align: justify;\">Dans le canton de Valais, les magasins qui vendent ces produits avaient d\u2019abord re\u00e7u un courrier leur rappelant les termes de la loi et les informant de la p\u00e9riode de possibles contr\u00f4les<a href=\"#_ftn1\" name=\"_ftnref1\">[1]<\/a>. Les policiers municipaux \u00e9taient \u00e9galement pass\u00e9s dans ces magasins pour rappeler la r\u00e9glementation et donner une carte rappelant l\u2019\u00e2ge l\u00e9gal de vente pour le tabac et l\u2019alcool. L\u2019objectif n\u2019\u00e9tait donc pas de pi\u00e9ger les vendeurs mais de les informer en amont des enjeux de la mesure d\u2019interdiction de vente et des modalit\u00e9s de son application.<\/p>\n<p style=\"text-align: justify;\">96 achats-tests de ce type ont \u00e9t\u00e9 conduits dans quatre vall\u00e9es de ce canton en 2023 par l\u2019association Promotion sant\u00e9 Valais (PSV)<a href=\"#_ftn2\" name=\"_ftnref2\">[2]<\/a>. 57 contr\u00f4les ont \u00e9t\u00e9 effectu\u00e9s pour les produits du tabac et de vapotage et 39 l\u2019ont \u00e9t\u00e9 pour les boissons distill\u00e9es, qui sont proscrites \u00e0 la vente aux moins de 18 ans. Quatre autres vall\u00e9es devraient faire l\u2019objet de tels contr\u00f4les en 2024, l\u2019ensemble du canton devant \u00eatre couvert d\u2019ici la fin 2025.<\/p>\n<p style=\"text-align: justify;\">Les r\u00e9sultats des achats-tests conduits en 2023 montrent que 84 % des magasins avaient respect\u00e9 l\u2019interdiction de vendre des produits du tabac et de vapotage aux mineurs, et 85 % celle de la vente d\u2019alcool. Un vendeur sur sept \u00e9tait en infraction lors de ces contr\u00f4les, dont l\u2019existence avait fait l\u2019objet d\u2019une information pr\u00e9alable. Ce chiffre est donc probablement sous-\u00e9valu\u00e9.<\/p>\n<p style=\"text-align: justify;\">Le contr\u00f4le d\u2019une pi\u00e8ce d\u2019identit\u00e9 est moins souvent effectu\u00e9, m\u00eame lorsque la vente est refus\u00e9e. 68 % des vendeurs avaient en effet demand\u00e9 une pi\u00e8ce d\u2019identit\u00e9 pour l\u2019achat de produits du tabac et du vapotage, ce taux baissant \u00e0 56 % pour les alcools distill\u00e9s.<\/p>\n<h2 style=\"text-align: justify;\"><strong>Des contr\u00f4les non suivis de sanctions <\/strong><\/h2>\n<p style=\"text-align: justify;\">Selon S\u00e9bastien Blanchard, responsable de projets \u00e0 PSV, le nombre de ventes aux mineurs observ\u00e9 r\u00e9sulte essentiellement de l\u2019absence de demande aux jeunes d\u2019une pi\u00e8ce d&rsquo;identit\u00e9. Il souhaiterait que soient r\u00e9alis\u00e9s <em>\u00ab des contr\u00f4les plus syst\u00e9matiques pour prot\u00e9ger la jeunesse \u00bb<\/em><a href=\"#_ftn3\" name=\"_ftnref3\">[3]<\/a>.<\/p>\n<p style=\"text-align: justify;\">Aucune sanction n\u2019a \u00e9t\u00e9 prise contre les vendeurs pris en infraction ; ceux-ci ont simplement \u00e9t\u00e9 signal\u00e9s \u00e0 leur commune et \u00e0 la police locale, qui devraient ensuite leur rappeler les bonnes pratiques en mati\u00e8re de vente aux mineurs. Les enseignements de la litt\u00e9rature internationale dans le domaine conditionnent pourtant l\u2019effectivit\u00e9 et l\u2019efficacit\u00e9 de la mesure \u00e0 la r\u00e9alisation non seulement de contr\u00f4les, mais \u00e9galement de sanctions dissuasives assorties<a href=\"#_ftn4\" name=\"_ftnref4\">[4]<\/a>.<\/p>\n<p style=\"text-align: justify;\"><strong>Mots-cl\u00e9s : Suisse, Promotion sant\u00e9 Valais, achats-tests, vente aux mineurs<\/strong><\/p>\n<p style=\"text-align: left;\"><strong><a href=\"https:\/\/www.generationsanstabac.org\/\">\u00a9G\u00e9n\u00e9ration Sans Tabac<\/a><\/strong><\/p>\n<p style=\"text-align: right;\"><b><i>MF<\/i><\/b><\/p>\n<hr \/>\n<p style=\"text-align: justify;\"><a href=\"#_ftnref1\" name=\"_ftn1\">[1]<\/a> Gabbud J-Y, <a href=\"https:\/\/www.lenouvelliste.ch\/valais\/valais-1-commerce-sur-7-vend-de-lalcool-et-du-tabac-a-des-mineurs-1366354\"><em>Valais: 1 commerce sur 7 vend de l\u2019alcool et du tabac \u00e0 des mineurs<\/em><\/a>, Le Nouvelliste, publi\u00e9 le 22 f\u00e9vrier 2024, consult\u00e9 le 23 f\u00e9vrier 2024.<\/p>\n<p style=\"text-align: justify;\"><a href=\"#_ftnref2\" name=\"_ftn2\">[2]<\/a> <a href=\"https:\/\/www.promotionsantevalais.ch\/fr\/achats-tests-alcool-produits-nicotines-4284.html\"><em>Achats tests d&rsquo;alcool et de produits nicotin\u00e9s<\/em><\/a>, Promotion sant\u00e9 Valais, publi\u00e9 le 22 f\u00e9vrier 2024, consult\u00e9 le 23 f\u00e9vrier 2024.<\/p>\n<p style=\"text-align: justify;\"><a href=\"#_ftnref3\" name=\"_ftn3\">[3]<\/a> Terrettaz N, <a href=\"https:\/\/www.rhonefm.ch\/valais\/vente-d-alcool-et-de-tabac-aux-mineurs--le-controle-de-l-age-reste-insuffisant-318674\"><em>Vente d&rsquo;alcool et de tabac aux mineurs : le contr\u00f4le de l&rsquo;\u00e2ge reste insuffisant<\/em><\/a>, Rh\u00f4ne FM, mis \u00e0 jour le 23 f\u00e9vrier 2024, consult\u00e9 le jour m\u00eame.<\/p>\n<p style=\"text-align: justify;\"><a href=\"#_ftnref4\" name=\"_ftn4\">[4]<\/a> Elharrar X, B\u00e9guinot E, Gallopel-Morvan K, Ben Lakhdar C, Martinet Y, <a href=\"https:\/\/www.larevuedupraticien.fr\/article\/pour-quacheter-du-tabac-ne-soit-plus-un-jeu-denfant\"><em>Pour qu\u2019acheter du tabac ne soit plus un jeu d\u2019enfant !<\/em><\/a>, La Revue du praticien, Vol. 70, f\u00e9vrier 2020.<\/p>\n<p><span style=\"color: #999999;\"><strong><a style=\"color: #999999;\" href=\"http:\/\/www.cnct.fr\/\" target=\"_blank\" rel=\"noopener noreferrer\">Comit\u00e9 national contre le tabagisme |<\/a><\/strong><\/span><\/p>\n","protected":false},"excerpt":{"rendered":"<p>&quot;Test purchases&quot;, equivalent to mystery shopping visits, conducted in the canton of Valais in Switzerland have shown that, despite warning signs about the ban on sales to minors, one in seven sellers agrees to sell tobacco or alcohol products to minors. Identity checks are carried out in only two out of three cases for the sale of tobacco products, and in just over half of cases for the sale of alcohol.<\/p>","protected":false},"featured_media":11996,"template":"","tags":[],"thematique":[502],"class_list":["post-21383","actualites","type-actualites","status-publish","has-post-thumbnail","hentry","thematique-justice"],"acf":[],"_links":{"self":[{"href":"https:\/\/www.generationsanstabac.org\/en\/wp-json\/wp\/v2\/actualites\/21383","targetHints":{"allow":["GET"]}}],"collection":[{"href":"https:\/\/www.generationsanstabac.org\/en\/wp-json\/wp\/v2\/actualites"}],"about":[{"href":"https:\/\/www.generationsanstabac.org\/en\/wp-json\/wp\/v2\/types\/actualites"}],"version-history":[{"count":0,"href":"https:\/\/www.generationsanstabac.org\/en\/wp-json\/wp\/v2\/actualites\/21383\/revisions"}],"wp:featuredmedia":[{"embeddable":true,"href":"https:\/\/www.generationsanstabac.org\/en\/wp-json\/wp\/v2\/media\/11996"}],"wp:attachment":[{"href":"https:\/\/www.generationsanstabac.org\/en\/wp-json\/wp\/v2\/media?parent=21383"}],"wp:term":[{"taxonomy":"post_tag","embeddable":true,"href":"https:\/\/www.generationsanstabac.org\/en\/wp-json\/wp\/v2\/tags?post=21383"},{"taxonomy":"thematique","embeddable":true,"href":"https:\/\/www.generationsanstabac.org\/en\/wp-json\/wp\/v2\/thematique?post=21383"}],"curies":[{"name":"wp","href":"https:\/\/api.w.org\/{rel}","templated":true}]}}