{"id":21371,"date":"2024-03-03T09:00:01","date_gmt":"2024-03-03T08:00:01","guid":{"rendered":"https:\/\/www.generationsanstabac.org\/actualites\/etude-les-taxes-sur-le-tabac-et-la-convention-cadre-de-loms-sauvent-des-millions-de-vies\/"},"modified":"2024-03-03T09:00:01","modified_gmt":"2024-03-03T08:00:01","slug":"etude-les-taxes-sur-le-tabac-et-la-convention-cadre-de-loms-sauvent-des-millions-de-vies","status":"publish","type":"actualites","link":"https:\/\/www.generationsanstabac.org\/en\/actualites\/etude-les-taxes-sur-le-tabac-et-la-convention-cadre-de-loms-sauvent-des-millions-de-vies\/","title":{"rendered":"Study: Tobacco taxes and WHO FCTC save millions of lives"},"content":{"rendered":"<p style=\"text-align: justify;\"><em>Une \u00e9tude publi\u00e9e dans Nature montre que la ratification de la <a href=\"https:\/\/www.generationsanstabac.org\/application-de-la-cclat-par-les-parties\/\">Convention-cadre de l\u2019OMS pour la lutte antitabac (CCLAT)<\/a> s\u2019est traduite par une acc\u00e9l\u00e9ration du d\u00e9clin du tabagisme. Les pays ayant dans le m\u00eame temps mis en place des politiques fiscales actives sur les produits du tabac ont enregistr\u00e9 une diminution deux fois plus importante de la consommation tabagique. Les chercheurs soulignent l\u2019importance de la CCLAT et notamment de son outil fiscal pour sauver des dizaines de millions de vies. <\/em><\/p>\n<p style=\"text-align: justify;\">L\u2019\u00e9tude s\u2019est attach\u00e9e \u00e0 observer l\u2019\u00e9volution de la consommation tabagique aupr\u00e8s de 171 pays, les dix ans suivant leur ratification de la Convention-cadre. En particulier, les auteurs se sont int\u00e9ress\u00e9s \u00e0 deux cat\u00e9gories de population : les moins de 25 ans, pour examiner l\u2019\u00e9volution de leur pr\u00e9valence tabagique, et les 45-59 ans, pour d\u00e9terminer l\u2019\u00e9volution de leur taux d\u2019abandon tabagique<a href=\"#_ftn1\" name=\"_ftnref1\">[1]<\/a>.<\/p>\n<h2 style=\"text-align: justify;\"><strong>La ratification de la Convention-cadre de l&rsquo;OMS acc\u00e9l\u00e8re la diminution du tabagisme<\/strong><\/h2>\n<p style=\"text-align: justify;\">Les r\u00e9sultats montrent qu\u2019\u00e0 l\u2019\u00e9chelle internationale, la pr\u00e9valence tabagique des moins de 25 ans a diminu\u00e9 de 0,8% par an suppl\u00e9mentaires, par rapport \u00e0 l\u2019\u00e9volution attendue si la CCLAT n\u2019avait pas \u00e9t\u00e9 ratifi\u00e9e. L\u2019effet de la ratification du trait\u00e9 semble d\u00e9multipli\u00e9 dans les pays \u00e0 faibles niveaux de revenus, qui ont vu la pr\u00e9valence reculer de 4% par an, en comparaison de la p\u00e9riode pr\u00e9-CCLAT. De la m\u00eame mani\u00e8re, le taux d\u2019abandon aupr\u00e8s des 45-59 ans a augment\u00e9 de 0,1% par an apr\u00e8s la ratification. Ce taux d\u2019abandon est toutefois le plus \u00e9lev\u00e9 dans les pays \u00e0 hauts niveaux de revenus.<\/p>\n<h2 style=\"text-align: justify;\"><strong>Une diminution de la pr\u00e9valence tabagique deux fois plus forte gr\u00e2ce \u00e0 la fiscalit\u00e9<\/strong><\/h2>\n<p style=\"text-align: justify;\">Les auteurs ont par ailleurs identifi\u00e9 23 pays class\u00e9s comme \u00e9tant \u00ab \u00e0 forte fiscalit\u00e9 \u00bb, c\u2019est-\u00e0-dire ceux dont la ratification de la CCLAT s\u2019est accompagn\u00e9e d\u2019une hausse de dix points de la part de la fiscalit\u00e9 sur le prix de vente du tabac. La pr\u00e9valence tabagique de ces pays a diminu\u00e9 \u00e0 un rythme annuel de 2,1% aupr\u00e8s des moins de 25 ans, soit une r\u00e9duction en moyenne deux fois plus forte que celles observ\u00e9es dans les pays ayant une faible taxation sur les produits du tabac. Aupr\u00e8s des 45-59 ans, le taux d\u2019abandon tabagique \u00e9tait de 0,5% par an dans les pays \u00e0 forte fiscalit\u00e9, contre -0,1% dans les pays \u00e0 faible fiscalit\u00e9.<\/p>\n<h2 style=\"text-align: justify;\"><strong>Des effets cumul\u00e9s apr\u00e8s dix ans de ratification de la CCLAT de l&rsquo;OMS<\/strong><\/h2>\n<p style=\"text-align: justify;\">Une d\u00e9cennie suivant la ratification de la Convention-cadre de l\u2019OMS pour la lutte antitabac, les pays ont une diminution suppl\u00e9mentaire de 7,5% de la pr\u00e9valence tabagique des moins de 25 ans, par rapport aux pr\u00e9visions attendues dans l\u2019hypoth\u00e8se o\u00f9 la CCLAT n\u2019aurait pas \u00e9t\u00e9 ratifi\u00e9e. L\u2019augmentation cumul\u00e9e mondiale du taux d\u2019abandon chez les 45-59 ans \u00e9tait de 1,8%. Ce diff\u00e9rentiel s\u2019accro\u00eet au sein des pays \u00e0 hauts niveaux de revenus, et dans les pays ayant une forte fiscalit\u00e9 sur les produits du tabac.<\/p>\n<h2 style=\"text-align: justify;\"><strong>Une r\u00e9duction consid\u00e9rable des cons\u00e9quences humaines du tabagisme<\/strong><\/h2>\n<p style=\"text-align: justify;\">En reportant ces chiffres de pr\u00e9valence sur le nombre r\u00e9els de fumeurs, l\u2019\u00e9tude permet de dire que la ratification de la Convention-cadre s\u2019est sold\u00e9e, en une d\u00e9cennie, par une diminution du nombre de 24 millions de fumeurs aupr\u00e8s de la population \u00e9tudi\u00e9e et \u00e2g\u00e9e de moins de 25 ans. En parall\u00e8le, les auteurs de l\u2019\u00e9tude soulignent que la Convention-cadre a permis d\u2019engendrer deux millions d\u2019arr\u00eat du tabac suppl\u00e9mentaires aupr\u00e8s des 45-59 ans. En d\u00e9finitive, en prenant en compte la diminution de la pr\u00e9valence tabagique chez les jeunes et l\u2019augmentation de la cessation, la ratification de la CCLAT pourrait sauver d\u2019une mortalit\u00e9 pr\u00e9matur\u00e9e 12 millions de vies suppl\u00e9mentaires, au sein de la population concern\u00e9e par cette \u00e9tude. Les pays \u00e0 forte fiscalit\u00e9 se limitant \u00e0 23 pays, les chercheurs estiment que si l\u2019ensemble des \u00c9tats observ\u00e9s avaient mis en place des politiques fiscales fortes en parall\u00e8le de la ratification de la CCLAT, 44 millions de jeunes de moins de 25 ans auraient \u00e9t\u00e9 non-fumeurs.<\/p>\n<p style=\"text-align: justify;\"><strong>Mots-cl\u00e9s : CCLAT, OMS, taxes<\/strong><\/p>\n<p style=\"text-align: justify;\"><strong><a href=\"https:\/\/www.generationsanstabac.org\/\">\u00a9G\u00e9n\u00e9ration Sans Tabac<\/a><\/strong><\/p>\n<p style=\"text-align: right;\"><em><strong>FT<\/strong><\/em><\/p>\n<hr \/>\n<p style=\"text-align: justify;\"><a href=\"#_ftnref1\" name=\"_ftn1\">[1]<\/a> Paraje, G., Flores Mu\u00f1oz, M., Wu, D.C. <em>et al.<\/em> Reductions in smoking due to ratification of the Framework Convention for Tobacco Control in 171 countries. <em>Nat Med<\/em> (2024). https:\/\/doi.org\/10.1038\/s41591-024-02806-0<\/p>\n<p><span style=\"color: #999999;\"><strong><a style=\"color: #999999;\" href=\"http:\/\/www.cnct.fr\/\" target=\"_blank\" rel=\"noopener noreferrer\">Comit\u00e9 national contre le tabagisme |<\/a><\/strong><\/span><\/p>\n","protected":false},"excerpt":{"rendered":"<p>Une \u00e9tude publi\u00e9e dans Nature montre que la ratification de la Convention-cadre de l\u2019OMS pour la lutte antitabac (CCLAT) s\u2019est traduite par une acc\u00e9l\u00e9ration du d\u00e9clin du tabagisme. Les pays ayant dans le m\u00eame temps mis en place des politiques fiscales actives sur les produits du tabac ont enregistr\u00e9 une diminution deux fois plus importante [&hellip;]<\/p>\n","protected":false},"featured_media":11973,"template":"","tags":[],"thematique":[491],"class_list":["post-21371","actualites","type-actualites","status-publish","has-post-thumbnail","hentry","thematique-politiques-publiques"],"acf":[],"_links":{"self":[{"href":"https:\/\/www.generationsanstabac.org\/en\/wp-json\/wp\/v2\/actualites\/21371","targetHints":{"allow":["GET"]}}],"collection":[{"href":"https:\/\/www.generationsanstabac.org\/en\/wp-json\/wp\/v2\/actualites"}],"about":[{"href":"https:\/\/www.generationsanstabac.org\/en\/wp-json\/wp\/v2\/types\/actualites"}],"version-history":[{"count":0,"href":"https:\/\/www.generationsanstabac.org\/en\/wp-json\/wp\/v2\/actualites\/21371\/revisions"}],"wp:featuredmedia":[{"embeddable":true,"href":"https:\/\/www.generationsanstabac.org\/en\/wp-json\/wp\/v2\/media\/11973"}],"wp:attachment":[{"href":"https:\/\/www.generationsanstabac.org\/en\/wp-json\/wp\/v2\/media?parent=21371"}],"wp:term":[{"taxonomy":"post_tag","embeddable":true,"href":"https:\/\/www.generationsanstabac.org\/en\/wp-json\/wp\/v2\/tags?post=21371"},{"taxonomy":"thematique","embeddable":true,"href":"https:\/\/www.generationsanstabac.org\/en\/wp-json\/wp\/v2\/thematique?post=21371"}],"curies":[{"name":"wp","href":"https:\/\/api.w.org\/{rel}","templated":true}]}}