{"id":21368,"date":"2024-03-01T09:00:14","date_gmt":"2024-03-01T08:00:14","guid":{"rendered":"https:\/\/www.generationsanstabac.org\/actualites\/ouganda-cherche-a-faire-respecter-linterdiction-de-fumer-dans-les-lieux-publics\/"},"modified":"2025-01-16T15:38:29","modified_gmt":"2025-01-16T14:38:29","slug":"ouganda-cherche-a-faire-respecter-linterdiction-de-fumer-dans-les-lieux-publics","status":"publish","type":"actualites","link":"https:\/\/www.generationsanstabac.org\/en\/actualites\/ouganda-cherche-a-faire-respecter-linterdiction-de-fumer-dans-les-lieux-publics\/","title":{"rendered":"Uganda seeks to enforce smoking ban in public places"},"content":{"rendered":"<p style=\"text-align: justify\"><em>Pour faire respecter l\u2019interdiction de fumer dans les lieux publics, le minist\u00e8re de la Sant\u00e9 ougandais a organis\u00e9 la formation de 172 agents sur ce th\u00e8me, dont 15 formateurs. Avec l\u2019aide de l\u2019Organisation Mondiale de la Sant\u00e9, l\u2019Ouganda s\u2019engage dans l\u2019application des textes protecteurs de l\u2019exposition au tabagisme passif, r\u00e9el probl\u00e8me de sant\u00e9 publique. <\/em><\/p>\n<p style=\"text-align: justify\">L\u2019Ouganda a ratifi\u00e9 la Convention-cadre pour la lutte antitabac (CCLAT) de l\u2019Organisation Mondiale de la Sant\u00e9 (OMS) en 2007, et a transpos\u00e9 diff\u00e9rentes mesures dans sa loi antitabac, adopt\u00e9e en 2015. L\u2019article 12 de cette derni\u00e8re interdit de fumer dans les lieux publics, les lieux de travail et les transports en commun, afin de prot\u00e9ger la population de l\u2019exposition \u00e0 la fum\u00e9e de tabac.<\/p>\n<p style=\"text-align: justify\">Comme dans d\u2019autres pays notamment africains, cette disposition reste cependant tr\u00e8s peu respect\u00e9e. La situation s\u2019est aggrav\u00e9e avec le d\u00e9veloppement r\u00e9cent des chichas (pipe \u00e0 eau) dans les lieux publics, malgr\u00e9 l\u2019interdiction de les importer et de les consommer. Avec le soutien financier de l\u2019OMS, le minist\u00e8re de la Sant\u00e9 ougandais a d\u00e9cid\u00e9 d\u2019appliquer les mesures de protection \u00e0 l\u2019\u00e9gard de ce tabagisme passif g\u00e9n\u00e9ral<a href=\"#_ftn1\" name=\"_ftnref1\">[1]<\/a>.<\/p>\n<h2 style=\"text-align: justify\"><strong>Des op\u00e9rations de contr\u00f4le conduites dans cinq villes <\/strong><\/h2>\n<p style=\"text-align: justify\">En 2022 et en 2023, 157 officiers de police et 15 de leurs formateurs nationaux ont \u00e9t\u00e9 form\u00e9s dans cinq r\u00e9gions, afin de faire respecter l\u2019interdiction de fumer dans les lieux publics. Ces formations ont \u00e9t\u00e9 suivies d\u2019op\u00e9rations de contr\u00f4le, d\u00e9ploy\u00e9es dans cinq villes du pays (Mbale, Jinja, Hoima, Masaka et Kabale).<\/p>\n<p style=\"text-align: justify\">Alliant des agents du minist\u00e8re de la Sant\u00e9, les forces de police locale et la presse, cinq journ\u00e9es de contr\u00f4le ont \u00e9t\u00e9 men\u00e9es sur ce th\u00e8me en d\u00e9cembre 2023. Elles ont permis d\u2019inspecter 86 lieux publics et ont occasionn\u00e9 l\u2019interpellation de 83 personnes, ainsi que la saisie et la destruction de plusieurs chichas. Depuis ces contr\u00f4les, il a \u00e9galement pu \u00eatre observ\u00e9, dans les h\u00f4tels, les restaurants, les bo\u00eetes de nuit et \u00e0 travers la ville, une multiplication des signal\u00e9tiques rappelant l\u2019interdiction de fumer.<\/p>\n<h2 style=\"text-align: justify\"><strong>Un avertissement destin\u00e9 au reste de l\u2019Ouganda <\/strong><\/h2>\n<p style=\"text-align: justify\">Ces d\u00e9monstrations de fermet\u00e9 conduites dans plusieurs villes avaient surtout une fonction \u00e9ducative, mais aussi d\u2019avertissement destin\u00e9 \u00e0 l\u2019ensemble du pays. Les autorit\u00e9s veulent montrer leur d\u00e9termination \u00e0 faire appliquer dor\u00e9navant la l\u00e9gislation contre l\u2019exposition au tabagisme passif, longtemps inobserv\u00e9e. Le renouvellement de ces exp\u00e9riences sera probablement n\u00e9cessaire pour veiller \u00e0 la pleine ex\u00e9cution de la l\u00e9gislation. Ces op\u00e9rations sont enfin une opportunit\u00e9 de signaler aux autres pays africains confront\u00e9s au m\u00eame probl\u00e8me qu\u2019il est toujours possible d\u2019agir pour combattre le tabagisme passif.<\/p>\n<p style=\"text-align: justify\">Selon l\u2019OMS, les jeunes sont les plus touch\u00e9s par l\u2019exposition au tabagisme passif en Ouganda. 19,7 % d\u2019entre eux sont ainsi expos\u00e9s \u00e0 la fum\u00e9e de tabac \u00e0 leur domicile, et 30 % le sont dans les lieux publics.<\/p>\n<p style=\"text-align: justify\"><strong>Mots-cl\u00e9s : Ouganda, Organisation Mondiale de la Sant\u00e9, tabagisme passif, chicha<\/strong><\/p>\n<p style=\"text-align: justify\"><strong><a href=\"https:\/\/www.generationsanstabac.org\/\">\u00a9G\u00e9n\u00e9ration Sans Tabac<\/a><\/strong><\/p>\n<p style=\"text-align: right\"><b><i>MF<\/i><\/b><\/p>\n<hr \/>\n<p style=\"text-align: justify\"><a href=\"#_ftnref1\" name=\"_ftn1\">[1]<\/a> <a href=\"https:\/\/www.afro.who.int\/countries\/uganda\/news\/uganda-steps-efforts-protect-public-secondhand-tobacco-smoke\"><em>Uganda steps up efforts to protect the public from secondhand tobacco smoke<\/em><\/a>, WHO, publi\u00e9 le 21 f\u00e9vrier 2024, consult\u00e9 le 23 f\u00e9vrier 2024.<\/p>\n<p><span style=\"color: #999999\"><strong><a style=\"color: #999999\" href=\"http:\/\/www.cnct.fr\/\" target=\"_blank\" rel=\"noopener noreferrer\">Comit\u00e9 national contre le tabagisme |<\/a><\/strong><\/span><\/p>\n","protected":false},"excerpt":{"rendered":"<p>To enforce the ban on smoking in public places, the Ugandan Ministry of Health has organized the training of 172 agents on this subject, including 15 trainers. With the help of the World Health Organization, Uganda is committed to the application of texts protecting against exposure to passive smoking, a real public health problem. <\/p>","protected":false},"featured_media":11970,"template":"","tags":[],"thematique":[502,491,565],"class_list":["post-21368","actualites","type-actualites","status-publish","has-post-thumbnail","hentry","thematique-justice","thematique-politiques-publiques","thematique-sensibilisation"],"acf":[],"_links":{"self":[{"href":"https:\/\/www.generationsanstabac.org\/en\/wp-json\/wp\/v2\/actualites\/21368","targetHints":{"allow":["GET"]}}],"collection":[{"href":"https:\/\/www.generationsanstabac.org\/en\/wp-json\/wp\/v2\/actualites"}],"about":[{"href":"https:\/\/www.generationsanstabac.org\/en\/wp-json\/wp\/v2\/types\/actualites"}],"version-history":[{"count":0,"href":"https:\/\/www.generationsanstabac.org\/en\/wp-json\/wp\/v2\/actualites\/21368\/revisions"}],"wp:featuredmedia":[{"embeddable":true,"href":"https:\/\/www.generationsanstabac.org\/en\/wp-json\/wp\/v2\/media\/11970"}],"wp:attachment":[{"href":"https:\/\/www.generationsanstabac.org\/en\/wp-json\/wp\/v2\/media?parent=21368"}],"wp:term":[{"taxonomy":"post_tag","embeddable":true,"href":"https:\/\/www.generationsanstabac.org\/en\/wp-json\/wp\/v2\/tags?post=21368"},{"taxonomy":"thematique","embeddable":true,"href":"https:\/\/www.generationsanstabac.org\/en\/wp-json\/wp\/v2\/thematique?post=21368"}],"curies":[{"name":"wp","href":"https:\/\/api.w.org\/{rel}","templated":true}]}}