{"id":21365,"date":"2024-02-27T09:00:08","date_gmt":"2024-02-27T08:00:08","guid":{"rendered":"https:\/\/www.generationsanstabac.org\/actualites\/retour-de-la-cigarette-a-la-fashion-week-de-new-york\/"},"modified":"2024-02-27T09:00:08","modified_gmt":"2024-02-27T08:00:08","slug":"retour-de-la-cigarette-a-la-fashion-week-de-new-york","status":"publish","type":"actualites","link":"https:\/\/www.generationsanstabac.org\/en\/actualites\/retour-de-la-cigarette-a-la-fashion-week-de-new-york\/","title":{"rendered":"Cigarettes Return to New York Fashion Week"},"content":{"rendered":"<p style=\"text-align: justify;\"><em>Deux cr\u00e9ateurs ont utilis\u00e9 la cigarette comme accessoire dans la mise en sc\u00e8ne de leurs d\u00e9fil\u00e9s, durant la derni\u00e8re Fashion Week de New York. Con\u00e7ue pour glamouriser et donner un air canaille aux mannequins, cette tactique contribue \u00e0 renormaliser le tabagisme et cible explicitement les femmes. <\/em><\/p>\n<p style=\"text-align: justify;\">Lors de la Fashion Week qui s\u2019est tenue du 9 au 14 f\u00e9vrier 2024 dans la ville de New York, certains mannequins des cr\u00e9ateurs Christian Cowan et LaQuan Smith tenaient \u00e0 la main une cigarette durant les d\u00e9fil\u00e9s. Cette pratique consistant \u00e0 associer le tabagisme et le secteur de la mode est ancienne, mais \u00e9tait devenu plus rare ces derni\u00e8res ann\u00e9es.<\/p>\n<h2 style=\"text-align: justify;\"><strong>Des mannequins, cigarette \u00e0 la main dans deux d\u00e9fil\u00e9s<\/strong><\/h2>\n<p style=\"text-align: justify;\">Chez Christian Cowan, pas moins de cinq mannequins se sont vus dot\u00e9s d\u2019une cigarette comme accessoire au cours de ces d\u00e9fil\u00e9s. Un verre de vin a \u00e9galement \u00e9t\u00e9 gliss\u00e9 dans la main de certains d\u2019entre eux. LaQuan Smith a utilis\u00e9 ce proc\u00e9d\u00e9 de la cigarette au moins une fois durant cette Fashion Week.<\/p>\n<p style=\"text-align: justify;\">Selon Ohad Seroya, directeur cr\u00e9atif de la marque Retrof\u00eate, le recours \u00e0 la cigarette permettrait de v\u00e9hiculer une image de \u00ab femme forte \u00bb ou de \u00ab femme Alpha \u00bb<a href=\"#_ftn1\" name=\"_ftnref1\">[1]<\/a>. Ce cr\u00e9ateur a ainsi justifi\u00e9 la pr\u00e9sence de volutes de fum\u00e9e comme motifs d\u2019ornement d\u2019un costume f\u00e9minin, contribuant ainsi renormaliser l\u2019usage du tabac. Bien qu\u2019ex-fumeur, Ohad Seroya a exprim\u00e9 aussi ses regrets sur la perte de la socialit\u00e9 d\u00e9velopp\u00e9e autour du tabagisme.<\/p>\n<p style=\"text-align: justify;\">Le recours \u00e0 la cigarette s\u2019appuierait sur la tendance actuelle sur les r\u00e9seaux sociaux \u00e0 valoriser les \u00ab femmes de mafieux \u00bb (<em>\u00ab mob wives \u00bb<\/em>), arborant les symboles du luxe tout en affirmant leur caract\u00e8re et en s\u2019affichant comme fumeuses<a href=\"#_ftn2\" name=\"_ftnref2\">[2]<\/a>. Cette tendance serait \u00e9galement renforc\u00e9e par des <a href=\"https:\/\/www.generationsanstabac.org\/actualites\/les-biopics-et-les-series-nouveaux-vecteurs-du-tabagisme-au-cinema\/\">s\u00e9ries t\u00e9l\u00e9vis\u00e9es<\/a> se situant dans les ann\u00e9es 1950 et 1960 et montrant de nombreuses sc\u00e8nes de tabagisme, comme <em>Feud : Capote vs The Swans<\/em> ou encore <em>Mad Men<\/em>.<\/p>\n<h2 style=\"text-align: justify;\"><strong>Glamourisation des produits du tabac <\/strong><\/h2>\n<p style=\"text-align: justify;\">L\u2019utilisation de l\u2019image de la cigarette dans le secteur de la mode daterait du d\u00e9but du XX\u00e8me si\u00e8cle. En d\u00e9veloppant sa capacit\u00e9 de production, l\u2019industrie du tabac a cherch\u00e9 \u00e0 \u00e9tendre son march\u00e9 \u00e0 travers la publicit\u00e9 et les op\u00e9rations promotionnelles<a href=\"#_ftn3\" name=\"_ftnref3\">[3]<\/a>. D\u2019abord cens\u00e9 \u00e9voquer l\u2019\u00e9l\u00e9gance, le tabac fut rapidement associ\u00e9 \u00e0 la sensualit\u00e9 dans les publicit\u00e9s et dans les films hollywoodiens. Le <a href=\"https:\/\/www.generationsanstabac.org\/article\/les-femmes-et-lindustrie-du-tabac\/\">ciblage des femmes<\/a> par les industriels a, de son c\u00f4t\u00e9, associ\u00e9 au tabagisme les id\u00e9es d\u2019ind\u00e9pendance, de s\u00e9duction et de minceur. Autant de ressorts qui sont r\u00e9guli\u00e8rement activ\u00e9s par les industriels, afin de donner aux produits du tabac, et notamment aux cigarettes, l\u2019image de produits \u00ab cool \u00bb. Pour y parvenir et faire du tabagisme une norme sociale, l\u2019industrie du tabac investit depuis longtemps dans les vecteurs d\u2019influence sociale que sont les secteurs de la mode, de la culture, du sport et aujourd\u2019hui des <a href=\"https:\/\/www.generationsanstabac.org\/actualites\/lindustrie-du-tabac-investit-massivement-les-reseaux-sociaux-pour-faire-de-la-publicite-et-diffuser-de-fausses-informations\/\">r\u00e9seaux sociaux<\/a>.<\/p>\n<p style=\"text-align: justify;\">Le <a href=\"https:\/\/www.generationsanstabac.org\/actualites\/en-indonesie-la-serie-cigarette-girl-glamourise-lindustrie-du-tabac\/\">glamour<\/a> associ\u00e9 au tabac et \u00e0 la fum\u00e9e n\u2019\u00e9voque jamais les cons\u00e9quences sanitaires du tabagisme repr\u00e9sent\u00e9es \u00e0 travers les avertissements sanitaires, rappelant notamment que le tabac tue un consommateur sur deux. Aux nombreuses pathologies caus\u00e9es par le tabac, s\u2019ajoutent les cons\u00e9quences sur le vieillissement pr\u00e9matur\u00e9 de la peau, le vieillissement hormonal, les cheveux ou l\u2019apparition de kystes, tr\u00e8s \u00e9loign\u00e9s du monde de la beaut\u00e9<a href=\"#_ftn4\" name=\"_ftnref4\">[4]<\/a>.<\/p>\n<p style=\"text-align: justify;\"><strong>Mots-cl\u00e9s : mode, Christian Cowan, LaQuan Smith, New York Fashion Week, glamour<\/strong><\/p>\n<p style=\"text-align: justify;\"><strong><a href=\"https:\/\/www.generationsanstabac.org\/\">\u00a9G\u00e9n\u00e9ration Sans Tabac<\/a><\/strong><\/p>\n<p style=\"text-align: right;\"><b><i>MF<\/i><\/b><\/p>\n<hr \/>\n<p style=\"text-align: justify;\"><a href=\"#_ftnref1\" name=\"_ftn1\">[1]<\/a> Kato B, Steinberg B, <a href=\"https:\/\/nypost.com\/2024\/02\/16\/lifestyle\/experts-sound-alarm-as-cigarettes-become-a-trend-on-nyfw-runways\/\"><em>Is smoking stylish again? Experts sound alarm as cigarettes become a trend on NYFW runways<\/em><\/a>, New York Post, publi\u00e9 le 19 f\u00e9vrier 2024, consult\u00e9 le 21 f\u00e9vrier 2024<strong>.<\/strong><\/p>\n<p style=\"text-align: justify;\"><a href=\"#_ftnref2\" name=\"_ftn2\">[2]<\/a> Renard S, <a href=\"https:\/\/madame.lefigaro.fr\/style\/news\/la-cigarette-un-accessoire-qui-derange-sur-les-podiums-de-la-fashion-week-de-new-york-20240219\"><em>La cigarette, un accessoire qui d\u00e9range sur les podiums de la Fashion Week de New York<\/em><\/a>, Le Figaro, publi\u00e9 le 19 f\u00e9vrier 2024, consult\u00e9 le 21 f\u00e9vrier 2024.<\/p>\n<p style=\"text-align: justify;\"><a href=\"#_ftnref3\" name=\"_ftn3\">[3]<\/a> Proctor R, Golden Holocaust, <em>La conspiration des industriels du tabac<\/em>, Paris, Ed. Equateurs, 2014.<\/p>\n<p style=\"text-align: justify;\"><a href=\"#_ftnref4\" name=\"_ftn4\">[4]<\/a> <a href=\"https:\/\/www.syndicatdermatos.org\/peau-et-tabac\/\"><em>Peau et tabac, le dermatologue vous informe<\/em><\/a>, Syndicat National des Dermatologues-V\u00e9n\u00e9r\u00e9ologues, consult\u00e9 le 21 f\u00e9vrier 2024.<\/p>\n<p><span style=\"color: #999999;\"><strong><a style=\"color: #999999;\" href=\"http:\/\/www.cnct.fr\/\" target=\"_blank\" rel=\"noopener noreferrer\">Comit\u00e9 national contre le tabagisme |<\/a><\/strong><\/span><\/p>\n","protected":false},"excerpt":{"rendered":"<p>Two designers used cigarettes as props in their runway shows during New York Fashion Week. Designed to glamorize and make models look naughty, the tactic helps renormalize smoking and explicitly targets women.<\/p>","protected":false},"featured_media":11964,"template":"","tags":[],"thematique":[507],"class_list":["post-21365","actualites","type-actualites","status-publish","has-post-thumbnail","hentry","thematique-marketing-publicite"],"acf":[],"_links":{"self":[{"href":"https:\/\/www.generationsanstabac.org\/en\/wp-json\/wp\/v2\/actualites\/21365","targetHints":{"allow":["GET"]}}],"collection":[{"href":"https:\/\/www.generationsanstabac.org\/en\/wp-json\/wp\/v2\/actualites"}],"about":[{"href":"https:\/\/www.generationsanstabac.org\/en\/wp-json\/wp\/v2\/types\/actualites"}],"version-history":[{"count":0,"href":"https:\/\/www.generationsanstabac.org\/en\/wp-json\/wp\/v2\/actualites\/21365\/revisions"}],"wp:featuredmedia":[{"embeddable":true,"href":"https:\/\/www.generationsanstabac.org\/en\/wp-json\/wp\/v2\/media\/11964"}],"wp:attachment":[{"href":"https:\/\/www.generationsanstabac.org\/en\/wp-json\/wp\/v2\/media?parent=21365"}],"wp:term":[{"taxonomy":"post_tag","embeddable":true,"href":"https:\/\/www.generationsanstabac.org\/en\/wp-json\/wp\/v2\/tags?post=21365"},{"taxonomy":"thematique","embeddable":true,"href":"https:\/\/www.generationsanstabac.org\/en\/wp-json\/wp\/v2\/thematique?post=21365"}],"curies":[{"name":"wp","href":"https:\/\/api.w.org\/{rel}","templated":true}]}}