{"id":21348,"date":"2024-02-08T09:00:44","date_gmt":"2024-02-08T08:00:44","guid":{"rendered":"https:\/\/www.generationsanstabac.org\/actualites\/ouverture-de-la-dixieme-session-de-la-conference-des-parties-pour-la-lutte-antitabac\/"},"modified":"2024-02-08T09:00:44","modified_gmt":"2024-02-08T08:00:44","slug":"ouverture-de-la-dixieme-session-de-la-conference-des-parties-pour-la-lutte-antitabac","status":"publish","type":"actualites","link":"https:\/\/www.generationsanstabac.org\/en\/actualites\/ouverture-de-la-dixieme-session-de-la-conference-des-parties-pour-la-lutte-antitabac\/","title":{"rendered":"Opening of the tenth session of the Conference of the Parties on Tobacco Control"},"content":{"rendered":"<p style=\"text-align: justify;\"><em>La dixi\u00e8me session de la Conf\u00e9rence des parties de la Convention-cadre pour la lutte antitabac se tient du 5 au 10 f\u00e9vrier 2024 au Panama. Publicit\u00e9, r\u00e9glementation des produits, droits humains, environnement, m\u00e9canismes de mise en \u0153uvre du trait\u00e9 comptent parmi un ordre du jour charg\u00e9. L\u2019industrie du tabac, exclue du trait\u00e9, essaie n\u00e9anmoins d\u2019influencer le processus de n\u00e9gociations en sa faveur.<\/em><\/p>\n<p style=\"text-align: justify;\">La Convention-cadre pour la lutte antitabac (<a href=\"https:\/\/iris.who.int\/bitstream\/handle\/10665\/42812\/9242591017.pdf\">CCLAT<\/a>), ratifi\u00e9e par 182 pays (parties) et par l\u2019Union Europ\u00e9enne, est le premier trait\u00e9 international de sant\u00e9 \u00e9labor\u00e9 sous l\u2019\u00e9gide de l\u2019OMS. Elle vise \u00e0 fournir aux parties une strat\u00e9gie articul\u00e9e et des outils pour prot\u00e9ger les populations des cons\u00e9quences de la consommation de tabac sur le plan sanitaire, social et environnemental.<\/p>\n<p style=\"text-align: justify;\">Entr\u00e9 en vigueur en 2005, l\u2019organe d\u00e9cisionnaire du trait\u00e9, la Conf\u00e9rence des Parties (COP) se r\u00e9unit tous les deux ans pour veiller \u00e0 sa mise en \u0153uvre, \u00e0 son effectivit\u00e9 et \u00e0 son adaptation. Cette 10<sup>\u00e8me<\/sup> session de la COP (COP10), qui est donc une \u00e9manation des pays parties, se tient au Panama du 5 au 10 f\u00e9vrier 2024<a href=\"#_ftn1\" name=\"_ftnref1\">[1]<\/a>.<\/p>\n<h2 style=\"text-align: justify;\"><strong>Un ordre du jour cons\u00e9quent <\/strong><\/h2>\n<p style=\"text-align: justify;\">La pr\u00e9c\u00e9dente session de la COP s\u2019\u00e9tait tenue en virtuel en raison de la situation sanitaire li\u00e9e au Covid et un grand nombre points de l\u2019ordre du jour avait alors \u00e9t\u00e9 report\u00e9s pour discussion \u00e0 la pr\u00e9sente session.<\/p>\n<p style=\"text-align: justify;\">Plusieurs d\u00e9cisions concernent des th\u00e9matiques importantes du trait\u00e9. Elles portent notamment sur la r\u00e9glementation des produits du tabac, et incluent des mesures visant \u00e0 compl\u00e9ter l\u2019arsenal pratique pour lutter contre les publicit\u00e9s et les promotions via les nouveaux moyens de communication, comme les r\u00e9seaux sociaux. La question de la responsabilit\u00e9 de l\u2019industrie du tabac dans l\u2019\u00e9pid\u00e9mie tabagique fait partie des dispositions du trait\u00e9 et demeure encore un champ \u00e0 d\u00e9velopper.<\/p>\n<p style=\"text-align: justify;\">Le trait\u00e9 lui-m\u00eame a pr\u00e9vu que les pays adoptent des dispositions compl\u00e9mentaires \u00e0 la convention, sur la base de l\u2019\u00e9volution des connaissances et de l\u2019\u00e9pid\u00e9mie. Toute la r\u00e9flexion sur la perspective d\u2019une g\u00e9n\u00e9ration sans tabac et la sortie du tabac de la soci\u00e9t\u00e9 s\u2019inscrit dans cette perspective. La mise en \u0153uvre du trait\u00e9 de la CCLAT s\u2019int\u00e8gre \u00e9galement dans le cadre d\u2019autres trait\u00e9s internationaux existants ou en n\u00e9gociations. C\u2019est tout particuli\u00e8rement le cas pour les conventions relatives aux droits humains, th\u00e9matique \u00e9galement \u00e0 l\u2019ordre du jour, ainsi que les probl\u00e9matiques environnementales.<\/p>\n<p style=\"text-align: justify;\">L\u2019une des caract\u00e9ristiques de ce trait\u00e9 est l\u2019exclusion de l\u2019industrie du tabac, consid\u00e9rant que les objectifs de cette industrie et ceux de la sant\u00e9 publique sont inconciliables.<\/p>\n<h2 style=\"text-align: justify;\"><strong>La CCLAT et l\u2019OMS, cibles des industriels <\/strong><\/h2>\n<p style=\"text-align: justify;\">Le sujet des produits \u00e9mergents est l\u2019un de ceux qui devrait susciter le plus de d\u00e9bats. Confront\u00e9s \u00e0 la r\u00e9gression du tabagisme au niveau mondial, les industriels du tabac cherchent en effet \u00e0 promouvoir leurs nouveaux produits (tabac chauff\u00e9, cigarettes \u00e9lectroniques \u00e0 syst\u00e8me ferm\u00e9, sachets de nicotine) comme des solutions \u00e0 l\u2019\u00e9pid\u00e9mie de tabagisme et veulent faire pression sur les d\u00e9cisions \u00e0 venir.<\/p>\n<p style=\"text-align: justify;\">Si les dispositifs de tabac chauff\u00e9 et les sachets de nicotine sont essentiellement soutenus par les multinationales du tabac, la question de cigarettes \u00e9lectroniques est plus complexe. Comme l\u2019OMS, les acteurs antitabac mettent en avant le manque de recul sur les cons\u00e9quences \u00e0 long terme du vapotage. Le lobbying en faveur du vapotage rassemble de son c\u00f4t\u00e9 une coalition plus h\u00e9t\u00e9roclite, ainsi que le souligne Tom Gatehouse, chercheur \u00e0 l\u2019Universit\u00e9 de Bath au sein du groupe Tobacco Tactics<a href=\"#_ftn2\" name=\"_ftnref2\">[2]<\/a>. On y trouve ainsi les industriels du tabac et les acteurs du vapotage<a href=\"#_ftn3\" name=\"_ftnref3\">[3]<\/a> (revendeurs, industriels), dont les int\u00e9r\u00eats peuvent \u00eatre divergents, mais qui cherchent par leurs actions de lobbying \u00e0 s\u2019inviter \u00e0 nouveau \u00e0 la table des n\u00e9gociations. Des groupes affirmant repr\u00e9senter les vapoteurs, comme l\u2019International Network of Nicotine Consumer Organisations (INNCO)<a href=\"#_ftn4\" name=\"_ftnref4\">[4]<\/a>, sont pour leur part surtout financ\u00e9s par l\u2019industrie du tabac.<\/p>\n<p style=\"text-align: justify;\">Cette coalition cherche \u00e0 contrer la CCLAT et l\u2019OMS, per\u00e7ues comme <em>\u00ab prohibitionniste \u00bb car <\/em>peu r\u00e9ceptives aux cigarettes \u00e9lectroniques. La d\u00e9stabilisation de la COP10 est m\u00eame l\u2019un des objectifs affich\u00e9s en interne par certains cigarettiers : en septembre 2023, Gr\u00e9goire Verdeaux, vice-pr\u00e9sident senior des affaires ext\u00e9rieures de Philip Morris International (PMI), avait ainsi exhort\u00e9 ses collaborateurs \u00e0 <a href=\"https:\/\/www.generationsanstabac.org\/actualites\/philip-morris-campagne-lobby-oms-cop10-convention-cadre-nouveaux-produits-tabac-nicotine\/\">faire pression<\/a> sur les Etats-membres, en vue d\u2019assouplir les r\u00e9glementations sur le tabac chauff\u00e9 et les cigarettes \u00e9lectroniques. Comme pour d\u2019autres de ses \u00e9ditions, la COP10 s\u2019ouvre donc sur un arri\u00e8re-plan de lutte entre acteurs de sant\u00e9 et industriels du tabac et du vapotage.<\/p>\n<p style=\"text-align: justify;\"><strong>Mots-cl\u00e9s : Convention-cadre, Conf\u00e9rence des parties, Panama, industrie du tabac, vapotage<\/strong><\/p>\n<p style=\"text-align: justify;\"><strong><a href=\"https:\/\/www.generationsanstabac.org\/\">\u00a9G\u00e9n\u00e9ration Sans Tabac<\/a><\/strong><\/p>\n<p style=\"text-align: right;\"><strong><em>MF<\/em><\/strong><\/p>\n<hr \/>\n<p style=\"text-align: justify;\"><a href=\"#_ftnref1\" name=\"_ftn1\">[1]<\/a> Ferney J, <a href=\"https:\/\/www.la-croix.com\/france\/traite-mondial-anti-tabac-la-nouvelle-offensive-de-l-oms-contre-les-industriels-20240204\"><em>Trait\u00e9 mondial anti-tabac : la nouvelle offensive de l&rsquo;OMS contre les industriels<\/em><\/a>, La Croix, publi\u00e9 le 4 f\u00e9vrier 2024, consult\u00e9 le 5 f\u00e9vrier 2024.<\/p>\n<p style=\"text-align: justify;\"><a href=\"#_ftnref2\" name=\"_ftn2\">[2]<\/a> <a href=\"https:\/\/www.digitaljournal.com\/life\/the-fight-over-vaping-lobbyists-campaigners-clash-before-summit\/article\"><em>The fight over vaping: Lobbyists, campaigners clash before summit<\/em><\/a>, Digital Journal\/AFP, publi\u00e9 le 3 f\u00e9vrier 2024, consult\u00e9 le 5 f\u00e9vrier 2024.<\/p>\n<p style=\"text-align: justify;\"><a href=\"#_ftnref3\" name=\"_ftn3\">[3]<\/a> Garcia V, <a href=\"https:\/\/www.lexpress.fr\/sciences-sante\/sante\/pour-une-vape-libre-les-methodes-fumeuses-du-lobby-du-vapotage-DYOPL5SY7JGXPOCBSBXVJ3MX6U\/\"><em>\u00ab\u00a0Pour une vape libre !\u00a0\u00bb: les m\u00e9thodes fumeuses du lobby du vapotage<\/em><\/a>, L\u2019Express, publi\u00e9 le 14 novembre 2023, consult\u00e9 le 5 f\u00e9vrier 2024.<\/p>\n<p style=\"text-align: justify;\"><a href=\"#_ftnref4\" name=\"_ftn4\">[4]<\/a> <a href=\"https:\/\/tobaccotactics.org\/article\/international-network-of-nicotine-consumer-organisations-innco\/\"><em>International Network of Nicotine Consumer Organisations (INNCO)<\/em><\/a>, Tobacco Tactics, mis \u00e0 jour le 15 d\u00e9cembre 2023, consult\u00e9 le 5 f\u00e9vrier 2024.<\/p>\n<p style=\"text-align: justify;\"><span style=\"color: #999999;\"><strong><a style=\"color: #999999;\" href=\"http:\/\/www.cnct.fr\/\" target=\"_blank\" rel=\"noopener noreferrer\">Comit\u00e9 national contre le tabagisme |<\/a><\/strong><\/span><\/p>\n","protected":false},"excerpt":{"rendered":"<p>The tenth session of the Conference of the Parties to the Framework Convention on Tobacco Control will be held from 5 to 10 February 2024 in Panama. Advertising, product regulation, human rights, the environment, and treaty implementation mechanisms are all on the busy agenda. The tobacco industry, which is excluded from the treaty, is nevertheless trying to influence the negotiation process in its favour.<\/p>","protected":false},"featured_media":11943,"template":"","tags":[],"thematique":[491,474],"class_list":["post-21348","actualites","type-actualites","status-publish","has-post-thumbnail","hentry","thematique-politiques-publiques","thematique-sante"],"acf":[],"_links":{"self":[{"href":"https:\/\/www.generationsanstabac.org\/en\/wp-json\/wp\/v2\/actualites\/21348","targetHints":{"allow":["GET"]}}],"collection":[{"href":"https:\/\/www.generationsanstabac.org\/en\/wp-json\/wp\/v2\/actualites"}],"about":[{"href":"https:\/\/www.generationsanstabac.org\/en\/wp-json\/wp\/v2\/types\/actualites"}],"version-history":[{"count":0,"href":"https:\/\/www.generationsanstabac.org\/en\/wp-json\/wp\/v2\/actualites\/21348\/revisions"}],"wp:featuredmedia":[{"embeddable":true,"href":"https:\/\/www.generationsanstabac.org\/en\/wp-json\/wp\/v2\/media\/11943"}],"wp:attachment":[{"href":"https:\/\/www.generationsanstabac.org\/en\/wp-json\/wp\/v2\/media?parent=21348"}],"wp:term":[{"taxonomy":"post_tag","embeddable":true,"href":"https:\/\/www.generationsanstabac.org\/en\/wp-json\/wp\/v2\/tags?post=21348"},{"taxonomy":"thematique","embeddable":true,"href":"https:\/\/www.generationsanstabac.org\/en\/wp-json\/wp\/v2\/thematique?post=21348"}],"curies":[{"name":"wp","href":"https:\/\/api.w.org\/{rel}","templated":true}]}}