{"id":21342,"date":"2024-02-01T09:00:32","date_gmt":"2024-02-01T08:00:32","guid":{"rendered":"https:\/\/www.generationsanstabac.org\/actualites\/le-royaume-uni-presente-son-plan-pour-atteindre-une-generation-sans-tabac\/"},"modified":"2024-02-01T09:00:32","modified_gmt":"2024-02-01T08:00:32","slug":"le-royaume-uni-presente-son-plan-pour-atteindre-une-generation-sans-tabac","status":"publish","type":"actualites","link":"https:\/\/www.generationsanstabac.org\/en\/actualites\/le-royaume-uni-presente-son-plan-pour-atteindre-une-generation-sans-tabac\/","title":{"rendered":"UK sets out plan to achieve a smoke-free generation"},"content":{"rendered":"<p style=\"text-align: justify;\"><em>Le Royaume-Uni a pr\u00e9sent\u00e9 un plan de lutte contre le tabagisme et le vapotage, notamment chez les jeunes. Parmi les mesures-phares, les cigarettes \u00e9lectroniques jetables devraient \u00eatre interdites et les produits du vapotage plus strictement r\u00e9gul\u00e9s. L\u2019interdiction de la vente de tabac aux personnes n\u00e9es \u00e0 partir de 2009 est \u00e9galement confirm\u00e9e. <\/em><\/p>\n<p style=\"text-align: justify;\">Dans le prolongement des annonces faites \u00e0 l\u2019automne 2023, le gouvernement britannique a pr\u00e9sent\u00e9 le 29 janvier 2024 un train de mesures destin\u00e9es \u00e0 r\u00e9duire le tabagisme et le vapotage, afin de prot\u00e9ger la sant\u00e9 des jeunes<a href=\"#_ftn1\" name=\"_ftnref1\">[1]<\/a>. Si l\u2019interdiction des cigarettes \u00e9lectroniques \u00e0 usage unique (\u00ab puffs \u00bb) est la plus marquante, de nombreuses autres dispositions visent \u00e0 mieux encadrer le commerce des produits de vapotage. Le projet d\u2019une <a href=\"https:\/\/www.generationsanstabac.org\/actualites\/langleterre-veut-interdire-la-vente-de-cigarettes-aux-personnes-nees-apres-2009\/\">interdiction de vente<\/a> des produits du tabac \u00e0 toute personne n\u00e9e \u00e0 partir du 1er janvier 2009 est maintenu.<\/p>\n<p style=\"text-align: justify;\">Ces mesures devraient permettre d\u2019atteindre une g\u00e9n\u00e9ration sans tabac au Royaume-Uni, soit moins de 5 % de fumeurs dans la population en 2030. Elles seront soumises au Parlement d\u00e9but f\u00e9vrier, ce qui constituera leur seule fen\u00eatre l\u00e9gislative en cette fin de mandature. Un budget de 30 millions de livres (soit 35 millions d\u2019euros) est pr\u00e9vu annuellement pour permettre aux diverses agences gouvernementales de les appliquer.<\/p>\n<h2 style=\"text-align: justify;\"><strong>Des mesures plus restrictives pour encadrer les produits de vapotage<\/strong><\/h2>\n<p style=\"text-align: justify;\">Ces propositions font suite \u00e0 la consultation publique sur les produits de vapotage, conduite par le gouvernement entre octobre et d\u00e9cembre 2023. L\u2019interdiction des puffs, r\u00e9clam\u00e9es par de nombreux acteurs de sant\u00e9 en raison de leur ciblage des plus jeunes, devrait \u00eatre act\u00e9e. Elle devrait aussi en partie r\u00e9pondre \u00e0 l\u2019invasion de puffs de contrebande constat\u00e9e par les services des douanes, le nombre de saisies ayant plus que quadrupl\u00e9 en seulement un an : 4,54 millions de puffs ill\u00e9gales ont \u00e9t\u00e9 saisies entre janvier et octobre 2023, contre 988 064 en 2022 et 4430 en 2021<a href=\"#_ftn2\" name=\"_ftnref2\">[2]<\/a>. L\u2019interdiction des puffs r\u00e9pond aussi \u00e0 une pr\u00e9occupation environnementale ; 5 millions de puffs ont en effet \u00e9t\u00e9 jet\u00e9s chaque semaine, le plus souvent parmi les d\u00e9chets m\u00e9nagers, contre 1,4 millions en 2022<a href=\"#_ftn3\" name=\"_ftnref3\">[3]<\/a>. Plusieurs pays ont d\u00e9j\u00e0 adopt\u00e9 une mesure d\u2019interdiction similaire ou en pr\u00e9parent une, comme la France et la Belgique.<\/p>\n<p style=\"text-align: justify;\">Le plan d\u2019action pr\u00e9voit aussi d\u2019instaurer des emballages neutres pour les produits de vapotage, sur le mod\u00e8le de ce qui est d\u00e9j\u00e0 impos\u00e9 aux produits du tabac. Les \u00e9tals de produits de vapotage seront bient\u00f4t interdits et devront \u00eatre masqu\u00e9s \u00e0 la vue des clients. Le nombre d\u2019ar\u00f4mes autoris\u00e9s pour les e-liquides devrait \u00eatre r\u00e9duit \u00e0 quatre cat\u00e9gories ; l\u2019Organisation Mondiale de la Sant\u00e9 (OMS) pr\u00e9conise pour sa part d\u2019\u00e9liminer tous les ar\u00f4mes des e-liquides.<\/p>\n<p style=\"text-align: justify;\">En Angleterre et au Pays de Galles, les amendes en cas de vente de produits de vapotage \u00e0 des mineurs seront par ailleurs port\u00e9es \u00e0 2500 livres (soit 2925 euros). Les agents de contr\u00f4le du commerce sont invit\u00e9s \u00e0 verbaliser les infractions sur les lieux de vente. La vente de sachets de nicotine sera \u00e9galement interdite aux mineurs de 18 ans.<\/p>\n<h2 style=\"text-align: justify;\"><strong>Durcissement de ton du gouvernement sur les produits de vapotage<\/strong><\/h2>\n<p style=\"text-align: justify;\">Les acteurs de sant\u00e9 se sont f\u00e9licit\u00e9s des mesures annonc\u00e9es. Celles-ci reprennent certaines de leurs demandes <a href=\"https:\/\/www.generationsanstabac.org\/actualites\/angleterre-des-ong-appellent-a-renforcer-les-reglementations-sur-le-vapotage-pour-proteger-les-jeunes\/\">de longue date<\/a>, en particulier au sujet de l\u2019interdiction des puffs, de la limitation des ar\u00f4mes et de l\u2019interdiction g\u00e9n\u00e9rationnelle pour les produits du tabac. L\u2019industrie du tabac et du vapotage a accueilli ces annonces avec nettement plus de r\u00e9serves. Reprenant un argument ultra-lib\u00e9ral, l\u2019ancienne premi\u00e8re ministre Liz Truss, dont le gouvernement s\u2019\u00e9tait distingu\u00e9 par des positions pro-tabac, a de son c\u00f4t\u00e9 estim\u00e9 qu\u2019<em>\u00ab un gouvernement conservateur ne devrait pas chercher \u00e0 \u00e9tendre l\u2019Etat-nounou \u00bb<\/em><a href=\"#_ftn4\" name=\"_ftnref4\">[4]<\/a>.<\/p>\n<p style=\"text-align: justify;\">Ces derni\u00e8res ann\u00e9es, en privil\u00e9giant les cigarettes \u00e9lectroniques pour faciliter le sevrage tabagique, le Royaume-Uni avait <a href=\"https:\/\/www.generationsanstabac.org\/actualites\/royaume-uni-des-organisations-de-sante-pointent-linaction-du-gouvernement-face-au-vapotage-des-enfants\/\">rel\u00e2ch\u00e9 ses efforts<\/a> en mati\u00e8re de lutte contre le tabagisme. La pr\u00e9valence tabagique a cependant l\u00e9g\u00e8rement augment\u00e9 \u00e0 partir de 2019, une premi\u00e8re depuis plus de trente ans.<\/p>\n<p style=\"text-align: justify;\"><strong>Mots-cl\u00e9s : Royaume-Uni, cigarettes \u00e9lectroniques jetables, puffs, ar\u00f4mes, paquet neutre, \u00e9tals, g\u00e9n\u00e9ration sans tabac<\/strong><\/p>\n<p><strong><a href=\"https:\/\/www.generationsanstabac.org\/\">\u00a9G\u00e9n\u00e9ration Sans Tabac<\/a><\/strong><\/p>\n<p style=\"text-align: right;\"><b><i>MF<\/i><\/b><\/p>\n<hr \/>\n<p style=\"text-align: justify;\"><a href=\"#_ftnref1\" name=\"_ftn1\">[1]<\/a> <a href=\"https:\/\/www.gov.uk\/government\/news\/disposable-vapes-banned-to-protect-childrens-health\"><em>Disposable vapes banned to protect children&rsquo;s health<\/em><\/a>, UK Government, publi\u00e9 le 27 janvier 2024, consult\u00e9 le 29 janvier 2024.<\/p>\n<p style=\"text-align: justify;\"><a href=\"#_ftnref2\" name=\"_ftn2\">[2]<\/a> Rawlinson K, <a href=\"https:\/\/www.theguardian.com\/society\/2024\/jan\/27\/vapes-may-be-limited-to-four-flavours-in-drive-to-stop-uk-children-getting-hooked\"><em>Vapes may be limited to four flavours in drive to stop UK children getting hooked<\/em><\/a>, The Guardian, publi\u00e9 le 27 janvier 2024, consult\u00e9 le 29 janvier 2024.<\/p>\n<p style=\"text-align: justify;\"><a href=\"#_ftnref3\" name=\"_ftn3\">[3]<\/a> Hall R, <a href=\"https:\/\/www.theguardian.com\/society\/2024\/jan\/28\/disposable-vapes-ban-uk-curb-youth-vaping\"><em>Disposable vapes to be banned in UK as part of drive to curb youth vaping<\/em><\/a>, The Guardian, publi\u00e9 le 28 janvier 2024, consult\u00e9 le 29 janvier 2024.<\/p>\n<p style=\"text-align: justify;\"><a href=\"#_ftnref4\" name=\"_ftn4\">[4]<\/a> Parker G, Barnes O, <a href=\"https:\/\/www.ft.com\/content\/e27fc81b-ea1e-44fe-abe7-e208806127b5\"><em>UK to ban disposable vapes as Rishi Sunak warns of \u2018endemic\u2019 impact on youth<\/em><\/a>, Financial Times, publi\u00e9 le 28 janvier 2024, consult\u00e9 le 29 janvier 2024.<\/p>\n<p><span style=\"color: #999999;\"><strong><a style=\"color: #999999;\" href=\"http:\/\/www.cnct.fr\/\" target=\"_blank\" rel=\"noopener noreferrer\">Comit\u00e9 national contre le tabagisme |<\/a><\/strong><\/span><\/p>\n","protected":false},"excerpt":{"rendered":"<p>The British government has presented a plan to combat smoking and vaping, particularly among young people. Among the key measures, disposable e-cigarettes are to be banned and vaping products more strictly regulated. A ban on the sale of tobacco to people born in 2009 or later is also confirmed.<\/p>","protected":false},"featured_media":10379,"template":"","tags":[],"thematique":[491,474],"class_list":["post-21342","actualites","type-actualites","status-publish","has-post-thumbnail","hentry","thematique-politiques-publiques","thematique-sante"],"acf":[],"_links":{"self":[{"href":"https:\/\/www.generationsanstabac.org\/en\/wp-json\/wp\/v2\/actualites\/21342","targetHints":{"allow":["GET"]}}],"collection":[{"href":"https:\/\/www.generationsanstabac.org\/en\/wp-json\/wp\/v2\/actualites"}],"about":[{"href":"https:\/\/www.generationsanstabac.org\/en\/wp-json\/wp\/v2\/types\/actualites"}],"version-history":[{"count":0,"href":"https:\/\/www.generationsanstabac.org\/en\/wp-json\/wp\/v2\/actualites\/21342\/revisions"}],"wp:featuredmedia":[{"embeddable":true,"href":"https:\/\/www.generationsanstabac.org\/en\/wp-json\/wp\/v2\/media\/10379"}],"wp:attachment":[{"href":"https:\/\/www.generationsanstabac.org\/en\/wp-json\/wp\/v2\/media?parent=21342"}],"wp:term":[{"taxonomy":"post_tag","embeddable":true,"href":"https:\/\/www.generationsanstabac.org\/en\/wp-json\/wp\/v2\/tags?post=21342"},{"taxonomy":"thematique","embeddable":true,"href":"https:\/\/www.generationsanstabac.org\/en\/wp-json\/wp\/v2\/thematique?post=21342"}],"curies":[{"name":"wp","href":"https:\/\/api.w.org\/{rel}","templated":true}]}}