{"id":21318,"date":"2024-01-10T09:00:55","date_gmt":"2024-01-10T08:00:55","guid":{"rendered":"https:\/\/www.generationsanstabac.org\/actualites\/pourquoi-le-prix-du-paquet-augmente-plus-vite-en-corse\/"},"modified":"2024-01-10T09:00:55","modified_gmt":"2024-01-10T08:00:55","slug":"pourquoi-le-prix-du-paquet-augmente-plus-vite-en-corse","status":"publish","type":"actualites","link":"https:\/\/www.generationsanstabac.org\/en\/actualites\/pourquoi-le-prix-du-paquet-augmente-plus-vite-en-corse\/","title":{"rendered":"Why is the price of a package increasing faster in Corsica?"},"content":{"rendered":"<p style=\"text-align: justify;\"><em>Au 1<sup>er<\/sup> janvier, le prix du tabac en Corse a augment\u00e9 plus rapidement qu\u2019en France m\u00e9tropolitaine. Cette diff\u00e9rence s\u2019explique par le rattrapage fiscal de l\u2019\u00eele, dont les produits du tabac ont historiquement b\u00e9n\u00e9fici\u00e9 d\u2019abattements fiscaux. Alors que les objectifs de sant\u00e9 publique ont impos\u00e9 une harmonisation de la Corse sur la France m\u00e9tropolitaine, les buralistes demandent des d\u00e9lais suppl\u00e9mentaires dans la strat\u00e9gie d\u2019harmonisation.  <\/em><\/p>\n<p style=\"text-align: justify;\">En France m\u00e9tropolitaine, l\u2019augmentation d\u2019un paquet de vingt cigarettes au 1<sup>er<\/sup> janvier \u00e9tait comprise <a href=\"https:\/\/www.generationsanstabac.org\/actualites\/les-industriels-du-tabac-profitent-de-linflation-pour-augmenter-leurs-marges\/\">entre 50 centimes et un euro<\/a>, selon les marques. Cette hausse s\u2019explique d\u2019une part par l\u2019indexation de la fiscalit\u00e9 des produits du tabac \u00e0 l\u2019inflation, emp\u00eachant ainsi que le prix relatif du tabac diminue. D\u2019autre part, cette augmentation est due aux politiques tarifaires des fabricants, qui ont pour certains profit\u00e9 de l\u2019absence de politique fiscale pour augmenter leurs marges sur leurs produits. En Corse, cette augmentation est major\u00e9e, faisant passer le prix de 8,40 \u00e0 9,80 euros<a href=\"#_ftn1\" name=\"_ftnref1\">[1]<\/a>.<\/p>\n<h2 style=\"text-align: justify;\"><strong>Un statut fiscal d\u00e9rogatoire datant de Napol\u00e9on 1<sup>er<\/sup> <\/strong><\/h2>\n<p style=\"text-align: justify;\">Les diff\u00e9rences de prix du tabac entre la Corse et la France m\u00e9tropolitaine s\u2019expliquent par le statut fiscal d\u00e9rogatoire de l\u2019\u00cele, accord\u00e9e par un d\u00e9cret de Napol\u00e9on Bonaparte en 1811, instituant un prix du tabac 25% moins cher en Corse que dans l\u2019Hexagone. Un rapport de l\u2019Inspection g\u00e9n\u00e9rale des finances (IGF) de 2018 estimait que ce statut fiscal d\u00e9rogatoire entra\u00eenait un manque \u00e0 gagner annuel de 26 millions d\u2019euros<a href=\"#_ftn2\" name=\"_ftnref2\">[2]<\/a>. Ces abattements fiscaux sur le tabac, r\u00e9guli\u00e8rement pr\u00e9sent\u00e9s comme des \u00ab avantages \u00bb, ne sont toutefois pas sans cons\u00e9quences pour la sant\u00e9 publique de la Corse. En effet, dans son m\u00eame rapport, l\u2019IGF soulignait que \u00ab les d\u00e9c\u00e8s par cancer du poumon sont de 25,7 % plus importants en Corse qu\u2019en France continentale \u00bb. Pour ces raisons, apr\u00e8s plusieurs ann\u00e9es de discussions, la sp\u00e9cificit\u00e9 fiscale du tabac en Corse a \u00e9t\u00e9 remise en question par le Projet de loi de finances en 2020, \u00e9chelonnant un rattrapage fiscal progressif, visant \u00e0 une harmonisation tarifaire presque compl\u00e8te avec la France m\u00e9tropolitaine d\u2019ici 2025 (\u00e0 cette date, les prix sur l\u2019\u00cele seront encore 5% inf\u00e9rieurs \u00e0 ceux pratiqu\u00e9s en France continentale).<\/p>\n<h2 style=\"text-align: justify;\"><strong>La fin de cette exception m\u00e9contente les buralistes<\/strong><\/h2>\n<p style=\"text-align: justify;\">De leur c\u00f4t\u00e9, les buralistes ont affich\u00e9 leur m\u00e9contentement suite \u00e0 cette hausse intervenue au 1<sup>er<\/sup> janvier. Interview\u00e9 dans la presse, Jos\u00e9 Olivia, pr\u00e9sident des buralistes corses, a affirm\u00e9 que les d\u00e9bitants de tabac allaient \u00ab \u00e0 la catastrophe \u00bb, impactant l\u2019\u00e9quilibre \u00e9conomique de \u00ab 800 familles \u00bb. Le repr\u00e9sentant des buralistes a par ailleurs affirm\u00e9 avoir rencontr\u00e9 plusieurs parlementaires, afin d\u2019obtenir un moratoire sur la fiscalit\u00e9. Ces demandes de moratoire ou de d\u00e9lais suppl\u00e9mentaires sont r\u00e9guli\u00e8rement demand\u00e9s par plusieurs d\u00e9put\u00e9s, \u00e0 l\u2019instar de Michel Castellani, d\u00e9put\u00e9 Libert\u00e9s, Ind\u00e9pendants, Outre-mer et Territoires (LIOT) de la Haute-Corse, estimant avec les buralistes que le statut fiscal d\u00e9rogatoire de l\u2019\u00cele est un \u00ab avantage [\u2026] qui favorise l\u2019augmentation du volume des ventes durant les p\u00e9riodes touristiques \u00bb<a href=\"#_ftn3\" name=\"_ftnref3\">[3]<\/a>.<\/p>\n<p><strong>Mots-cl\u00e9s : Corse, fiscalit\u00e9<\/strong><\/p>\n<p><strong><a href=\"https:\/\/www.generationsanstabac.org\/\">\u00a9G\u00e9n\u00e9ration Sans Tabac<\/a><\/strong><\/p>\n<p style=\"text-align: right;\"><strong><em>FT<\/em><\/strong><\/p>\n<hr \/>\n<p style=\"text-align: justify;\"><a href=\"#_ftnref1\" name=\"_ftn1\">[1]<\/a> Capital, <a href=\"https:\/\/www.capital.fr\/economie-politique\/hausse-du-tabac-les-buralistes-corses-craignent-une-catastrophe-1489994\">Hausse du tabac : les buralistes corses craignent une \u00ab catastrophe \u00bb<\/a>, 07\/01\/2024, (consult\u00e9 le 08\/01\/2024)<\/p>\n<p style=\"text-align: justify;\"><a href=\"#_ftnref2\" name=\"_ftn2\">[2]<\/a> Inspection g\u00e9n\u00e9rale des finances (IGF), <a href=\"https:\/\/www.igf.finances.gouv.fr\/files\/live\/sites\/igf\/files\/contributed\/Rapports%20de%20mission\/2018\/Pour_une_%c3%a9conomie_corse_du_XXIe_si%c3%a8cle-propositions_et_orientations.pdf\">Pour une \u00e9conomie corse du XXIe si\u00e8cle : propositions et orientations<\/a>, 10\/2018, (consult\u00e9 le 08\/01\/2023)<\/p>\n<p style=\"text-align: justify;\"><a href=\"#_ftnref3\" name=\"_ftn3\">[3]<\/a> Assembl\u00e9e nationale, <a href=\"https:\/\/www.assemblee-nationale.fr\/dyn\/16\/amendements\/1680A\/AN\/3051\">Amendement n\u00b0I-30-51<\/a>, d\u00e9pos\u00e9 le 13\/10\/2023<\/p>\n<p><span style=\"color: #999999;\"><strong><a style=\"color: #999999;\" href=\"http:\/\/www.cnct.fr\/\" target=\"_blank\" rel=\"noopener noreferrer\">Comit\u00e9 national contre le tabagisme |<\/a><\/strong><\/span><\/p>\n","protected":false},"excerpt":{"rendered":"<p>Les diff\u00e9rences de prix du tabac entre la Corse et la France m\u00e9tropolitaine s\u2019expliquent par le statut fiscal d\u00e9rogatoire de l\u2019\u00cele, accord\u00e9e par un d\u00e9cret de Napol\u00e9on Bonaparte en 1811, instituant un prix du tabac 25% moins cher en Corse que dans l\u2019Hexagone. Un rapport de l\u2019Inspection g\u00e9n\u00e9rale des finances (IGF) de 2018 estimait que ce statut fiscal d\u00e9rogatoire entra\u00eenait un manque \u00e0 gagner annuel de 26 millions d\u2019euros[2]. Ces abattements fiscaux sur le tabac, r\u00e9guli\u00e8rement pr\u00e9sent\u00e9s comme des \u00ab avantages \u00bb, ne sont toutefois pas sans cons\u00e9quences pour la sant\u00e9 publique de la Corse. En effet, dans son m\u00eame rapport, l\u2019IGF soulignait que \u00ab les d\u00e9c\u00e8s par cancer du poumon sont de 25,7 % plus importants en Corse qu\u2019en France continentale \u00bb<\/p>\n","protected":false},"featured_media":11899,"template":"","tags":[],"thematique":[491],"class_list":["post-21318","actualites","type-actualites","status-publish","has-post-thumbnail","hentry","thematique-politiques-publiques"],"acf":[],"_links":{"self":[{"href":"https:\/\/www.generationsanstabac.org\/en\/wp-json\/wp\/v2\/actualites\/21318","targetHints":{"allow":["GET"]}}],"collection":[{"href":"https:\/\/www.generationsanstabac.org\/en\/wp-json\/wp\/v2\/actualites"}],"about":[{"href":"https:\/\/www.generationsanstabac.org\/en\/wp-json\/wp\/v2\/types\/actualites"}],"version-history":[{"count":0,"href":"https:\/\/www.generationsanstabac.org\/en\/wp-json\/wp\/v2\/actualites\/21318\/revisions"}],"wp:featuredmedia":[{"embeddable":true,"href":"https:\/\/www.generationsanstabac.org\/en\/wp-json\/wp\/v2\/media\/11899"}],"wp:attachment":[{"href":"https:\/\/www.generationsanstabac.org\/en\/wp-json\/wp\/v2\/media?parent=21318"}],"wp:term":[{"taxonomy":"post_tag","embeddable":true,"href":"https:\/\/www.generationsanstabac.org\/en\/wp-json\/wp\/v2\/tags?post=21318"},{"taxonomy":"thematique","embeddable":true,"href":"https:\/\/www.generationsanstabac.org\/en\/wp-json\/wp\/v2\/thematique?post=21318"}],"curies":[{"name":"wp","href":"https:\/\/api.w.org\/{rel}","templated":true}]}}