{"id":21289,"date":"2023-12-12T09:00:04","date_gmt":"2023-12-12T08:00:04","guid":{"rendered":"https:\/\/www.generationsanstabac.org\/actualites\/france-la-loi-interdisant-les-cigarettes-electroniques-jetables-adoptee-a-lunanimite\/"},"modified":"2023-12-12T09:00:04","modified_gmt":"2023-12-12T08:00:04","slug":"france-la-loi-interdisant-les-cigarettes-electroniques-jetables-adoptee-a-lunanimite","status":"publish","type":"actualites","link":"https:\/\/www.generationsanstabac.org\/en\/actualites\/france-la-loi-interdisant-les-cigarettes-electroniques-jetables-adoptee-a-lunanimite\/","title":{"rendered":"France: Law banning disposable electronic cigarettes adopted unanimously"},"content":{"rendered":"<p style=\"text-align: justify;\"><em>L\u2019Assembl\u00e9e nationale a adopt\u00e9 en premi\u00e8re lecture \u00e0 l\u2019unanimit\u00e9, lundi 4 d\u00e9cembre 2023, un projet de loi visant \u00e0 interdire les cigarettes \u00e9lectroniques \u00ab \u00e0 usage unique ou jetables \u00bb. Ce texte doit \u00e0 pr\u00e9sent \u00eatre adopt\u00e9 au S\u00e9nat, puis les textes d\u2019application r\u00e9glementaires \u00e9labor\u00e9s ; le dispositif global devrait \u00eatre notifi\u00e9 \u00e0 la Commission Europ\u00e9enne.<\/em><\/p>\n<p style=\"text-align: justify;\">Six jours apr\u00e8s <a href=\"https:\/\/www.generationsanstabac.org\/actualites\/france-nouveau-plan-antitabac-seduit-pas-pleinement-associations\/\">la publication<\/a> du Programme national de lutte contre le tabac (PNLT), l\u2019une de ses mesures-phares a \u00e9t\u00e9 pr\u00e9sent\u00e9e en proc\u00e9dure acc\u00e9l\u00e9r\u00e9e \u00e0 l\u2019Assembl\u00e9e nationale le lundi 4 d\u00e9cembre 2023. D\u00e9pos\u00e9e en novembre 2022 par la d\u00e9put\u00e9e \u00e9cologiste Francesca Pasquini et port\u00e9e conjointement par Michel Lauzzana (Renaissance), cette proposition de loi pr\u00e9voit d\u2019interdire les cigarettes \u00e9lectroniques \u00ab \u00e0 usage unique ou jetables \u00bb et vise express\u00e9ment les cigarettes \u00e9lectroniques jetables (\u00ab puffs \u00bb).<\/p>\n<p style=\"text-align: justify;\">Elle a \u00e9t\u00e9 adopt\u00e9e \u00e0 l\u2019unanimit\u00e9 des 104 d\u00e9put\u00e9s pr\u00e9sents et, sous r\u00e9serve de son adoption d\u00e9finitive, devrait \u00eatre applicable autour de septembre 2024<a href=\"#_ftn1\" name=\"_ftnref1\">[1]<\/a>. Le texte doit en effet passer par le S\u00e9nat avant de revenir \u00e0 l\u2019Assembl\u00e9e, pour \u00eatre ensuite \u2013 ou parall\u00e8lement \u2013 soumis \u00e0 la Commission europ\u00e9enne. Le texte pr\u00e9voit \u00e9galement des dispositions r\u00e9glementaires pour sa mise en \u0153uvre pratique.<\/p>\n<h2 style=\"text-align: justify;\"><strong>Une vigilance \u00e0 maintenir<\/strong><\/h2>\n<p style=\"text-align: justify;\">Les associations antitabac appelaient depuis un an \u00e0 cette interdiction. Si elles se f\u00e9licitent de l\u2019adoption de la loi interdisant les puffs, elles restent vigilantes et attendent la publication du d\u00e9cret d\u2019application pour pr\u00e9venir les contournements d\u00e9j\u00e0 anticip\u00e9s par les industriels avec de nouvelles g\u00e9n\u00e9rations de puffs. Certaines sont d\u00e9j\u00e0 sur le march\u00e9 fran\u00e7ais, d\u2019autres ont \u00e9t\u00e9 rep\u00e9r\u00e9es sur d\u2019autres march\u00e9s \u00e0 l\u2019\u00e9tranger, tels des dispositifs proposant un grand nombre de bouff\u00e9es et des cartouches rechargeables, mais de mani\u00e8re extr\u00eamement limit\u00e9e et jetables tr\u00e8s rapidement.<\/p>\n<h2 style=\"text-align: justify;\"><strong>Des projets similaires dans d\u2019autres pays europ\u00e9ens<\/strong><\/h2>\n<p style=\"text-align: justify;\">Outre les pays qui ont d\u00e9j\u00e0 interdit l\u2019ensemble des cigarettes \u00e9lectroniques, plusieurs pays europ\u00e9ens envisagent d\u2019interdire plus sp\u00e9cifiquement les puffs. <a href=\"https:\/\/www.generationsanstabac.org\/actualites\/hausses-de-taxes-espaces-sans-tabac-interdiction-des-puffs-la-belgique-presente-son-plan-antitabac\/\">La Belgique<\/a> et <a href=\"https:\/\/www.generationsanstabac.org\/actualites\/irlande-envisage-dinterdire-les-cigarettes-electroniques-jetables\/\">l\u2019Irlande<\/a> pr\u00e9parent actuellement des projets d\u2019interdiction similaires, <a href=\"https:\/\/www.generationsanstabac.org\/actualites\/baviere-demande-interdiction-puffs-allemagne-europe\/\">la Bavi\u00e8re<\/a> a r\u00e9clam\u00e9 \u00e0 l\u2019Allemagne son interdiction dans toute l\u2019Europe. La Belgique est sur ce plan le pays le plus en pointe en Europe, puisqu\u2019elle a d\u00e9j\u00e0 saisi la Commission europ\u00e9enne, laquelle lui a demand\u00e9 d\u2019exclure la question environnementale de son projet de loi.<\/p>\n<p style=\"text-align: justify;\">D\u00e9clin\u00e9es dans une large palette d\u2019ar\u00f4mes fruit\u00e9s et sucr\u00e9s, les cigarettes \u00e9lectroniques jetables sont apparues en Europe fin 2021 et ont imm\u00e9diatement connu le succ\u00e8s aupr\u00e8s des jeunes adultes et des adolescents. La rapide progression de la pr\u00e9valence d\u2019usage des puffs chez les adolescents et les enfants a alert\u00e9 les autorit\u00e9s sanitaires de nombreux pays. Un effet passerelle vers les produits du tabac est plus particuli\u00e8rement redout\u00e9. La forte concentration des puffs en nicotine (de 0 \u00e0 20 mg\/ml, contre 1 \u00e0 3 mg pour une cigarette conventionnelle) facilite en effet l\u2019initiation et l\u2019installation d\u2019une d\u00e9pendance nicotinique chez les jeunes non-fumeurs. <a href=\"https:\/\/www.generationsanstabac.org\/actualites\/le-desastre-environnemental-des-cigarettes-electroniques-jetables\/\">L\u2019impact environnemental<\/a> des d\u00e9chets de cigarettes \u00e9lectroniques jetables, notamment de leur batterie et des r\u00e9sidus d\u2019e-liquide, a \u00e9galement \u00e9t\u00e9 soulign\u00e9 comme une aberration.<\/p>\n<p style=\"text-align: justify;\"><strong>Mots-cl\u00e9s : cigarettes \u00e9lectroniques jetables \u00ab \u00e0 usage unique \u00bb, puffs, pods, vapotage<\/strong><\/p>\n<p>Cr\u00e9dit photo : @NATHALIE BOURREAU\/PHOTOPQR\/PRESSE OCEAN\/MAXPPP<\/p>\n<p><strong><a href=\"https:\/\/www.generationsanstabac.org\/\">\u00a9G\u00e9n\u00e9ration Sans Tabac<\/a><\/strong><\/p>\n<p style=\"text-align: right;\"><em><strong>MF<\/strong><\/em><\/p>\n<hr \/>\n<p style=\"text-align: justify;\"><a href=\"#_ftnref1\" name=\"_ftn1\">[1]<\/a> <a href=\"https:\/\/www.lemonde.fr\/sante\/article\/2023\/12\/05\/l-assemblee-nationale-vote-l-interdiction-des-cigarettes-electroniques-jetables_6203890_1651302.html\"><em>L\u2019Assembl\u00e9e nationale vote l\u2019interdiction des puffs<\/em><\/a>, Le Monde\/AFP, publi\u00e9 le 5 d\u00e9cembre 2023, consult\u00e9 le jour m\u00eame.<\/p>\n<p><strong><a href=\"http:\/\/www.cnct.fr\/\" target=\"_blank\" rel=\"noopener noreferrer\">Comit\u00e9 national contre le tabagisme |<\/a><\/strong><\/p>\n","protected":false},"excerpt":{"rendered":"<p>The National Assembly unanimously adopted at first reading on Monday, December 4, 2023, a bill aimed at banning \u201csingle-use or disposable\u201d electronic cigarettes. This text must now be adopted by the Senate, then the regulatory implementing texts drawn up; the overall system should be notified to the European Commission.<\/p>","protected":false},"featured_media":11862,"template":"","tags":[],"thematique":[502,516],"class_list":["post-21289","actualites","type-actualites","status-publish","has-post-thumbnail","hentry","thematique-justice","thematique-nouveaux-produits"],"acf":[],"_links":{"self":[{"href":"https:\/\/www.generationsanstabac.org\/en\/wp-json\/wp\/v2\/actualites\/21289","targetHints":{"allow":["GET"]}}],"collection":[{"href":"https:\/\/www.generationsanstabac.org\/en\/wp-json\/wp\/v2\/actualites"}],"about":[{"href":"https:\/\/www.generationsanstabac.org\/en\/wp-json\/wp\/v2\/types\/actualites"}],"version-history":[{"count":0,"href":"https:\/\/www.generationsanstabac.org\/en\/wp-json\/wp\/v2\/actualites\/21289\/revisions"}],"wp:featuredmedia":[{"embeddable":true,"href":"https:\/\/www.generationsanstabac.org\/en\/wp-json\/wp\/v2\/media\/11862"}],"wp:attachment":[{"href":"https:\/\/www.generationsanstabac.org\/en\/wp-json\/wp\/v2\/media?parent=21289"}],"wp:term":[{"taxonomy":"post_tag","embeddable":true,"href":"https:\/\/www.generationsanstabac.org\/en\/wp-json\/wp\/v2\/tags?post=21289"},{"taxonomy":"thematique","embeddable":true,"href":"https:\/\/www.generationsanstabac.org\/en\/wp-json\/wp\/v2\/thematique?post=21289"}],"curies":[{"name":"wp","href":"https:\/\/api.w.org\/{rel}","templated":true}]}}