{"id":21287,"date":"2023-12-11T09:00:50","date_gmt":"2023-12-11T08:00:50","guid":{"rendered":"https:\/\/www.generationsanstabac.org\/actualites\/les-trois-quarts-des-irlandais-sont-favorables-a-linterdiction-progressive-du-tabac\/"},"modified":"2023-12-11T09:00:50","modified_gmt":"2023-12-11T08:00:50","slug":"les-trois-quarts-des-irlandais-sont-favorables-a-linterdiction-progressive-du-tabac","status":"publish","type":"actualites","link":"https:\/\/www.generationsanstabac.org\/en\/actualites\/les-trois-quarts-des-irlandais-sont-favorables-a-linterdiction-progressive-du-tabac\/","title":{"rendered":"Three-quarters of Irish people support gradual ban on tobacco"},"content":{"rendered":"<p style=\"text-align: justify;\"><em>Une \u00e9tude d\u2019ASH Ireland et de l\u2019Irish Heart Foundation indique qu\u2019une large proportion d\u2019Irlandais sont favorables \u00e0 une r\u00e9duction des points de vente, aux cigarettes \u00e0 faible teneur en nicotine, au rel\u00e8vement de l\u2019\u00e2ge l\u00e9gal d\u2019achat du tabac, ainsi qu\u2019\u00e0 l\u2019interdiction de vendre du tabac aux personnes n\u00e9es apr\u00e8s une certaine date.<\/em><\/p>\n<p style=\"text-align: justify;\">C\u2019est \u00e0 Dublin que les organisations Action on Smoking and Health (ASH Ireland) et Irish Heart Foundation ont pr\u00e9sent\u00e9 la derni\u00e8re \u00e9tude sur la perception par la population de diff\u00e9rentes mesures antitabac<a href=\"#_ftn1\" name=\"_ftnref1\">[1]<\/a>. R\u00e9alis\u00e9e par l\u2019institut Ipsos aupr\u00e8s d\u2019un \u00e9chantillon repr\u00e9sentatif de 1012 personnes, elle compl\u00e8te une <a href=\"https:\/\/www.generationsanstabac.org\/actualites\/interdiction-de-vente-nicotine-filtre-comment-lirlande-veut-mettre-fin-au-tabagisme\/\">s\u00e9rie d\u2019\u00e9tudes<\/a> commandit\u00e9es par le Health Service Executive (HSE) pour \u00e9valuer l\u2019acceptation de plusieurs mesures.<\/p>\n<h2 style=\"text-align: justify;\"><strong>Une large majorit\u00e9 en faveur de nouvelles mesures antitabac<\/strong><\/h2>\n<p style=\"text-align: justify;\">Cette \u00e9tude indique que 76 % des personnes interrog\u00e9es acceptent l\u2019id\u00e9e d\u2019une interdiction progressive de vendre du tabac aux personnes n\u00e9es apr\u00e8s une certaine date, connue sous le nom de \u00ab endgame \u00bb, contre 22 % qui y sont oppos\u00e9es. Cette mesure augmenterait chaque ann\u00e9e d\u2019un an l\u2019\u00e2ge l\u00e9gal pour acheter du tabac, avec pour objectif d\u2019atteindre une g\u00e9n\u00e9ration sans tabac, soit moins de 5 % de fumeurs dans la population. 76 % des 18-25 ans se sont d\u00e9clar\u00e9s favorables \u00e0 ce type de mesure.<\/p>\n<p style=\"text-align: justify;\">Parmi les autres th\u00e8mes \u00e9valu\u00e9s, 78 % des r\u00e9pondants sont favorables \u00e0 une r\u00e9duction du nombre de points de vente de tabac, et 87 % le sont \u00e9galement pour r\u00e9duire sensiblement le taux de nicotine des cigarettes afin de les rendre moins addictives.<\/p>\n<p style=\"text-align: justify;\">Une autre \u00e9tude, \u00e9galement r\u00e9alis\u00e9e par IPSOS pour le HSE en 2022 et publi\u00e9e en 2023, confirmait que 74,6 % des personnes interrog\u00e9es soutiennent le projet d\u2019une Irlande sans tabac, que 82,8 % approuvent l\u2019interdiction progressive de vente de tabac et que 86 % se d\u00e9clarent en faveur des cigarettes \u00e0 teneur r\u00e9duite en nicotine<a href=\"#_ftn2\" name=\"_ftnref2\">[2]<\/a>.<\/p>\n<p style=\"text-align: justify;\">Une troisi\u00e8me \u00e9tude conduite par l\u2019Irish Heart Foundation, indiquait pour sa part que 73 % sont d\u2019accord pour relever <a href=\"https:\/\/www.generationsanstabac.org\/actualites\/au-japon-comme-en-irlande-des-voix-selevent-pour-repousser-lage-legal-dachat-du-tabac-a-21-voire-22-ans\/\">l\u2019\u00e2ge l\u00e9gal<\/a> d\u2019achat du tabac de 18 ans \u00e0 21 ans, tandis que 26 % y sont oppos\u00e9s. 66 % approuvent les paquets neutres pour les produits du vapotage, contre 25 % qui y sont d\u00e9favorables. Concernant les cigarettes \u00e9lectroniques, 57 % des r\u00e9pondants se d\u00e9clarent en faveur d\u2019une interdiction compl\u00e8te des ar\u00f4mes, tandis que 33 % s\u2019y opposent.<\/p>\n<h2 style=\"text-align: justify;\"><strong>Les autorit\u00e9s prennent conscience du retard accumul\u00e9 <\/strong><\/h2>\n<p style=\"text-align: justify;\">Avec 18 % de fumeurs, dont 14 % de fumeurs quotidiens et 4 % de fumeurs occasionnels, la pr\u00e9valence tabagique a cess\u00e9 de d\u00e9cro\u00eetre en Irlande depuis 2020. Elle a m\u00eame l\u00e9g\u00e8rement augment\u00e9, ce qui constitue une premi\u00e8re depuis 25 ans dans ce pays. Les autorit\u00e9s irlandaises, qui avait r\u00e9duit depuis quelques ann\u00e9es leurs efforts en mati\u00e8re de lutte contre le tabagisme, s\u2019inqui\u00e8tent \u00e0 pr\u00e9sent de ne pas \u00eatre en mesure d\u2019atteindre une g\u00e9n\u00e9ration sans tabac \u00e0 l\u2019horizon 2025. Elles s\u2019affirment aujourd\u2019hui pleinement motiv\u00e9es \u00e0 poursuivre cet objectif \u00e0 plus longue \u00e9ch\u00e9ance.<\/p>\n<p style=\"text-align: justify;\">Pour le Dr Emmet O\u2019Brien, pr\u00e9sident de ASH Ireland, ces \u00e9tudes indiquent que la population semble plus d\u00e9termin\u00e9e que les d\u00e9cideurs politiques \u00e0 atteindre une Irlande sans tabac. Alors qu\u2019en <a href=\"https:\/\/www.generationsanstabac.org\/actualites\/revirement-de-la-nouvelle-zelande-sur-sa-politique-antitabac\/\">Nouvelle-Z\u00e9lande<\/a>, sous la pression du lobby du tabac, le nouveau gouvernement a annonc\u00e9 une volte-face sur la politique antitabac, et que la Malaisie a \u00e9galement restreint ses ambitions en la mati\u00e8re, l\u2019Irlande semble quant \u00e0 elle encore sur la route d\u2019une g\u00e9n\u00e9ration sans tabac, quitte \u00e0 y parvenir un peu plus tard que pr\u00e9vu.<\/p>\n<p style=\"text-align: justify;\"><strong>Mots-cl\u00e9s : Irlande, ASH Ireland, Irish Heart Foundation, Irlande sans tabac, g\u00e9n\u00e9ration sans tabac<\/strong><\/p>\n<p><strong><a href=\"https:\/\/www.generationsanstabac.org\/\">\u00a9G\u00e9n\u00e9ration Sans Tabac<\/a><\/strong><\/p>\n<p style=\"text-align: right;\"><em><strong>MF<\/strong><\/em><\/p>\n<hr \/>\n<p style=\"text-align: justify;\"><a href=\"#_ftnref1\" name=\"_ftn1\">[1]<\/a> O\u2019Regan E, <a href=\"https:\/\/www.independent.ie\/irish-news\/three-quarters-of-people-support-plan-to-phase-out-tobacco-sales-in-ireland\/a525398019.html\"><em>Three-quarters of people support plan to phase-out tobacco sales in Ireland<\/em><\/a>, Irish Independant, publi\u00e9 le 6 d\u00e9cembre 2023, consult\u00e9 le 7 d\u00e9cembre 2023.<\/p>\n<p style=\"text-align: justify;\"><a href=\"#_ftnref2\" name=\"_ftn2\">[2]<\/a> Cosgrave EJ, Blake M, Murphy E, et al., <a href=\"https:\/\/tobaccocontrol.bmj.com\/content\/early\/2023\/07\/13\/tc-2023-057958\"><em>Is the public ready for a tobacco-free Ireland? A national survey of public knowledge and attitudes to tobacco endgame in Ireland<\/em><\/a>, Tobacco Control, Published Online First: 26 May 2023. doi: 10.1136\/tc-2023-057958<\/p>\n<p><strong><a href=\"http:\/\/www.cnct.fr\/\" target=\"_blank\" rel=\"noopener noreferrer\">Comit\u00e9 national contre le tabagisme |<\/a><\/strong><\/p>\n","protected":false},"excerpt":{"rendered":"<p>A study by ASH Ireland and the Irish Heart Foundation indicates that a large proportion of Irish people support a reduction in outlets, low nicotine cigarettes, an increase in the legal age to buy tobacco and a ban on the sale of tobacco to people born after a certain date.<\/p>","protected":false},"featured_media":21288,"template":"","tags":[],"thematique":[491],"class_list":["post-21287","actualites","type-actualites","status-publish","has-post-thumbnail","hentry","thematique-politiques-publiques"],"acf":[],"_links":{"self":[{"href":"https:\/\/www.generationsanstabac.org\/en\/wp-json\/wp\/v2\/actualites\/21287","targetHints":{"allow":["GET"]}}],"collection":[{"href":"https:\/\/www.generationsanstabac.org\/en\/wp-json\/wp\/v2\/actualites"}],"about":[{"href":"https:\/\/www.generationsanstabac.org\/en\/wp-json\/wp\/v2\/types\/actualites"}],"version-history":[{"count":0,"href":"https:\/\/www.generationsanstabac.org\/en\/wp-json\/wp\/v2\/actualites\/21287\/revisions"}],"wp:featuredmedia":[{"embeddable":true,"href":"https:\/\/www.generationsanstabac.org\/en\/wp-json\/wp\/v2\/media\/21288"}],"wp:attachment":[{"href":"https:\/\/www.generationsanstabac.org\/en\/wp-json\/wp\/v2\/media?parent=21287"}],"wp:term":[{"taxonomy":"post_tag","embeddable":true,"href":"https:\/\/www.generationsanstabac.org\/en\/wp-json\/wp\/v2\/tags?post=21287"},{"taxonomy":"thematique","embeddable":true,"href":"https:\/\/www.generationsanstabac.org\/en\/wp-json\/wp\/v2\/thematique?post=21287"}],"curies":[{"name":"wp","href":"https:\/\/api.w.org\/{rel}","templated":true}]}}