{"id":21273,"date":"2023-11-30T13:00:13","date_gmt":"2023-11-30T12:00:13","guid":{"rendered":"https:\/\/www.generationsanstabac.org\/actualites\/revirement-de-la-nouvelle-zelande-sur-sa-politique-antitabac\/"},"modified":"2023-11-30T13:00:13","modified_gmt":"2023-11-30T12:00:13","slug":"revirement-de-la-nouvelle-zelande-sur-sa-politique-antitabac","status":"publish","type":"actualites","link":"https:\/\/www.generationsanstabac.org\/en\/actualites\/revirement-de-la-nouvelle-zelande-sur-sa-politique-antitabac\/","title":{"rendered":"New Zealand reverses course on tobacco control"},"content":{"rendered":"<p style=\"text-align: justify;\"><em>Tout juste \u00e9lu, le nouveau gouvernement n\u00e9o-z\u00e9landais a annonc\u00e9 abandonner les principales mesures-phares mises en place par le gouvernement pr\u00e9c\u00e9dent : interdiction de vendre du tabac aux jeunes n\u00e9s \u00e0 partir de 2009, restriction du nombre de points de vente, cigarettes \u00e0 teneur r\u00e9duite en nicotine. Le motif invoqu\u00e9 est d\u2019emp\u00eacher le d\u00e9veloppement du march\u00e9 noir, un argument r\u00e9guli\u00e8rement avanc\u00e9 par l\u2019industrie du tabac. Les acteurs de sant\u00e9 publique s\u2019indignent de cette d\u00e9cision.  <\/em><\/p>\n<p style=\"text-align: justify;\">La <a href=\"https:\/\/www.generationsanstabac.org\/actualites\/la-nouvelle-zelande-en-pointe-de-la-lutte-contre-le-tabagisme\/\">loi antitabac<\/a> adopt\u00e9e fin 2022 par le pr\u00e9c\u00e9dent gouvernement travailliste devait conduire \u00e0 une g\u00e9n\u00e9ration sans tabac. Elle pr\u00e9voyait notamment, \u00e0 partir de 2027, l\u2019interdiction de vendre du tabac aux personnes n\u00e9es \u00e0 partir du 1er janvier 2009. Elle envisageait \u00e9galement de r\u00e9duire le nombre de points de vente de tabac de 6000 \u00e0 600 \u00e0 partir de 2024, et de commercialiser des cigarettes \u00e0 tr\u00e8s faible teneur en nicotine d\u00e8s 2025.<\/p>\n<p style=\"text-align: justify;\">Ces dispositions ont \u00e9t\u00e9 balay\u00e9es par la nouvelle coalition au pouvoir, le lundi 27 novembre 2023, d\u00e8s la prise de fonction du nouveau premier ministre, Christopher Luxon. Celui-ci a en effet estim\u00e9 que le plan antitabac du gouvernement pr\u00e9c\u00e9dent risquait d\u2019entra\u00eener un accroissement du march\u00e9 noir \u2013 un argument fr\u00e9quemment v\u00e9hicul\u00e9 par les industriels du tabac. Il a \u00e9galement consid\u00e9r\u00e9 que la r\u00e9duction du nombre de points de vente aurait entra\u00een\u00e9 une concentration des ventes de tabac sur quelques \u00e9tablissements, qui seraient alors devenus des cibles pour le crime organis\u00e9.<\/p>\n<h2 style=\"text-align: justify;\"><strong>Une d\u00e9cision visant \u00e0 financer une baisse des imp\u00f4ts <\/strong><\/h2>\n<p style=\"text-align: justify;\">La remise en cause de la loi antitabac de 2022 ne faisait pas partie du programme du National Party, et avait seulement \u00e9t\u00e9 \u00e9voqu\u00e9e lors de la campagne \u00e9lectorale par le parti populiste New Zealand First (6% des voix)<a href=\"#_ftn1\" name=\"_ftnref1\">[1]<\/a>. Selon la BBC, ce serait sous la pression de ses alli\u00e9s politiques ACT New Zealand, issu de l\u2019Association of Consumers and Taxpayers (ACT), et New Zealand First que le National Party aurait accept\u00e9 de renoncer \u00e0 la loi antitabac. Le National Party abrite cependant d\u2019anciens lobbyistes de Philip Morris comme Chris Bishop, devenu ministre du logement, des infrastructures et des sports dans le gouvernement actuel<a href=\"#_ftn1\" name=\"_ftnref1\">[2]<\/a>. Chris Bishop avait ainsi combattu le projet de paquet neutre, port\u00e9 par le National Party au d\u00e9but des ann\u00e9es 2010, avant de devenir parlementaire de ce parti.<\/p>\n<p style=\"text-align: justify;\">L\u2019abrogation de la loi de 2022 n\u00e9cessitera un vote du Parlement, ce qui ne posera en principe pas de souci pour la coalition au pouvoir. Nicola Willis, la nouvelle ministre des Finances, a admis que le gouvernement comptait sur les recettes fiscales du tabac pour financer une baisse des imp\u00f4ts en direction des classes moyennes, principale promesse de la campagne \u00e9lectorale<a href=\"#_ftn2\" name=\"_ftnref2\">[3]<\/a>. Le nouveau gouvernement a n\u00e9anmoins affich\u00e9 sa volont\u00e9 de poursuivre la lutte contre le tabagisme \u00e0 l\u2019aide d\u2019outils plus conventionnels, comme les campagnes de sensibilisation.<\/p>\n<h2 style=\"text-align: justify;\"><strong>Les acteurs de sant\u00e9 publique d\u00e9plorent cette d\u00e9cision et se mobilisent<\/strong><\/h2>\n<p style=\"text-align: justify;\">L\u2019annonce de la d\u00e9cision gouvernementale de r\u00e9voquer la loi de 2022 a provoqu\u00e9 un toll\u00e9 parmi les acteurs de sant\u00e9 publique, en Nouvelle-Z\u00e9lande et dans le monde. \u00ab Il s&rsquo;agit d&rsquo;une perte majeure pour la sant\u00e9 publique et d&rsquo;une \u00e9norme victoire pour l&rsquo;industrie du tabac, dont les b\u00e9n\u00e9fices seront augment\u00e9s au d\u00e9triment des vies des N\u00e9o-z\u00e9landais \u00bb, a d\u00e9clar\u00e9 l\u2019organisation Health Coalition Aotearoa. \u00ab L\u2019id\u00e9e que les baisses d\u2019imp\u00f4ts soient financ\u00e9es par les personnes qui continuent \u00e0 fumer est absolument choquante \u00bb, a compl\u00e9t\u00e9 le Pr \u00e9m\u00e9rite Robert Beaglehole, pr\u00e9sident du comit\u00e9 New Zealand&rsquo;s Action for Smokefree 2025. L\u2019organisation maorie H\u0101pai Te Hauora a, pour sa part, regrett\u00e9 que cette d\u00e9cision soit une menace directe pour la sant\u00e9 des populations indig\u00e8nes maories et du Pacifique, qui payent le plus lourd tribut au tabac dans ce pays.<\/p>\n<p style=\"text-align: justify;\">Tous ont rappel\u00e9 que le tabagisme entra\u00eene chaque ann\u00e9e 5000 d\u00e9c\u00e8s pr\u00e9matur\u00e9s et \u00e9vitables de N\u00e9o-z\u00e9landais, qui auraient pu <a href=\"https:\/\/www.generationsanstabac.org\/actualites\/la-nouvelle-zelande-proche-datteindre-son-objectif-de-generation-sans-tabac-dici-2025\/\">\u00eatre \u00e9pargn\u00e9s<\/a> \u00e0 l\u2019aide de la loi de 2022. Ils ont \u00e9galement lanc\u00e9 une p\u00e9tition r\u00e9clamant le maintien de la loi de 2022 et estiment la mise en \u0153uvre de celle-ci in\u00e9luctable \u00e0 long terme.<\/p>\n<p style=\"text-align: justify;\">La d\u00e9cision du gouvernement n\u00e9o-z\u00e9landais n\u2019a pas non plus entam\u00e9 la d\u00e9termination du premier ministre britannique, Rishi Sunak, qui a indiqu\u00e9 le 4 octobre 2023 mettre en place un projet similaire de g\u00e9n\u00e9ration sans tabac<a href=\"#_ftn3\" name=\"_ftnref3\">[4]<\/a>. Il devrait ainsi, \u00e0 partir de 2027, \u00eatre interdit de vendre du tabac <a href=\"https:\/\/www.generationsanstabac.org\/actualites\/langleterre-veut-interdire-la-vente-de-cigarettes-aux-personnes-nees-apres-2009\/\">en Angleterre<\/a> \u00e0 toute personne n\u00e9e depuis 1er janvier 2009. D\u2019autres pays, comme <a href=\"https:\/\/www.generationsanstabac.org\/actualites\/malaisie-interdit-vente-tabac-personne-nee-apres-2005\/\">la Malaisie<\/a> et Singapour, ont \u00e9galement adopt\u00e9 des projets de g\u00e9n\u00e9ration sans tabac. En France, le projet d\u2019une g\u00e9n\u00e9ration sans tabac, soit une pr\u00e9valence tabagique de moins de 5 % pour les personnes n\u00e9es \u00e0 partir de 2014, est envisag\u00e9 pour 2032.<\/p>\n<p style=\"text-align: justify;\"><strong>Mots-cl\u00e9s : Nouvelle-Z\u00e9lande, National Party, New Zealand First, ACT New Zealand, g\u00e9n\u00e9ration sans tabac<\/strong><\/p>\n<p><strong><a href=\"https:\/\/www.generationsanstabac.org\/\">\u00a9G\u00e9n\u00e9ration Sans Tabac<\/a><\/strong><\/p>\n<p style=\"text-align: right;\"><strong><em>MF<\/em><\/strong><\/p>\n<hr \/>\n<p style=\"text-align: justify;\"><a href=\"#_ftnref1\" name=\"_ftn1\">[1]<\/a> Corlett E, <a href=\"https:\/\/www.theguardian.com\/world\/2023\/nov\/27\/new-zealand-scraps-world-first-smoking-generation-ban-to-fund-tax-cuts\"><em>New Zealand scraps world-first smoking \u2018generation ban\u2019 to fund tax cuts<\/em><\/a>, The Guardian, publi\u00e9 le 27 novembre 2023, consult\u00e9 le 28 novembre 2023.<\/p>\n<p><a href=\"#_ftnref1\" name=\"_ftn1\">[2]<\/a> <a href=\"https:\/\/en.wikipedia.org\/wiki\/Chris_Bishop#cite_note-9\"><em>Chris Bishop<\/em><\/a>, Wikipedia, mis \u00e0 jour le 29 novembre 2023, consult\u00e9 le jour m\u00eame.<\/p>\n<p style=\"text-align: justify;\"><a href=\"#_ftnref2\" name=\"_ftn2\">[3]<\/a> Mao F, <a href=\"https:\/\/www.bbc.com\/news\/world-asia-67540190\"><em>New Zealand smoking ban: Health experts criticise new government&rsquo;s shock reversal<\/em><\/a>, BBC News, publi\u00e9 le 27 novembre 2023, consult\u00e9 le 28 novembre 2023.<\/p>\n<p style=\"text-align: justify;\"><a href=\"#_ftnref3\" name=\"_ftn3\">[4]<\/a> Brown F, <a href=\"https:\/\/news.sky.com\/story\/rishi-sunaks-position-on-smoking-ban-unchanged-as-new-zealand-scraps-policy-13015053\"><em>Rishi Sunak&rsquo;s position on smoking ban &lsquo;unchanged&rsquo; as New Zealand scraps policy<\/em><\/a>, Sky News, publi\u00e9 le 24 novembre 2023, consult\u00e9 le 28 novembre 2023<\/p>\n<p><strong><a href=\"http:\/\/www.cnct.fr\/\" target=\"_blank\" rel=\"noopener noreferrer\">Comit\u00e9 national contre le tabagisme |<\/a><\/strong><\/p>\n","protected":false},"excerpt":{"rendered":"<p>The newly elected government announced it was abandoning key measures implemented by the previous government: a ban on tobacco sales to young people born in 2009 or later, restrictions on the number of points of sale, and reduced-nicotine cigarettes. The reason given is to prevent the growth of the black market, an argument regularly put forward by the tobacco industry. Public health officials are outraged by this decision. <\/p>","protected":false},"featured_media":10230,"template":"","tags":[],"thematique":[491],"class_list":["post-21273","actualites","type-actualites","status-publish","has-post-thumbnail","hentry","thematique-politiques-publiques"],"acf":[],"_links":{"self":[{"href":"https:\/\/www.generationsanstabac.org\/en\/wp-json\/wp\/v2\/actualites\/21273","targetHints":{"allow":["GET"]}}],"collection":[{"href":"https:\/\/www.generationsanstabac.org\/en\/wp-json\/wp\/v2\/actualites"}],"about":[{"href":"https:\/\/www.generationsanstabac.org\/en\/wp-json\/wp\/v2\/types\/actualites"}],"version-history":[{"count":0,"href":"https:\/\/www.generationsanstabac.org\/en\/wp-json\/wp\/v2\/actualites\/21273\/revisions"}],"wp:featuredmedia":[{"embeddable":true,"href":"https:\/\/www.generationsanstabac.org\/en\/wp-json\/wp\/v2\/media\/10230"}],"wp:attachment":[{"href":"https:\/\/www.generationsanstabac.org\/en\/wp-json\/wp\/v2\/media?parent=21273"}],"wp:term":[{"taxonomy":"post_tag","embeddable":true,"href":"https:\/\/www.generationsanstabac.org\/en\/wp-json\/wp\/v2\/tags?post=21273"},{"taxonomy":"thematique","embeddable":true,"href":"https:\/\/www.generationsanstabac.org\/en\/wp-json\/wp\/v2\/thematique?post=21273"}],"curies":[{"name":"wp","href":"https:\/\/api.w.org\/{rel}","templated":true}]}}