{"id":21271,"date":"2023-11-29T08:36:14","date_gmt":"2023-11-29T07:36:14","guid":{"rendered":"https:\/\/www.generationsanstabac.org\/actualites\/france-nouveau-plan-antitabac-seduit-pas-pleinement-associations\/"},"modified":"2023-11-29T08:36:14","modified_gmt":"2023-11-29T07:36:14","slug":"france-nouveau-plan-antitabac-seduit-pas-pleinement-associations","status":"publish","type":"actualites","link":"https:\/\/www.generationsanstabac.org\/en\/actualites\/france-nouveau-plan-antitabac-seduit-pas-pleinement-associations\/","title":{"rendered":"France: The new anti-smoking plan does not fully appeal to associations"},"content":{"rendered":"<p style=\"text-align: justify;\"><em>Pr\u00e9sent\u00e9 ce mardi matin par le ministre de la sant\u00e9, Aur\u00e9lien Rousseau, \u00e0 l\u2019occasion d\u2019une conf\u00e9rence de presse, le nouveau <\/em><a href=\"https:\/\/sante.gouv.fr\/IMG\/pdf\/dp_plan_lutte_tabac.pdf\"><em>Programme national de lutte contre le tabagisme<\/em><\/a><em> 2023 \u2013 2027 annonce une s\u00e9rie de mesures destin\u00e9es \u00e0 r\u00e9duire la consommation de tabac encore \u00e9lev\u00e9e en France. Les associations antitabac accusent le gouvernement d\u2019avoir c\u00e9d\u00e9 au lobby des buralistes en n\u2019incluant pas un volet fiscal ambitieux, levier consid\u00e9r\u00e9 pourtant comme co\u00fbt-efficace essentiel pour r\u00e9duire la pr\u00e9valence. <\/em><\/p>\n<p style=\"text-align: justify;\">Si certaines des mesures pr\u00e9vues avaient \u00e9t\u00e9 recommand\u00e9es par la soci\u00e9t\u00e9 civile comme la g\u00e9n\u00e9ralisation du paquet neutre \u00e0 l\u2019ensemble des produits du tabac et du vapotage ou l\u2019extension des espaces sans tabac, les associations de lutte contre le tabagisme comme le Comit\u00e9 national contre le tabagisme (CNCT) et l\u2019ACT-Alliance contre le tabac s\u2019\u00e9tonnent de l\u2019absence d\u2019une r\u00e9elle trajectoire fiscale pour les produits du tabac.<\/p>\n<h2 style=\"text-align: justify;\"><strong>Une politique fiscale trop f\u00e9brile<\/strong><\/h2>\n<p style=\"text-align: justify;\">Malgr\u00e9 la d\u00e9claration du ministre de la sant\u00e9, \u00ab <em>le levier du prix, c\u2019est ce qui fonctionne le mieux<\/em> \u00bb, le gouvernement annonce porter le prix d\u2019un paquet de cigarettes \u00e0 12\u20ac en 2025 et \u00e0 13\u20ac en 2026. Une augmentation bien trop faible pour \u00eatre efficace selon les associations qui pr\u00e9cisent que pour \u00eatre efficaces, les hausses de taxes doivent \u00eatre fortes et r\u00e9p\u00e9t\u00e9es dans le temps. Cette augmentation correspond essentiellement \u00e0 une prise en compte de l\u2019inflation. Le CNCT rappelle dans son <a href=\"https:\/\/cnct.fr\/communiques\/le-comite-national-contre-le-tabagisme-propose-des-mesures-fortes-pour-parvenir-a-une-generation-sans-tabac-dici-2032\/\">livre blanc<\/a> qu\u2019une hausse continue des taxes \u00e0 hauteur de 10% par an doit constituer une partie int\u00e9grante \u00e0 toute politique de lutte contre le tabagisme efficace. Cette derni\u00e8re l\u2019est particuli\u00e8rement aupr\u00e8s des jeunes et des cat\u00e9gories populaires davantage sensibles \u00e0 la dimension du co\u00fbt financier. Pour l\u2019association, cette faible augmentation des taxes est le r\u00e9sultat d\u2019un lobby important de la part des buralistes, principaux repr\u00e9sentants des int\u00e9r\u00eats de l\u2019industrie du tabac.<\/p>\n<p style=\"text-align: justify;\">La Belgique, a \u00e9galement d\u00e9voil\u00e9 son nouveau plan national de lutte antitabac et pr\u00e9vu une hausse significative des taxes sur les produits du tabac, conduisant \u00e0 une augmentation de 25% du prix \u00e0 la vente au d\u00e9tail, soit une hausse moyenne de 2\u20ac par paquet, et ce d\u00e8s le 1er janvier 2024.<\/p>\n<h2 style=\"text-align: justify;\"><strong>Se prot\u00e9ger de l\u2019ing\u00e9rence des acteurs du tabac<\/strong><\/h2>\n<p style=\"text-align: justify;\">Le Programme entend poursuivre la mise en \u0153uvre de l\u2019engagement de la France de lutter dans tous les secteurs de l\u2019Etat contre l\u2019influence des industriels du tabac dans la politique de lutte contre le tabac, conform\u00e9ment \u00e0 l\u2019article 5.3 de la Convention-Cadre pour la lutte antitabac, ratifi\u00e9e par la France en 2004. Dans un communiqu\u00e9<a href=\"#_ftn1\" name=\"_ftnref1\">[1]<\/a>, le CNCT pr\u00e9cise \u0153uvrer depuis de longue date pour faire conna\u00eetre les dispositions de l\u2019<a href=\"https:\/\/cnct.fr\/les-prix-5-3-sans-tabac-et-sans-lobby\/\">article 5.3<\/a> aupr\u00e8s des d\u00e9cideurs publics afin de prot\u00e9ger les politiques publiques de l\u2019interf\u00e9rence de l\u2019industrie et de ses alli\u00e9s, en particulier la Conf\u00e9d\u00e9ration des buralistes. En France cette derni\u00e8re continue d\u2019effectuer un lobbying intense visant \u00e0 affaiblir, retarder, ou bloquer l\u2019ensemble des dispositions protectrices de sant\u00e9 publique.<\/p>\n<h2 style=\"text-align: justify;\"><strong>Un renforcement net des mesures autour des nouveaux produits de la nicotine et du marketing des industriels<\/strong><\/h2>\n<p style=\"text-align: justify;\">Plusieurs actions visant \u00e0 r\u00e9duire l\u2019attractivit\u00e9 des nouveaux produits de la nicotine, notamment aupr\u00e8s des jeunes, ont \u00e9t\u00e9 annonc\u00e9es, en particulier la g\u00e9n\u00e9ralisation du paquet neutre \u00e0 l\u2019ensemble des produits du tabac et du vapotage. Une mesure forte encore peu appliqu\u00e9e \u00e0 l\u2019\u00e9chelle mondiale puisque seul Isra\u00ebl dispose d\u2019emballages neutres pour les produits du vapotage et l\u2019ensemble des produits du tabac (dont le tabac chauff\u00e9). Le minist\u00e8re de la sant\u00e9 souhaite \u00e9galement \u00ab limiter \u00bb les ar\u00f4mes attractifs pr\u00e9sents dans les dispositifs de vapotage ainsi que pour les produits du tabac actuellement non concern\u00e9s. L\u2019enjeu de l\u2019interdiction des ar\u00f4mes avait \u00e9t\u00e9 soulev\u00e9 dans un rapport remis aux pouvoirs publics par le CNCT restituant le marketing d\u00e9ploy\u00e9, lequel cible tout particuli\u00e8rement les plus jeunes.<\/p>\n<p style=\"text-align: justify;\">Qualifi\u00e9e d\u2019\u00ab aberration environnementale et de sant\u00e9 publique \u00bb, l\u2019interdiction des dispositifs de vapotage \u00e0 usage unique et jetables (puff) a \u00e9t\u00e9 incluse dans le nouveau plan et sera discut\u00e9e en proc\u00e9dure acc\u00e9l\u00e9r\u00e9e par les parlementaires d\u00e8s cette semaine.  Le gouvernement veut \u00e9galement \u00e9laborer une feuille de route coh\u00e9rente sur la r\u00e8glementation applicable \u00e0 l\u2019ensemble des produits nicotin\u00e9s, comme les sachets de nicotine.<\/p>\n<p style=\"text-align: justify;\">Enfin, en ce qui concerne les produits du tabac stricto sensu, il est pr\u00e9vu d\u2019interdire les \u00e9tals dans les lieux de vente, c\u2019est-\u00e0-dire de pr\u00e9senter les produits sur les lin\u00e9aires \u00e0 la vue de tous les clients entrant dans un d\u00e9bit de tabac.<\/p>\n<h2 style=\"text-align: justify;\"><strong>L\u2019\u00e9largissement des espaces sans tabac <\/strong><\/h2>\n<p style=\"text-align: justify;\">Le gouvernement entend g\u00e9n\u00e9raliser l\u2019interdiction de fumer aux plages, parcs publics, for\u00eats, et aux abords de certains lieux publics, notamment les \u00e9tablissements scolaires dans un objectif de d\u00e9normalisation du tabagisme dans la soci\u00e9t\u00e9. Il s\u2019agit essentiellement de la g\u00e9n\u00e9ralisation d\u2019exp\u00e9riences men\u00e9es avec succ\u00e8s dans diff\u00e9rentes communes en France. La mise en place des espaces sans tabac est aussi d\u00e9montr\u00e9e comme efficace pour r\u00e9duire les maladies et les d\u00e9c\u00e8s caus\u00e9s par le tabagisme et l\u2019exposition \u00e0 la fum\u00e9e de tabac.<\/p>\n<h2 style=\"text-align: justify;\"><strong>Accompagner les fumeurs vers l\u2019arr\u00eat du tabac<\/strong><\/h2>\n<p style=\"text-align: justify;\">Une des autres mesures phares concerne l\u2019acc\u00e8s aux traitements valid\u00e9s de substitution nicotinique (TNS) pour les fumeurs. Le gouvernement veut renforcer leur accessibilit\u00e9, en exp\u00e9rimentant le remboursement de ces m\u00e9dicaments aupr\u00e8s de pharmacien, sans ordonnance ou encore en ouvrant la prescription \u00e0 distance par les professionnels de sant\u00e9 du dispositif \u00ab Tabac Info Service \u00bb de Sant\u00e9 publique France.<\/p>\n<p style=\"text-align: justify;\">Un accent sera aussi mis sur la pr\u00e9vention aupr\u00e8s de populations vuln\u00e9rables tout particuli\u00e8rement touch\u00e9es par le tabagisme.<\/p>\n<p style=\"text-align: justify;\"><strong>Mots-cl\u00e9s : Programme national de lutte contre le tabagisme, PNLT, associations antitabac, France, fiscalit\u00e9, taxes, tabac, lobby, paquet neutre, espaces sans tabac<\/strong><\/p>\n<div class=\"col-12 col-lg-8 col-xl-6 col--article\">\n<article id=\"post-7132\" class=\"post-7132 communiques type-communiques status-publish has-post-thumbnail hentry annees-202\">\n<div class=\"page-content\">\n<div class=\"entry-content aos-init aos-animate\" data-aos=\"fade-up\">\n<p>Cr\u00e9dit photo : Luc Nobout\/IP3 PRESS\/MAXPPP<\/p>\n<\/div>\n<\/div>\n<\/article>\n<\/div>\n<div class=\"col-12 col-lg-4 col-xl-4 col--info\">\n<div class=\"communique-aside\">\n<div class=\"communique-aside__dossier aos-init aos-animate\" data-aos=\"fade-left\"><\/div>\n<\/div>\n<\/div>\n<p><strong><a href=\"https:\/\/www.generationsanstabac.org\/\">\u00a9G\u00e9n\u00e9ration Sans Tabac<\/a><\/strong><\/p>\n<p style=\"text-align: right;\"><strong><em>AE<\/em><\/strong><\/p>\n<hr \/>\n<p style=\"text-align: justify;\"><a href=\"#_ftnref1\" name=\"_ftn1\">[1]<\/a> Communiqu\u00e9 de presse, <a href=\"https:\/\/cnct.fr\/communiques\/pnlt-france-seloigne-objectif-generation-sans-tabac\/\">PNLT : La France s\u2019\u00e9loigne de son objectif d\u2019une g\u00e9n\u00e9ration sans taba<\/a>c, CNCT, publi\u00e9 le 28 novembre 2023, consult\u00e9 le jour-m\u00eame<\/p>\n<p><strong><a href=\"http:\/\/www.cnct.fr\/\" target=\"_blank\" rel=\"noopener noreferrer\">Comit\u00e9 national contre le tabagisme |<\/a><\/strong><\/p>\n","protected":false},"excerpt":{"rendered":"<p>Presented this Tuesday morning by Health Minister Aur\u00e9lien Rousseau at a press conference, the new National Tobacco Control Program 2023\u20132027 announces a series of measures designed to reduce tobacco consumption, which remains high in France. Anti-tobacco associations accuse the government of caving in to the tobacconist lobby by not including an ambitious tax component, a lever considered essential to reducing prevalence.<\/p>","protected":false},"featured_media":11841,"template":"","tags":[],"thematique":[499,491],"class_list":["post-21271","actualites","type-actualites","status-publish","has-post-thumbnail","hentry","thematique-lobby","thematique-politiques-publiques"],"acf":[],"_links":{"self":[{"href":"https:\/\/www.generationsanstabac.org\/en\/wp-json\/wp\/v2\/actualites\/21271","targetHints":{"allow":["GET"]}}],"collection":[{"href":"https:\/\/www.generationsanstabac.org\/en\/wp-json\/wp\/v2\/actualites"}],"about":[{"href":"https:\/\/www.generationsanstabac.org\/en\/wp-json\/wp\/v2\/types\/actualites"}],"version-history":[{"count":0,"href":"https:\/\/www.generationsanstabac.org\/en\/wp-json\/wp\/v2\/actualites\/21271\/revisions"}],"wp:featuredmedia":[{"embeddable":true,"href":"https:\/\/www.generationsanstabac.org\/en\/wp-json\/wp\/v2\/media\/11841"}],"wp:attachment":[{"href":"https:\/\/www.generationsanstabac.org\/en\/wp-json\/wp\/v2\/media?parent=21271"}],"wp:term":[{"taxonomy":"post_tag","embeddable":true,"href":"https:\/\/www.generationsanstabac.org\/en\/wp-json\/wp\/v2\/tags?post=21271"},{"taxonomy":"thematique","embeddable":true,"href":"https:\/\/www.generationsanstabac.org\/en\/wp-json\/wp\/v2\/thematique?post=21271"}],"curies":[{"name":"wp","href":"https:\/\/api.w.org\/{rel}","templated":true}]}}