{"id":21262,"date":"2023-11-27T09:00:48","date_gmt":"2023-11-27T08:00:48","guid":{"rendered":"https:\/\/www.generationsanstabac.org\/actualites\/les-determinants-commerciaux-de-la-sante-theme-emergent-de-recherche-et-de-mobilisation\/"},"modified":"2023-11-27T09:00:48","modified_gmt":"2023-11-27T08:00:48","slug":"les-determinants-commerciaux-de-la-sante-theme-emergent-de-recherche-et-de-mobilisation","status":"publish","type":"actualites","link":"https:\/\/www.generationsanstabac.org\/en\/actualites\/les-determinants-commerciaux-de-la-sante-theme-emergent-de-recherche-et-de-mobilisation\/","title":{"rendered":"Commercial determinants of health, an emerging theme for research and mobilization"},"content":{"rendered":"<p style=\"text-align: justify;\"><em>Un r\u00e9cent s\u00e9minaire de l\u2019OMS sur le cancer et une th\u00e8se de sant\u00e9 publique en France mettent en lumi\u00e8re l\u2019importance de ce qu\u2019on d\u00e9nomme les d\u00e9terminants commerciaux de la sant\u00e9. Ceux-ci englobent les incidences des strat\u00e9gies commerciales des entreprises sur la sant\u00e9 des populations, et se r\u00e9v\u00e8lent aussi consid\u00e9rables que les d\u00e9terminants sociaux de la sant\u00e9.<\/em><\/p>\n<p style=\"text-align: justify;\">C\u2019est \u00e0 Barcelone que la branche Europe de l\u2019Organisation mondiale de la sant\u00e9 (OMS) et l\u2019Association des ligues europ\u00e9ennes contre le cancer ont organis\u00e9 une universit\u00e9 d\u2019\u00e9t\u00e9 en septembre 2023. Celle-ci a r\u00e9uni durant deux jours une quarantaine d\u2019ambassadeurs de la jeunesse contre le cancer, tous professionnels de sant\u00e9. L\u2019objectif \u00e9tait de sensibiliser ces jeunes acteurs de sant\u00e9 aux liens entre les d\u00e9terminants commerciaux de la sant\u00e9 et les cancers<a href=\"#_ftn1\" name=\"_ftnref1\">[1]<\/a>.<\/p>\n<h2 style=\"text-align: justify;\"><strong>Incidence des produits du secteur priv\u00e9 sur la sant\u00e9 publique <\/strong><\/h2>\n<p style=\"text-align: justify;\">Selon la d\u00e9finition d\u2019un comit\u00e9 d\u2019experts internationaux ind\u00e9pendants, les d\u00e9terminants commerciaux de la sant\u00e9 d\u00e9signent <em>\u00ab les syst\u00e8mes, les pratiques et les voies par lesquels des acteurs commerciaux influent sur la sant\u00e9 et l\u2019\u00e9quit\u00e9 \u00bb<\/em><a href=\"#_ftn2\" name=\"_ftnref2\">[2]<\/a>. Ils posent la question de l\u2019incidence du secteur priv\u00e9 sur la sant\u00e9 publique et prennent particuli\u00e8rement en compte l\u2019ensemble des cons\u00e9quences sur la sant\u00e9 des populations dues \u00e0 la commercialisation de certains produits nocifs que sont le tabac et l\u2019alcool, dont le fardeau sanitaire est bien connu, mais aussi des hydrocarbures et des aliments transform\u00e9s. Ces produits sont principalement fabriqu\u00e9s par des multinationales qui, via des actions de lobbying, font pression sur les d\u00e9cideurs publics lorsque des mesures de sant\u00e9 publique menacent leurs int\u00e9r\u00eats. Les d\u00e9terminants commerciaux de la sant\u00e9 caract\u00e9risent ainsi les pratiques et les strat\u00e9gies d\u00e9ploy\u00e9es par les fabricants pour maintenir des produits nocifs sur le march\u00e9. Les cancers ne composent qu\u2019une partie des pathologies occasionn\u00e9es par l\u2019exposition \u00e0 ces produits.<\/p>\n<p style=\"text-align: justify;\"><em>\u00ab La communaut\u00e9 de la sant\u00e9 publique investit massivement dans la sensibilisation (\u2026), le secteur priv\u00e9 investit dans le lobbying \u00bb<\/em>, r\u00e9sumait Mashkur Isa, l\u2019un des ambassadeurs de la jeunesse contre le cancer. Les professionnels de sant\u00e9 r\u00e9unis \u00e0 Barcelone se d\u00e9solent que leurs efforts en mati\u00e8re de sant\u00e9 soient constamment invalid\u00e9s par les produits et les pratiques de ces fabricants. Ils ne voient cependant pas cette situation comme une fatalit\u00e9, et militent aujourd\u2019hui pour un retournement des priorit\u00e9s de sant\u00e9. Il leur semble en effet paradoxal de laisser librement ces produits envahir le march\u00e9, et d\u00e9penser ensuite de l\u2019argent public pour demander aux populations de ne pas les utiliser. R\u00e9duire \u00e0 la source les facteurs de risques pour la sant\u00e9 appara\u00eet ainsi plus efficace que de combattre des maladies ou de se focaliser sur les seuls d\u00e9terminants sociaux de la sant\u00e9 (sexe, \u00e2ge, cat\u00e9gorie sociale, \u00e9ducation, niveau de revenu\u2026).<\/p>\n<p style=\"text-align: justify;\">La collaboration avec certains acteurs du secteur priv\u00e9 et les conflits d\u2019int\u00e9r\u00eats auxquels peuvent \u00eatre confront\u00e9s les d\u00e9cideurs publics constituent ici des freins aux politiques de pr\u00e9vention. Selon les participants de ce s\u00e9minaire, pour mieux discerner les priorit\u00e9s, les professionnels de sant\u00e9 ont besoin d\u2019informations fiables, qui ne soient pas influenc\u00e9es par des int\u00e9r\u00eats cat\u00e9goriels allant \u00e0 l\u2019encontre de l\u2019int\u00e9r\u00eat g\u00e9n\u00e9ral. Les recherches financ\u00e9es par les industriels, tout comme les lobbyistes et les tierces parties, repr\u00e9sentent ainsi autant d\u2019\u00e9cueils pour les politiques de sant\u00e9 publique.<\/p>\n<h2 style=\"text-align: justify;\"><strong>Impulsion de la recherche sur les d\u00e9terminants commerciaux de la sant\u00e9<\/strong><\/h2>\n<p style=\"text-align: justify;\">Le th\u00e8me des d\u00e9terminants commerciaux de la sant\u00e9 devient aussi un sujet de recherche, comme l\u2019indiquait en mars 2023 le lancement par The Lancet d\u2019une revue m\u00e9dicale qui leur est consacr\u00e9e. Au Royaume-Uni, l\u2019Universit\u00e9 de Bath y consacre un d\u00e9partement de recherches depuis plusieurs ann\u00e9es.<\/p>\n<p style=\"text-align: justify;\">En France, cette th\u00e9matique est plus r\u00e9cente mais a fait l\u2019objet d\u2019une th\u00e8se, soutenue en septembre 2023 \u00e0 l\u2019Ecole des hautes \u00e9tudes en sant\u00e9 publique (EHESP). Intitul\u00e9e <em>\u00ab L\u2019impact des d\u00e9terminants commerciaux de la sant\u00e9. Le cas du lobbying de l\u2019industrie de l\u2019alcool et de l\u2019industrie du tabac en France \u00bb<\/em>, cette th\u00e8se d\u2019Ana Millot, dirig\u00e9e par le Pr Karine Gallopel-Morvan, pointe express\u00e9ment les deux principales causes de mortalit\u00e9 \u00e9vitables que sont le tabac et l\u2019alcool<a href=\"#_ftn3\" name=\"_ftnref3\">[3]<\/a>.<\/p>\n<p style=\"text-align: justify;\">Au sujet du tabac, Ana Millot souligne notamment l\u2019activit\u00e9 de lobbying de la Conf\u00e9d\u00e9ration des buralistes et de ses membres, en lien avec l\u2019industrie du tabac. Les buralistes relaient ainsi en France les arguments d\u00e9velopp\u00e9s par les fabricants de tabac dans le monde. Ils se pr\u00e9sentent comme des <em>\u00ab commer\u00e7ants de proximit\u00e9 \u00bb<\/em>, dans un contexte de d\u00e9sertification de certaines zones du territoire et se placent dans une position victimaire pour contrer les mesures de sant\u00e9 publique.<\/p>\n<p style=\"text-align: justify;\"><strong>Mots-cl\u00e9s : d\u00e9terminants commerciaux de la sant\u00e9, cancer, OMS, EHESP, Ana Millot<\/strong><\/p>\n<p style=\"text-align: justify;\"><strong><a href=\"https:\/\/www.generationsanstabac.org\/\">\u00a9G\u00e9n\u00e9ration Sans Tabac<\/a><\/strong><\/p>\n<p style=\"text-align: right;\"><em><strong>MF<\/strong><\/em><\/p>\n<hr \/>\n<p style=\"text-align: justify;\"><a href=\"#_ftnref1\" name=\"_ftn1\">[1]<\/a> <a href=\"https:\/\/www.who.int\/europe\/fr\/news\/item\/13-11-2023-exploring-commercial-influences-on-health-professionals-and-cancer-control\"><em>\u00c9tudier les influences commerciales sur les professionnels de sant\u00e9 et sur la lutte contre le cancer<\/em><\/a>, OMS, publi\u00e9 le 13 novembre 2023, consult\u00e9 le 17 novembre 2023.<\/p>\n<p style=\"text-align: justify;\"><a href=\"#_ftnref2\" name=\"_ftn2\">[2]<\/a> Gilmore AB, Fabbri A, Baum F, Bertscher A, Bondy K, Chang HJ, Demaio S, Erzse A, Freudenberg N, Friel S, Hofman KJ, Johns P, Karim SA, Lacy-Nichols J, Paes de Carvalho MP, Marten R, McKee M, Petticrew M, Robertson L, Tangcharoensathien V, et al. (2023). <a href=\"https:\/\/www.sciencedirect.com\/science\/article\/abs\/pii\/S0140673623000132\"><em>Defining and Conceptualising the Commercial Determinants of Health<\/em><\/a>. The Lancet, 401(10383), 1194-1213.<\/p>\n<p style=\"text-align: justify;\"><a href=\"#_ftnref3\" name=\"_ftn3\">[3]<\/a> <a href=\"https:\/\/www.addictaide.fr\/limpact-des-determinants-commerciaux-de-la-sante-le-cas-du-lobbying-de-lindustrie-de-lalcool-et-de-lindustrie-du-tabac-en-france\/\"><em>L\u2019impact des d\u00e9terminants commerciaux de la sant\u00e9. Le cas du lobbying de l\u2019industrie de l\u2019alcool et de l\u2019industrie du tabac en France.<\/em><\/a>, Addict\u2019Aide, publi\u00e9 le 13 novembre 2023, consult\u00e9 le 17 novembre 2023.<\/p>\n<p style=\"text-align: justify;\"><strong><a href=\"http:\/\/www.cnct.fr\/\" target=\"_blank\" rel=\"noopener noreferrer\">Comit\u00e9 national contre le tabagisme |<\/a><\/strong><\/p>\n","protected":false},"excerpt":{"rendered":"<p>A recent WHO seminar on cancer and a public health thesis in France highlight the importance of what are called the commercial determinants of health. These encompass the impact of companies&#039; commercial strategies on the health of populations, and are as significant as the social determinants of health.<\/p>","protected":false},"featured_media":11830,"template":"","tags":[],"thematique":[474],"class_list":["post-21262","actualites","type-actualites","status-publish","has-post-thumbnail","hentry","thematique-sante"],"acf":[],"_links":{"self":[{"href":"https:\/\/www.generationsanstabac.org\/en\/wp-json\/wp\/v2\/actualites\/21262","targetHints":{"allow":["GET"]}}],"collection":[{"href":"https:\/\/www.generationsanstabac.org\/en\/wp-json\/wp\/v2\/actualites"}],"about":[{"href":"https:\/\/www.generationsanstabac.org\/en\/wp-json\/wp\/v2\/types\/actualites"}],"version-history":[{"count":0,"href":"https:\/\/www.generationsanstabac.org\/en\/wp-json\/wp\/v2\/actualites\/21262\/revisions"}],"wp:featuredmedia":[{"embeddable":true,"href":"https:\/\/www.generationsanstabac.org\/en\/wp-json\/wp\/v2\/media\/11830"}],"wp:attachment":[{"href":"https:\/\/www.generationsanstabac.org\/en\/wp-json\/wp\/v2\/media?parent=21262"}],"wp:term":[{"taxonomy":"post_tag","embeddable":true,"href":"https:\/\/www.generationsanstabac.org\/en\/wp-json\/wp\/v2\/tags?post=21262"},{"taxonomy":"thematique","embeddable":true,"href":"https:\/\/www.generationsanstabac.org\/en\/wp-json\/wp\/v2\/thematique?post=21262"}],"curies":[{"name":"wp","href":"https:\/\/api.w.org\/{rel}","templated":true}]}}