{"id":21259,"date":"2023-11-20T09:00:10","date_gmt":"2023-11-20T08:00:10","guid":{"rendered":"https:\/\/www.generationsanstabac.org\/actualites\/le-danemark-interdit-les-aromes-et-double-les-taxes-sur-les-sachets-de-nicotine\/"},"modified":"2023-11-20T09:00:10","modified_gmt":"2023-11-20T08:00:10","slug":"le-danemark-interdit-les-aromes-et-double-les-taxes-sur-les-sachets-de-nicotine","status":"publish","type":"actualites","link":"https:\/\/www.generationsanstabac.org\/en\/actualites\/le-danemark-interdit-les-aromes-et-double-les-taxes-sur-les-sachets-de-nicotine\/","title":{"rendered":"Denmark bans flavours and doubles taxes on nicotine pouches"},"content":{"rendered":"<p style=\"text-align: justify;\"><em>Un projet de loi visant \u00e0 prot\u00e9ger la jeunesse pr\u00e9voit de limiter l\u2019attractivit\u00e9 des produits de la nicotine et d\u2019interdire la vente aux mineurs de boissons fortement alcoolis\u00e9es. Les sachets de nicotine sont plus sp\u00e9cialement concern\u00e9s, avec une interdiction des ar\u00f4mes et une augmentation des taxes.<\/em><\/p>\n<p style=\"text-align: justify;\">C\u2019est dans l\u2019objectif de prot\u00e9ger les jeunes que Sophie L\u00f8hde, la ministre de l\u2019Int\u00e9rieur et de la Sant\u00e9, a annonc\u00e9, le 14 novembre 2023, une s\u00e9rie de mesures de sant\u00e9 publique. Parmi celles-ci, figurent des restrictions sur la commercialisation des sachets de nicotine et sur la vente d\u2019alcool aux mineurs.<\/p>\n<h2 style=\"text-align: justify;\"><strong>Focus sur les sachets de nicotine<\/strong><\/h2>\n<p style=\"text-align: justify;\">La ministre a notamment annonc\u00e9 deux mesures touchant les sachets de nicotine<a href=\"#_ftn1\" name=\"_ftnref1\">[1]<\/a>. L\u2019une concerne l\u2019interdiction des ar\u00f4mes attractifs dans ces produits. Les ar\u00f4mes sont en effet, pour les fabricants, un moyen d\u2019attirer les jeunes consommateurs plus qu\u2019ils ne correspondent aux attentes des fumeurs souhaitant arr\u00eater de fumer.<\/p>\n<p style=\"text-align: justify;\">L\u2019autre mesure consiste en un doublement des taxes sur les sachets de nicotine, ce qui devrait conduire \u00e0 nette augmentation de leur prix et situer celui-ci au niveau des paquets de cigarettes.<\/p>\n<p style=\"text-align: justify;\">Aussi appel\u00e9s \u00ab nicotine pouches \u00bb en anglais, les sachets de nicotine sont souvent confondus avec les snus &#8211; des sachets de tabac dont la pr\u00e9sentation et le mode de consommation sont similaires. Ces sachets de nicotine se placent en effet entre la gencive et la l\u00e8vre, et d\u00e9livrent d\u2019importants dosages de sels de nicotine.<\/p>\n<h2 style=\"text-align: justify;\"><strong>Restriction des ventes d\u2019alcool aux mineurs <\/strong><\/h2>\n<p style=\"text-align: justify;\">En parall\u00e8le, la ministre a annonc\u00e9 une interdiction de vendre aux jeunes de 16 \u00e0 18 ans des boissons titrant \u00e0 plus de 6 % d\u2019alcool. Auparavant, la limitation d\u2019achat concernait les boissons titrant \u00e0 plus de 16,5 % d\u2019alcool. A 15 ans, au Danemark, les filles sont 22 % et les gar\u00e7ons 27 % \u00e0 boire de l\u2019alcool de fa\u00e7on hebdomadaire. Une \u00e9tude de 2019 avait \u00e9galement indiqu\u00e9 que 40 % des jeunes Danois de 15-16 ans connaissent au moins une ivresse par mois, contre 13 % en moyenne pour le reste de l\u2019Union Europ\u00e9enne.<\/p>\n<h2 style=\"text-align: justify;\"><strong>Des mesures en demi-teinte<\/strong><\/h2>\n<p style=\"text-align: justify;\">Bien qu\u2019indispensables, ces mesures apparaissent relativement timides. L\u2019interdiction de vendre des boissons \u00e0 plus de 6 % d\u2019alcool permet de continuer de vendre la plupart des bi\u00e8res, dont les pays nordiques sont friands. Bien que moins attractifs, les sachets de nicotine resteront ainsi en vente libre, tout comme d\u2019autres nouveaux produits de la nicotine.<\/p>\n<p style=\"text-align: justify;\">L\u2019augmentation des taxes sur les sachets de nicotine devrait porter aupr\u00e8s des mineurs, mais ne touchera pas les snus, qui font l\u2019objet d\u2019achats transfrontaliers et sont vendus ill\u00e9galement en ligne. Apr\u00e8s un rappel \u00e0 l\u2019ordre en 2012, la Commission Europ\u00e9enne avait poursuivi le Danemark en 2014 pour avoir perp\u00e9tu\u00e9 la vente de snus sur son territoire, malgr\u00e9 l\u2019interdiction de vente de ces produits dans l\u2019Union Europ\u00e9enne (avec une exception pour la Su\u00e8de). Condamn\u00e9 en 2015 par la Cour de justice europ\u00e9enne, le Danemark en a finalement interdit la vente<a href=\"#_ftn2\" name=\"_ftnref2\">[2]<\/a>. Le terme \u00ab snus \u00bb a par la suite \u00e9t\u00e9 employ\u00e9 dans ce pays, notamment par les jeunes, pour d\u00e9signer les sachets de nicotine qui avaient pris le relais de ce march\u00e9, ce qui complexifie l\u2019identification des produits r\u00e9ellement utilis\u00e9s<a href=\"#_ftn3\" name=\"_ftnref3\">[3]<\/a>. Au Danemark, la consommation de produits oraux du tabac et de la nicotine est pass\u00e9e de 2 % en 2010 \u00e0 11,4 % en 2021.<\/p>\n<p style=\"text-align: justify;\">De leur c\u00f4t\u00e9, les Pays-Bas envisagent non seulement d\u2019interdire la vente des sachets de nicotine, comme l\u2019a d\u00e9j\u00e0 fait la Belgique, mais aussi d\u2019interdire les ar\u00f4mes dans toutes les cigarettes \u00e9lectroniques. En France, apr\u00e8s l\u2019annonce de l\u2019interdiction prochaine des cigarettes \u00e9lectroniques jetables (\u00ab puffs \u00bb), l\u2019Alliance contre le tabac (ACT) et le Comit\u00e9 national contre le tabagisme (CNCT) r\u00e9clament \u00e9galement l\u2019interdiction des sachets de nicotine et des perles de nicotine<a href=\"#_ftn4\" name=\"_ftnref4\">[4]<\/a>.<\/p>\n<p style=\"text-align: justify;\"><strong>Mots-cl\u00e9s : Danemark, sachets de nicotine, interdiction des ar\u00f4mes, taxation<\/strong><\/p>\n<p style=\"text-align: justify;\"><strong><a href=\"https:\/\/www.generationsanstabac.org\/\">\u00a9G\u00e9n\u00e9ration Sans Tabac<\/a><\/strong><\/p>\n<p style=\"text-align: right;\"><b><i>MF<\/i><\/b><\/p>\n<hr \/>\n<p style=\"text-align: justify;\"><a href=\"#_ftnref1\" name=\"_ftn1\">[1]<\/a> Zylm W, <a href=\"https:\/\/bnn.network\/breaking-news\/health\/denmark-raises-alcohol-purchase-age-amid-youth-drinking-concerns\/\"><em>Denmark Raises Alcohol Purchase Age Amid Youth Drinking Concerns<\/em><\/a>, BNN Network, publi\u00e9 le 14 novembre 2023, consult\u00e9 le 16 novembre 2023.<\/p>\n<p style=\"text-align: justify;\"><a href=\"#_ftnref2\" name=\"_ftn2\">[2]<\/a> <a href=\"https:\/\/www.thelocal.dk\/20150717\/european-court-rules-against-denmark-in-snus-case\"><em>Denmark loses snus case in European court<\/em><\/a>, The Local, publi\u00e9 le 17 juillet 2015, consult\u00e9 le 17 novembre 2023.<\/p>\n<p style=\"text-align: justify;\"><a href=\"#_ftnref3\" name=\"_ftn3\">[3]<\/a> Vibjerg H, <a href=\"http:\/\/www.tobaccopreventioncessation.com\/Youth-and-the-Use-of-Nicotine-Products,162727,0,2.html\"><em>Youth and the Use of Nicotine Products<\/em><\/a>, Tob. Prev. Cessation 2023;9(Supplement):A89 DOI: 10.18332\/tpc\/162727.<\/p>\n<p style=\"text-align: justify;\"><a href=\"#_ftnref4\" name=\"_ftn4\">[4]<\/a> <a href=\"https:\/\/cnct.fr\/communiques\/cnct-appelle-reglementer-ensemble-produits-commerciaux-nicotine\/\"><em>Le CNCT appelle \u00e0 r\u00e9glementer l\u2019ensemble des produits commerciaux de la nicotine et \u00e0 en limiter le nombre<\/em><\/a>, CNCT, publi\u00e9 le 14 novembre 2023, consult\u00e9 le 16 novembre 2023.<\/p>\n<p><strong><a href=\"http:\/\/www.cnct.fr\/\" target=\"_blank\" rel=\"noopener noreferrer\">Comit\u00e9 national contre le tabagisme |<\/a><\/strong><\/p>\n","protected":false},"excerpt":{"rendered":"<p>A bill aimed at protecting young people plans to limit the attractiveness of nicotine products and to ban the sale of highly alcoholic beverages to minors. Nicotine pouches are particularly affected, with a ban on flavors and an increase in taxes.<\/p>","protected":false},"featured_media":11825,"template":"","tags":[],"thematique":[502],"class_list":["post-21259","actualites","type-actualites","status-publish","has-post-thumbnail","hentry","thematique-justice"],"acf":[],"_links":{"self":[{"href":"https:\/\/www.generationsanstabac.org\/en\/wp-json\/wp\/v2\/actualites\/21259","targetHints":{"allow":["GET"]}}],"collection":[{"href":"https:\/\/www.generationsanstabac.org\/en\/wp-json\/wp\/v2\/actualites"}],"about":[{"href":"https:\/\/www.generationsanstabac.org\/en\/wp-json\/wp\/v2\/types\/actualites"}],"version-history":[{"count":0,"href":"https:\/\/www.generationsanstabac.org\/en\/wp-json\/wp\/v2\/actualites\/21259\/revisions"}],"wp:featuredmedia":[{"embeddable":true,"href":"https:\/\/www.generationsanstabac.org\/en\/wp-json\/wp\/v2\/media\/11825"}],"wp:attachment":[{"href":"https:\/\/www.generationsanstabac.org\/en\/wp-json\/wp\/v2\/media?parent=21259"}],"wp:term":[{"taxonomy":"post_tag","embeddable":true,"href":"https:\/\/www.generationsanstabac.org\/en\/wp-json\/wp\/v2\/tags?post=21259"},{"taxonomy":"thematique","embeddable":true,"href":"https:\/\/www.generationsanstabac.org\/en\/wp-json\/wp\/v2\/thematique?post=21259"}],"curies":[{"name":"wp","href":"https:\/\/api.w.org\/{rel}","templated":true}]}}