{"id":21247,"date":"2023-11-07T09:03:19","date_gmt":"2023-11-07T08:03:19","guid":{"rendered":"https:\/\/www.generationsanstabac.org\/actualites\/suisse-la-consommation-de-tabac-stagne-celle-des-nouveaux-produits-explose\/"},"modified":"2023-11-07T09:03:19","modified_gmt":"2023-11-07T08:03:19","slug":"suisse-la-consommation-de-tabac-stagne-celle-des-nouveaux-produits-explose","status":"publish","type":"actualites","link":"https:\/\/www.generationsanstabac.org\/en\/actualites\/suisse-la-consommation-de-tabac-stagne-celle-des-nouveaux-produits-explose\/","title":{"rendered":"Switzerland: Tobacco consumption stagnates, consumption of new products explodes"},"content":{"rendered":"<p style=\"text-align: justify;\"><em>En Suisse, la pr\u00e9valence tabagique se maintient \u00e0 un niveau \u00e9lev\u00e9 (24%), selon les chiffres de l\u2019Enqu\u00eate suisse sur la sant\u00e9 (ESS). Pour Luciano Ruggia, directeur de l\u2019Association suisse pour la pr\u00e9vention du tabagisme, l\u2019incapacit\u00e9 des pouvoirs publics \u00e0 endiguer l\u2019\u00e9pid\u00e9mie tabagique dans le pays s\u2019explique par le lobby pro-tabac<a href=\"#_ftn1\" name=\"_ftnref1\"><strong>[1]<\/strong><\/a>. <\/em><\/p>\n<p style=\"text-align: justify;\">Selon l\u2019Enqu\u00eate suisse sur la sant\u00e9, un quart de la population \u00e2g\u00e9e de plus de 15 ans est fumeuse, et cette proportion atteint m\u00eame 26% aupr\u00e8s des 15-24 ans. Comme le souligne l\u2019Association suisse pour la pr\u00e9vention du tabagisme, cette situation peut \u00eatre compar\u00e9e avec celle de la France, o\u00f9 la mise en place d\u2019un ensemble de dispositifs de sant\u00e9 publique a permis en cinq ans de r\u00e9duire de neufs points la pr\u00e9valence tabagique quotidienne chez les adolescents de 17 ans, s\u2019\u00e9tablissant d\u00e9sormais \u00e0 16%. Compte tenu de la croissance d\u00e9mographique, le nombre absolu de fumeurs et de fumeuses en Suisse continue donc de cro\u00eetre, et avec lui les co\u00fbts sanitaires, sociaux, fiscaux et environnementaux associ\u00e9s au tabagisme.<\/p>\n<h2 style=\"text-align: justify;\"><strong>Tabac chauff\u00e9, snus, puffs, la consommation explose aupr\u00e8s des adolescents<\/strong><\/h2>\n<p style=\"text-align: justify;\">En parall\u00e8le, une \u00e9tude nationale de 2022 men\u00e9e par la Health Behaviour in School-aged-Children (HBSC) aupr\u00e8s de 10 000 \u00e9coliers Suisses montre une augmentation tr\u00e8s nette de la consommation des nouveaux produits du tabac et de la nicotine au sein de cette population. En effet, \u00e0 15 ans, 4% des gar\u00e7ons et 3% des filles avaient consomm\u00e9 du tabac \u00e0 chauffer dans les trente jours pr\u00e9c\u00e9dant l\u2019enqu\u00eate, soit trois fois plus qu\u2019en 2018. La consommation de snus a \u00e9galement fortement augment\u00e9, puisque 13% des gar\u00e7ons ont indiqu\u00e9 en avoir consomm\u00e9 dans les 30 derniers jours, soit deux fois plus qu\u2019en 2018. Chez les filles, la proportion est pass\u00e9e de 1% \u00e0 6%. La consommation de cigarettes \u00e9lectroniques est enfin pr\u00e9occupante, d\u2019autant qu\u2019elle est r\u00e9guli\u00e8rement r\u00e9alis\u00e9e en parall\u00e8le d\u2019une consommation tabagique classique. Ainsi, 12% des adolescents de 15 ans avaient pratiqu\u00e9 le vapofumage. Comme le rappelle l\u2019Association suisse pour la pr\u00e9vention du tabagisme, cette hausse de l\u2019augmentation de la consommation de ces nouveaux produits est \u00e0 mettre en relation avec l\u2019\u00e9volution de ventes des cigarettes \u00e9lectroniques jetables (Puffs). Selon les donn\u00e9es commerciales, ces ventes pourraient avoir augment\u00e9 de 2200% pour la seule ann\u00e9e 2022.<\/p>\n<h2 style=\"text-align: justify;\"><strong>Un co\u00fbt sanitaire amen\u00e9 \u00e0 augmenter en Suisse pour ces prochaines ann\u00e9es<\/strong><\/h2>\n<p style=\"text-align: justify;\">Alors que le nombre absolu de fumeurs continue d\u2019augmenter en Suisse, les co\u00fbts associ\u00e9s au tabagisme devraient \u00e9galement s\u2019alourdir. En Suisse, le tabagisme est \u00e0 l\u2019origine d\u2019environ 9500 morts par an, soit 14% de l\u2019ensemble des d\u00e9c\u00e8s<a href=\"#_ftn2\" name=\"_ftnref2\">[2]<\/a>. En 2017, une \u00e9tude mandat\u00e9e par l\u2019Office f\u00e9d\u00e9ral de sant\u00e9 publique estimait que les co\u00fbts de sant\u00e9 associ\u00e9s au tabagisme s\u2019\u00e9levaient \u00e0 3 milliards de francs suisses par an, soit plus de la moiti\u00e9 des co\u00fbts sanitaires li\u00e9s aux addictions<a href=\"#_ftn3\" name=\"_ftnref3\">[3]<\/a>. Les co\u00fbts sanitaires associ\u00e9es au tabagisme, bien que sup\u00e9rieurs aux recettes fiscales li\u00e9es \u00e0 la vente de tabac, ne repr\u00e9sentent qu\u2019une fraction de l\u2019ensemble du co\u00fbt social du tabac. En France, ce co\u00fbt social net s\u2019\u00e9l\u00e8ve par exemple \u00e0 156 milliards d\u2019euros par an.<\/p>\n<p style=\"text-align: justify;\"><strong>Mots-cl\u00e9s : Suisse, pr\u00e9valence, lobby<\/strong><\/p>\n<p style=\"text-align: justify;\"><strong><a href=\"https:\/\/www.generationsanstabac.org\/\">\u00a9G\u00e9n\u00e9ration Sans Tabac<\/a><\/strong><\/p>\n<p style=\"text-align: right;\"><b><i>FT<\/i><\/b><\/p>\n<hr \/>\n<p style=\"text-align: justify;\"><a href=\"#_ftnref1\" name=\"_ftn1\">[1]<\/a> Association suisse pour la pr\u00e9vention du tabagisme, <a href=\"https:\/\/www.at-schweiz.ch\/fr\/news-media\/news?id=218&amp;Enqute-suisse-sur-la-sant-un-quart-de-la-population-fume-encore-Les-nouveaux-produits-base-de-nicotine-se-multiplient\">Enqu\u00eate suisse sur la sant\u00e9 : un quart de la population fume encore. Les nouveaux produits \u00e0 base de nicotine se multiplient<\/a>. 03\/11\/2023, (consult\u00e9 le 06\/11\/2023)<\/p>\n<p style=\"text-align: justify;\"><a href=\"#_ftnref2\" name=\"_ftn2\">[2]<\/a> Association suisse pour la pr\u00e9vention du tabagisme, <a href=\"https:\/\/www.at-schweiz.ch\/fr\/connaissances\/donnees-et-chiffres\/mortalite-et-morbidite\">Mortalit\u00e9 et morbidit\u00e9 li\u00e9es au tabagisme<\/a>, 07\/2022, (consult\u00e9 le 06\/11\/2023)<\/p>\n<p style=\"text-align: justify;\"><a href=\"#_ftnref3\" name=\"_ftn3\">[3]<\/a> Polynomics, <a href=\"https:\/\/www.aramis.admin.ch\/Default?DocumentID=69976&amp;Load=true\">Volkswirtschaftliche Kosten von Sucht<\/a>, 2021, (consult\u00e9 le 06\/11\/2023)<\/p>\n<p><strong><a href=\"http:\/\/www.cnct.fr\/\" target=\"_blank\" rel=\"noopener noreferrer\">Comit\u00e9 national contre le tabagisme |<\/a><\/strong><\/p>\n","protected":false},"excerpt":{"rendered":"<p>En Suisse, la pr\u00e9valence tabagique se maintient \u00e0 un niveau \u00e9lev\u00e9 (24%), selon les chiffres de l\u2019Enqu\u00eate suisse sur la sant\u00e9 (ESS). Pour Luciano Ruggia, directeur de l\u2019Association suisse pour la pr\u00e9vention du tabagisme, l\u2019incapacit\u00e9 des pouvoirs publics \u00e0 endiguer l\u2019\u00e9pid\u00e9mie tabagique dans le pays s\u2019explique par le lobby pro-tabac[1]. Selon l\u2019Enqu\u00eate suisse sur la [&hellip;]<\/p>\n","protected":false},"featured_media":11808,"template":"","tags":[],"thematique":[499,474],"class_list":["post-21247","actualites","type-actualites","status-publish","has-post-thumbnail","hentry","thematique-lobby","thematique-sante"],"acf":[],"_links":{"self":[{"href":"https:\/\/www.generationsanstabac.org\/en\/wp-json\/wp\/v2\/actualites\/21247","targetHints":{"allow":["GET"]}}],"collection":[{"href":"https:\/\/www.generationsanstabac.org\/en\/wp-json\/wp\/v2\/actualites"}],"about":[{"href":"https:\/\/www.generationsanstabac.org\/en\/wp-json\/wp\/v2\/types\/actualites"}],"version-history":[{"count":0,"href":"https:\/\/www.generationsanstabac.org\/en\/wp-json\/wp\/v2\/actualites\/21247\/revisions"}],"wp:featuredmedia":[{"embeddable":true,"href":"https:\/\/www.generationsanstabac.org\/en\/wp-json\/wp\/v2\/media\/11808"}],"wp:attachment":[{"href":"https:\/\/www.generationsanstabac.org\/en\/wp-json\/wp\/v2\/media?parent=21247"}],"wp:term":[{"taxonomy":"post_tag","embeddable":true,"href":"https:\/\/www.generationsanstabac.org\/en\/wp-json\/wp\/v2\/tags?post=21247"},{"taxonomy":"thematique","embeddable":true,"href":"https:\/\/www.generationsanstabac.org\/en\/wp-json\/wp\/v2\/thematique?post=21247"}],"curies":[{"name":"wp","href":"https:\/\/api.w.org\/{rel}","templated":true}]}}