{"id":21246,"date":"2023-11-09T09:00:12","date_gmt":"2023-11-09T08:00:12","guid":{"rendered":"https:\/\/www.generationsanstabac.org\/actualites\/gambie-formation-de-juristes-et-de-policiers-a-la-lutte-contre-le-tabagisme\/"},"modified":"2025-01-16T15:44:10","modified_gmt":"2025-01-16T14:44:10","slug":"gambie-formation-de-juristes-et-de-policiers-a-la-lutte-contre-le-tabagisme","status":"publish","type":"actualites","link":"https:\/\/www.generationsanstabac.org\/en\/actualites\/gambie-formation-de-juristes-et-de-policiers-a-la-lutte-contre-le-tabagisme\/","title":{"rendered":"Gambia: Training of lawyers and police officers in the fight against smoking"},"content":{"rendered":"<p style=\"text-align: justify\"><em>Apr\u00e8s \u00eatre intervenue sur la taxation des produits du tabac, l\u2019Organisation Mondiale de la Sante a particip\u00e9 \u00e0 une nouvelle formation en Gambie. Celle-ci visait \u00e0 familiariser des officiers de police et des juristes avec la l\u00e9gislation antitabac et son application.<\/em><\/p>\n<p style=\"text-align: justify\"><em>\u00ab Vous contribuez davantage aux questions de sant\u00e9 que le secteur de la sant\u00e9. \u00bb<\/em> C\u2019est par ces mots que Momodou Gassama, sp\u00e9cialiste en promotion de la sant\u00e9 de l\u2019Organisation Mondiale de la Sant\u00e9 (OMS), a ouvert la formation qui s\u2019est d\u00e9roul\u00e9e \u00e0 Tendaba Camp, en Gambie. <em>\u00ab Mis ensemble, tous les autres secteurs contribuent \u00e0 55 % des questions de sant\u00e9. Le secteur de la sant\u00e9 \u00e0 lui seul n\u2019y contribue qu\u2019\u00e0 45 %. \u00bb<\/em><\/p>\n<p style=\"text-align: justify\">Il intervenait au cours de la formation mise en place par le minist\u00e8re de la Sant\u00e9 gambien, avec l\u2019appui de l\u2019OMS. Destin\u00e9e aux juristes et aux officiers de police, cette formation avait pour but de les sensibiliser aux enjeux de la lutte antitabac et \u00e0 la n\u00e9cessit\u00e9 de faire respecter la r\u00e9glementation<a href=\"#_ftn1\" name=\"_ftnref1\">[1]<\/a>.<\/p>\n<h2 style=\"text-align: justify\"><strong>Renforcement de l\u2019application des lois antitabac <\/strong><\/h2>\n<p style=\"text-align: justify\">Du 1<sup>er<\/sup> au 3 novembre 2023, des policiers et des juristes ont ainsi \u00e9t\u00e9 form\u00e9s aux enjeux des dispositions de la lutte contre le tabagisme. Ils ont notamment \u00e9t\u00e9 sensibilis\u00e9s au co\u00fbt sanitaire, humain et financier du tabagisme, qui renforce l\u2019enjeu de leur implication \u00e0 faire appliquer les textes en vigueur. Ils se sont vu expliquer les diff\u00e9rentes dispositions, lois et les r\u00e9glementations, aux niveaux national, r\u00e9gional et international. Leurs comp\u00e9tences pour mieux faire appliquer les textes en ont \u00e9t\u00e9 renforc\u00e9es. Ils ont \u00e9galement \u00e9t\u00e9 invit\u00e9s \u00e0 d\u00e9velopper des coop\u00e9rations entre professionnels de la loi et acteurs de sant\u00e9 publique, afin d\u2019unir leurs efforts dans la lutte contre le tabagisme.<\/p>\n<h2 style=\"text-align: justify\"><strong>Deux pr\u00e9c\u00e9dentes formations sur la politique fiscale<\/strong><\/h2>\n<p style=\"text-align: justify\">La Gambie avait d\u00e9j\u00e0 b\u00e9n\u00e9fici\u00e9, en 2012 et en 2018, de deux autres formations de trois jours, engag\u00e9es sous l\u2019\u00e9gide de l\u2019OMS<a href=\"#_ftn2\" name=\"_ftnref2\">[2]<\/a>. La premi\u00e8re s\u2019\u00e9tait adress\u00e9e \u00e0 une \u00e9quipe du minist\u00e8re des Finances, en vue de r\u00e9viser la politique fiscale des produits du tabac. Elle avait notamment permis d\u2019augmenter les recettes fiscales en passant d\u2019un syst\u00e8me de taxation au poids \u00e0 un syst\u00e8me de taxation par type de paquet de cigarettes. La deuxi\u00e8me rassemblait des membres du minist\u00e8re de la Sant\u00e9 et de celui des Finances, et renfor\u00e7ait l\u2019articulation entre politique de sant\u00e9 et fiscalit\u00e9 du tabac. Elle d\u00e9taillait comment mettre en place une taxation annuelle par paquet sur quatre ans, et y adjoindre une taxe sp\u00e9cifique afin de financer la lutte contre le tabagisme et la pr\u00e9vention des maladies non transmissibles.<\/p>\n<p style=\"text-align: justify\">L\u2019importance accord\u00e9e au <a href=\"https:\/\/www.generationsanstabac.org\/actualites\/cout-economique-du-tabagisme-estime-1400-milliards-dans-le-monde\/\">volet fiscal<\/a> a conduit \u00e0 augmenter significativement le prix des cigarettes, qui \u00e9tait l\u2019un des plus bas d\u2019Afrique. Elle a permis \u00e0 la Gambie de multiplier par trois ses revenus li\u00e9s aux taxes sur le tabac entre 2011 et 2018, tout en r\u00e9duisant la pr\u00e9valence tabagique. En parall\u00e8le, sur cette p\u00e9riode, les importations de tabac ont \u00e9t\u00e9 r\u00e9duites de 60 %, limitant ainsi le d\u00e9ficit de la balance commerciale. Il a aussi pu \u00eatre observ\u00e9 une relative baisse des ventes de cigarettes <a href=\"https:\/\/www.generationsanstabac.org\/actualites\/le-prix-des-cigarettes-vendues-a-lunite-varie-fortement-selon-les-types-daugmentations-de-taxes-sur-le-tabac\/\">\u00e0 l\u2019unit\u00e9<\/a>.<\/p>\n<h2 style=\"text-align: justify\"><strong>Un pays encore fortement consommateur de tabac<\/strong><\/h2>\n<p style=\"text-align: justify\">Avec une pr\u00e9valence tabagique globale de 13 % en 2019, dont 25,4 % chez les hommes et 0,7 % chez les femmes, contre 6 % au S\u00e9n\u00e9gal voisin et 8,5 % en C\u00f4te d\u2019Ivoire, la Gambie est l\u2019un des pays les plus fumeurs parmi ceux d\u2019Afrique sub-saharienne. Elle a ratifi\u00e9 la Convention-cadre de l\u2019OMS pour la lutte antitabac (CCLAT) en 2007 et le Protocole pour \u00e9liminer le commerce illicite de tabac en 2017. Elle a renforc\u00e9 sa lutte contre le commerce illicite en f\u00e9vrier 2023 en signant un partenariat avec l\u2019entreprise suisse SICPA SA, afin de mieux contr\u00f4ler la circulation des produits import\u00e9s sur son territoire<a href=\"#_ftn3\" name=\"_ftnref3\">[3]<\/a>. Sa l\u00e9gislation de lutte contre le tabagisme, \u00ab Tobacco Control Act \u00bb, datant de 2016, doit \u00eatre prochainement r\u00e9vis\u00e9e, comme l\u2019ensemble des r\u00e9glementations sur les produits du tabac.<\/p>\n<p style=\"text-align: justify\"><strong>Mots-cl\u00e9s : Gambie, OMS, formation, taxation, r\u00e9glementation<\/strong><\/p>\n<p style=\"text-align: justify\"><strong><a href=\"https:\/\/www.generationsanstabac.org\/\">\u00a9G\u00e9n\u00e9ration Sans Tabac<\/a><\/strong><\/p>\n<p style=\"text-align: right\"><b><i>MF<\/i><\/b><\/p>\n<hr \/>\n<p><a href=\"#_ftnref1\" name=\"_ftn1\">[1]<\/a> Janko S, <a href=\"https:\/\/thepoint.gm\/africa\/gambia\/national-news\/moh-who-train-legal-practitioners-police-on-tobacco-control-act\"><em>MOH, WHO train legal practitioners, police on Tobacco Control Act<\/em><\/a>, The Point, publi\u00e9 le 2 novembre 2023, consult\u00e9 le 3 novembre 2023.<\/p>\n<p><a href=\"#_ftnref2\" name=\"_ftn2\">[2]<\/a> <a href=\"https:\/\/www.afro.who.int\/news\/who-supports-gambia-strengthen-tobacco-taxation\"><em>WHO supports Gambia to strengthen tobacco taxation<\/em><\/a>, OMS, publi\u00e9 le 2 d\u00e9cembre 2018, consult\u00e9 le 3 novembre 2023.<\/p>\n<p><a href=\"#_ftnref3\" name=\"_ftn3\">[3]<\/a> Jallow M, Conteh F, <a href=\"https:\/\/foroyaa.net\/gambia-signs-agreement-with-sicpa-to-boost-revenue\/\"><em>Gambia Signs Agreement with SICPA To Boost Revenue<\/em><\/a>, Foroya, publi\u00e9 le 27 f\u00e9vrier 2023, consult\u00e9 le 3 novembre 2023.<\/p>\n<p><strong><a href=\"http:\/\/www.cnct.fr\/\" target=\"_blank\" rel=\"noopener noreferrer\">Comit\u00e9 national contre le tabagisme |<\/a><\/strong><\/p>\n","protected":false},"excerpt":{"rendered":"<p>After intervening on the taxation of tobacco products, the World Health Organization participated in a new training in Gambia. This aimed to familiarize police officers and lawyers with anti-smoking legislation and its application.<\/p>","protected":false},"featured_media":11806,"template":"","tags":[],"thematique":[502,491,565],"class_list":["post-21246","actualites","type-actualites","status-publish","has-post-thumbnail","hentry","thematique-justice","thematique-politiques-publiques","thematique-sensibilisation"],"acf":[],"_links":{"self":[{"href":"https:\/\/www.generationsanstabac.org\/en\/wp-json\/wp\/v2\/actualites\/21246","targetHints":{"allow":["GET"]}}],"collection":[{"href":"https:\/\/www.generationsanstabac.org\/en\/wp-json\/wp\/v2\/actualites"}],"about":[{"href":"https:\/\/www.generationsanstabac.org\/en\/wp-json\/wp\/v2\/types\/actualites"}],"version-history":[{"count":0,"href":"https:\/\/www.generationsanstabac.org\/en\/wp-json\/wp\/v2\/actualites\/21246\/revisions"}],"wp:featuredmedia":[{"embeddable":true,"href":"https:\/\/www.generationsanstabac.org\/en\/wp-json\/wp\/v2\/media\/11806"}],"wp:attachment":[{"href":"https:\/\/www.generationsanstabac.org\/en\/wp-json\/wp\/v2\/media?parent=21246"}],"wp:term":[{"taxonomy":"post_tag","embeddable":true,"href":"https:\/\/www.generationsanstabac.org\/en\/wp-json\/wp\/v2\/tags?post=21246"},{"taxonomy":"thematique","embeddable":true,"href":"https:\/\/www.generationsanstabac.org\/en\/wp-json\/wp\/v2\/thematique?post=21246"}],"curies":[{"name":"wp","href":"https:\/\/api.w.org\/{rel}","templated":true}]}}